{"id":65565,"date":"2024-05-31T15:15:56","date_gmt":"2024-05-31T18:15:56","guid":{"rendered":"https:\/\/blogopara.com.br\/?p=65565"},"modified":"2024-05-31T15:53:22","modified_gmt":"2024-05-31T18:53:22","slug":"assessoria-de-isaac-carvalho-reafirma-que-papai-noel-existe-e-mora-no-kide","status":"publish","type":"post","link":"https:\/\/blogopara.com.br\/index.php\/2024\/05\/31\/assessoria-de-isaac-carvalho-reafirma-que-papai-noel-existe-e-mora-no-kide","title":{"rendered":"Assessoria de Isaac Carvalho reafirma que papai noel existe e mora no Kid\u00e9"},"content":{"rendered":"<p style=\"text-align: justify;\">&#8220;Uma mentira dita mil vezes torna-se verdade&#8221;. Essa c\u00e9lebre frase de Joseph Goebbels, ministro da propaganda na Alemanha Nazista, permite refletir acerca do papel da assessoria de comunica\u00e7\u00e3o do ex-prefeito Isaac Carvalho, diante das provas irrefut\u00e1veis da ineligibilidade do ex-prefeito.<\/p>\n<p style=\"text-align: justify;\">A princ\u00edpio parece ser um jornalista sem experi\u00eancia com o mundo pol\u00edtico, mas aos poucos e diante de tantas insist\u00eancias com o informa\u00e7\u00f5es distorcidas ou fora do contexto, n\u00e3o resta a menor d\u00favida: trata-se de um ex-aluno de Joseph Goebbels.<\/p>\n<p style=\"text-align: justify;\">Recentemete v\u00e1rios blogs e sites de not\u00edcia da capital e a Rede GN, publicaram uma a\u00e7\u00e3o do Minist\u00e9rio P\u00fablico da Bahia, requerendo a manuten\u00e7\u00e3o da ineligibilidade de Isaac Carvalho, mas assessoria do ex-prefeito refutou todas como fake news: \u201c<em>O desespero dos advers\u00e1rios est\u00e1 produzindo \u201cf\u00e1brica de fake News\u201d contra Isaac Carvalho (PT), que est\u00e1 eleg\u00edvel e ter\u00e1 uma vit\u00f3ria hist\u00f3rica em Juazeiro&#8221;.<\/em><\/p>\n<p style=\"text-align: justify;\">Fake news n\u00e3o seria a informa\u00e7\u00e3o de que Isaac Carvalho est\u00e1 eleg\u00edvel?<\/p>\n<p style=\"text-align: justify;\">Confira as mat\u00e9rias:<\/p>\n<p style=\"text-align: justify;\"><a href=\"https:\/\/tvaratu.com.br\/videos\/2024-05-30\/mp-opina-por-manter-prisao-de-isaac-carvalho-e-ex-prefeito-de-juazeiro-deve-continuar-inelegivel\/\">MP opina por manter pris\u00e3o de Isaac Carvalho e ex prefeito de Juazeiro deve continuar ineleg\u00edvel<\/a>\u00a0(TV Aratu)<\/p>\n<p style=\"text-align: justify;\"><a href=\"https:\/\/informebaiano.com.br\/390442\/politica\/inelegivel-mp-opina-por-manter-condenacao-de-isaac-carvalho-e-ex-prefeito-tera-que-devolver-quase-r1-milhao\">INELEG\u00cdVEL: MP opina por manter condena\u00e7\u00e3o de Isaac Carvalho e ex-prefeito ter\u00e1 que devolver quase R$1 milh\u00e3o<\/a>\u00a0(Informe Baiano)<\/p>\n<p style=\"text-align: justify;\"><a href=\"https:\/\/www.redegn.com.br\/?sessao=noticia&amp;cod_noticia=192557\" target=\"_blank\" rel=\"noopener\"><strong>Minist\u00e9rio P\u00fablico da Bahia contesta a\u00e7\u00e3o de nulidade proposta pelo ex-prefeito de Juazeiro Isaac Carvalho (PT)\u00a0 <\/strong><\/a>(RedeGN)<\/p>\n","protected":false},"excerpt":{"rendered":"<p>&#8220;Uma mentira dita mil vezes torna-se verdade&#8221;. Essa c\u00e9lebre frase de Joseph Goebbels, ministro da propaganda na Alemanha Nazista, permite refletir acerca do papel da assessoria de comunica\u00e7\u00e3o do ex-prefeito Isaac Carvalho, diante das provas irrefut\u00e1veis da ineligibilidade do ex-prefeito. A princ\u00edpio parece ser um jornalista sem experi\u00eancia com o mundo pol\u00edtico, mas aos poucos [&hellip;]<\/p>\n","protected":false},"author":1,"featured_media":40763,"comment_status":"open","ping_status":"open","sticky":false,"template":"","format":"standard","meta":{"_uag_custom_page_level_css":"","_monsterinsights_skip_tracking":false,"_monsterinsights_sitenote_active":false,"_monsterinsights_sitenote_note":"","_monsterinsights_sitenote_category":0,"jetpack_post_was_ever_published":false,"_jetpack_newsletter_access":"","_jetpack_dont_email_post_to_subs":false,"_jetpack_newsletter_tier_id":0,"_jetpack_memberships_contains_paywalled_content":false,"_jetpack_memberships_contains_paid_content":false,"footnotes":"","jetpack_publicize_message":"","jetpack_publicize_feature_enabled":true,"jetpack_social_post_already_shared":true,"jetpack_social_options":{"image_generator_settings":{"template":"highway","default_image_id":0,"font":"","enabled":false},"version":2}},"categories":[203],"tags":[959,37,11430,11071,764,1160,4425],"class_list":["post-65565","post","type-post","status-publish","format-standard","has-post-thumbnail","hentry","category-juazeiro","tag-ficha-suja","tag-isaac-carvalho","tag-prefeito-isaac-carvalho","tag-pt-de-juazeiro","tag-tcm","tag-tcu","tag-tse"],"jetpack_publicize_connections":[],"jetpack_featured_media_url":"https:\/\/blogopara.com.br\/wp-content\/uploads\/2022\/08\/isaac-carvalho-dedo-1-620x428-1.jpg","uagb_featured_image_src":{"full":["https:\/\/blogopara.com.br\/wp-content\/uploads\/2022\/08\/isaac-carvalho-dedo-1-620x428-1.jpg",500,345,false],"thumbnail":["https:\/\/blogopara.com.br\/wp-content\/uploads\/2022\/08\/isaac-carvalho-dedo-1-620x428-1-150x150.jpg",150,150,true],"medium":["https:\/\/blogopara.com.br\/wp-content\/uploads\/2022\/08\/isaac-carvalho-dedo-1-620x428-1-300x207.jpg",300,207,true],"medium_large":["https:\/\/blogopara.com.br\/wp-content\/uploads\/2022\/08\/isaac-carvalho-dedo-1-620x428-1.jpg",500,345,false],"large":["https:\/\/blogopara.com.br\/wp-content\/uploads\/2022\/08\/isaac-carvalho-dedo-1-620x428-1.jpg",500,345,false],"1536x1536":["https:\/\/blogopara.com.br\/wp-content\/uploads\/2022\/08\/isaac-carvalho-dedo-1-620x428-1.jpg",500,345,false],"2048x2048":["https:\/\/blogopara.com.br\/wp-content\/uploads\/2022\/08\/isaac-carvalho-dedo-1-620x428-1.jpg",500,345,false],"mantranews-slider-large":["https:\/\/blogopara.com.br\/wp-content\/uploads\/2022\/08\/isaac-carvalho-dedo-1-620x428-1.jpg",500,345,false],"mantranews-featured-medium":["https:\/\/blogopara.com.br\/wp-content\/uploads\/2022\/08\/isaac-carvalho-dedo-1-620x428-1-420x307.jpg",420,307,true],"mantranews-featured-long":["https:\/\/blogopara.com.br\/wp-content\/uploads\/2022\/08\/isaac-carvalho-dedo-1-620x428-1-300x345.jpg",300,345,true],"mantranews-block-medium":["https:\/\/blogopara.com.br\/wp-content\/uploads\/2022\/08\/isaac-carvalho-dedo-1-620x428-1-464x290.jpg",464,290,true],"mantranews-carousel-image":["https:\/\/blogopara.com.br\/wp-content\/uploads\/2022\/08\/isaac-carvalho-dedo-1-620x428-1.jpg",500,345,false],"mantranews-block-thumb":["https:\/\/blogopara.com.br\/wp-content\/uploads\/2022\/08\/isaac-carvalho-dedo-1-620x428-1-322x230.jpg",322,230,true],"mantranews-single-large":["https:\/\/blogopara.com.br\/wp-content\/uploads\/2022\/08\/isaac-carvalho-dedo-1-620x428-1.jpg",500,345,false]},"uagb_author_info":{"display_name":"Reda\u00e7\u00e3o geral","author_link":"https:\/\/blogopara.com.br\/index.php\/author\/blogopara"},"uagb_comment_info":0,"uagb_excerpt":"&#8220;Uma mentira dita mil vezes torna-se verdade&#8221;. Essa c\u00e9lebre frase de Joseph Goebbels, ministro da propaganda na Alemanha Nazista, permite refletir acerca do papel da assessoria de comunica\u00e7\u00e3o do ex-prefeito Isaac Carvalho, diante das provas irrefut\u00e1veis da ineligibilidade do ex-prefeito. A princ\u00edpio parece ser um jornalista sem experi\u00eancia com o mundo pol\u00edtico, mas aos poucos&hellip;","jetpack_sharing_enabled":true,"jetpack_likes_enabled":true,"_links":{"self":[{"href":"https:\/\/blogopara.com.br\/index.php\/wp-json\/wp\/v2\/posts\/65565","targetHints":{"allow":["GET"]}}],"collection":[{"href":"https:\/\/blogopara.com.br\/index.php\/wp-json\/wp\/v2\/posts"}],"about":[{"href":"https:\/\/blogopara.com.br\/index.php\/wp-json\/wp\/v2\/types\/post"}],"author":[{"embeddable":true,"href":"https:\/\/blogopara.com.br\/index.php\/wp-json\/wp\/v2\/users\/1"}],"replies":[{"embeddable":true,"href":"https:\/\/blogopara.com.br\/index.php\/wp-json\/wp\/v2\/comments?post=65565"}],"version-history":[{"count":5,"href":"https:\/\/blogopara.com.br\/index.php\/wp-json\/wp\/v2\/posts\/65565\/revisions"}],"predecessor-version":[{"id":65573,"href":"https:\/\/blogopara.com.br\/index.php\/wp-json\/wp\/v2\/posts\/65565\/revisions\/65573"}],"wp:featuredmedia":[{"embeddable":true,"href":"https:\/\/blogopara.com.br\/index.php\/wp-json\/wp\/v2\/media\/40763"}],"wp:attachment":[{"href":"https:\/\/blogopara.com.br\/index.php\/wp-json\/wp\/v2\/media?parent=65565"}],"wp:term":[{"taxonomy":"category","embeddable":true,"href":"https:\/\/blogopara.com.br\/index.php\/wp-json\/wp\/v2\/categories?post=65565"},{"taxonomy":"post_tag","embeddable":true,"href":"https:\/\/blogopara.com.br\/index.php\/wp-json\/wp\/v2\/tags?post=65565"}],"curies":[{"name":"wp","href":"https:\/\/api.w.org\/{rel}","templated":true}]}}