{"id":65591,"date":"2024-06-01T15:04:51","date_gmt":"2024-06-01T18:04:51","guid":{"rendered":"https:\/\/blogopara.com.br\/?p=65591"},"modified":"2024-06-01T15:04:54","modified_gmt":"2024-06-01T18:04:54","slug":"juazeiro-ze-carlos-medeiros-lanca-o-pensando-juazeiro","status":"publish","type":"post","link":"https:\/\/blogopara.com.br\/index.php\/2024\/06\/01\/juazeiro-ze-carlos-medeiros-lanca-o-pensando-juazeiro","title":{"rendered":"Juazeiro: Z\u00e9 Carlos Medeiros lan\u00e7a o &#8220;Pensando Juazeiro&#8221;"},"content":{"rendered":"<p style=\"text-align: justify;\">Juazeiro, extremo norte da Bahia, \u00e9 um dos maiores polos de atividades econ\u00f4micas e da riqueza, \u00e9 tamb\u00e9m lugar de maior potencial para a dinamiza\u00e7\u00e3o do crescimento econ\u00f4mico e do emprego, da competitividade e da inova\u00e7\u00e3o. N\u00e3o obstante, s\u00e3o simultaneamente, a cidade ainda sofre com complexos problemas ambientais e fen\u00f4menos de exclus\u00e3o e polariza\u00e7\u00e3o social, com consequ\u00eancias severas para a qualidade de vida dos seus cidad\u00e3os e para a coes\u00e3o do tecido social.<\/p>\n<p style=\"text-align: justify;\">Por isso, o suplente de vereador, o l\u00edder comunit\u00e1rio Z\u00e9 Carlos Medeiros, lan\u00e7ou o Projeto &#8220;Pensando Juazeiro&#8221;. A proposta do projeto \u00e9 ouvir a popula\u00e7\u00e3o atrav\u00e9s de plen\u00e1rias e reuni\u00f5es.<\/p>\n<p style=\"text-align: justify;\">A proposta \u00e9 ir tamb\u00e9m \u00e0s ruas ouvir os mun\u00edcipes em busca de ideias e sugest\u00f5es que sirvam como refer\u00eancia para as a\u00e7\u00f5es dos poderes Legislativo e Executivo!<\/p>\n<p style=\"text-align: justify;\">Para Z\u00e9 Carlos Medeiros, o projeto inovar porque colocar o cidad\u00e3o no centro das decis\u00f5es importantes do destino do munic\u00edpio, principalmente na constru\u00e7\u00e3o de pol\u00edticas p\u00fablicas. &#8220;Continuaremos realizando as abordagens de ruas semanalmente e seguiremos realizando as plen\u00e1rias e reuni\u00f5es, sempre levantando temas relevantes, objetivando melhorar a nossa Juazeiro e a vida dos nossos mun\u00edcipes!&#8221;, finalizou Z\u00e9 Carlos<\/p>\n","protected":false},"excerpt":{"rendered":"<p>Juazeiro, extremo norte da Bahia, \u00e9 um dos maiores polos de atividades econ\u00f4micas e da riqueza, \u00e9 tamb\u00e9m lugar de maior potencial para a dinamiza\u00e7\u00e3o do crescimento econ\u00f4mico e do emprego, da competitividade e da inova\u00e7\u00e3o. N\u00e3o obstante, s\u00e3o simultaneamente, a cidade ainda sofre com complexos problemas ambientais e fen\u00f4menos de exclus\u00e3o e polariza\u00e7\u00e3o social, [&hellip;]<\/p>\n","protected":false},"author":1,"featured_media":36413,"comment_status":"open","ping_status":"open","sticky":false,"template":"","format":"standard","meta":{"_uag_custom_page_level_css":"","_monsterinsights_skip_tracking":false,"_monsterinsights_sitenote_active":false,"_monsterinsights_sitenote_note":"","_monsterinsights_sitenote_category":0,"jetpack_post_was_ever_published":false,"_jetpack_newsletter_access":"","_jetpack_dont_email_post_to_subs":false,"_jetpack_newsletter_tier_id":0,"_jetpack_memberships_contains_paywalled_content":false,"_jetpack_memberships_contains_paid_content":false,"footnotes":"","jetpack_publicize_message":"","jetpack_publicize_feature_enabled":true,"jetpack_social_post_already_shared":true,"jetpack_social_options":{"image_generator_settings":{"template":"highway","default_image_id":0,"font":"","enabled":false},"version":2}},"categories":[203],"tags":[],"class_list":["post-65591","post","type-post","status-publish","format-standard","has-post-thumbnail","hentry","category-juazeiro"],"jetpack_publicize_connections":[],"jetpack_featured_media_url":"https:\/\/blogopara.com.br\/wp-content\/uploads\/2022\/04\/Ze-Carlos-Medeiros.jpg","uagb_featured_image_src":{"full":["https:\/\/blogopara.com.br\/wp-content\/uploads\/2022\/04\/Ze-Carlos-Medeiros.jpg",500,326,false],"thumbnail":["https:\/\/blogopara.com.br\/wp-content\/uploads\/2022\/04\/Ze-Carlos-Medeiros-150x150.jpg",150,150,true],"medium":["https:\/\/blogopara.com.br\/wp-content\/uploads\/2022\/04\/Ze-Carlos-Medeiros-300x196.jpg",300,196,true],"medium_large":["https:\/\/blogopara.com.br\/wp-content\/uploads\/2022\/04\/Ze-Carlos-Medeiros.jpg",500,326,false],"large":["https:\/\/blogopara.com.br\/wp-content\/uploads\/2022\/04\/Ze-Carlos-Medeiros.jpg",500,326,false],"1536x1536":["https:\/\/blogopara.com.br\/wp-content\/uploads\/2022\/04\/Ze-Carlos-Medeiros.jpg",500,326,false],"2048x2048":["https:\/\/blogopara.com.br\/wp-content\/uploads\/2022\/04\/Ze-Carlos-Medeiros.jpg",500,326,false],"mantranews-slider-large":["https:\/\/blogopara.com.br\/wp-content\/uploads\/2022\/04\/Ze-Carlos-Medeiros.jpg",500,326,false],"mantranews-featured-medium":["https:\/\/blogopara.com.br\/wp-content\/uploads\/2022\/04\/Ze-Carlos-Medeiros-420x307.jpg",420,307,true],"mantranews-featured-long":["https:\/\/blogopara.com.br\/wp-content\/uploads\/2022\/04\/Ze-Carlos-Medeiros-300x326.jpg",300,326,true],"mantranews-block-medium":["https:\/\/blogopara.com.br\/wp-content\/uploads\/2022\/04\/Ze-Carlos-Medeiros-464x290.jpg",464,290,true],"mantranews-carousel-image":["https:\/\/blogopara.com.br\/wp-content\/uploads\/2022\/04\/Ze-Carlos-Medeiros.jpg",500,326,false],"mantranews-block-thumb":["https:\/\/blogopara.com.br\/wp-content\/uploads\/2022\/04\/Ze-Carlos-Medeiros-322x230.jpg",322,230,true],"mantranews-single-large":["https:\/\/blogopara.com.br\/wp-content\/uploads\/2022\/04\/Ze-Carlos-Medeiros.jpg",500,326,false]},"uagb_author_info":{"display_name":"Reda\u00e7\u00e3o geral","author_link":"https:\/\/blogopara.com.br\/index.php\/author\/blogopara"},"uagb_comment_info":0,"uagb_excerpt":"Juazeiro, extremo norte da Bahia, \u00e9 um dos maiores polos de atividades econ\u00f4micas e da riqueza, \u00e9 tamb\u00e9m lugar de maior potencial para a dinamiza\u00e7\u00e3o do crescimento econ\u00f4mico e do emprego, da competitividade e da inova\u00e7\u00e3o. N\u00e3o obstante, s\u00e3o simultaneamente, a cidade ainda sofre com complexos problemas ambientais e fen\u00f4menos de exclus\u00e3o e polariza\u00e7\u00e3o social,&hellip;","jetpack_sharing_enabled":true,"jetpack_likes_enabled":true,"_links":{"self":[{"href":"https:\/\/blogopara.com.br\/index.php\/wp-json\/wp\/v2\/posts\/65591","targetHints":{"allow":["GET"]}}],"collection":[{"href":"https:\/\/blogopara.com.br\/index.php\/wp-json\/wp\/v2\/posts"}],"about":[{"href":"https:\/\/blogopara.com.br\/index.php\/wp-json\/wp\/v2\/types\/post"}],"author":[{"embeddable":true,"href":"https:\/\/blogopara.com.br\/index.php\/wp-json\/wp\/v2\/users\/1"}],"replies":[{"embeddable":true,"href":"https:\/\/blogopara.com.br\/index.php\/wp-json\/wp\/v2\/comments?post=65591"}],"version-history":[{"count":1,"href":"https:\/\/blogopara.com.br\/index.php\/wp-json\/wp\/v2\/posts\/65591\/revisions"}],"predecessor-version":[{"id":65592,"href":"https:\/\/blogopara.com.br\/index.php\/wp-json\/wp\/v2\/posts\/65591\/revisions\/65592"}],"wp:featuredmedia":[{"embeddable":true,"href":"https:\/\/blogopara.com.br\/index.php\/wp-json\/wp\/v2\/media\/36413"}],"wp:attachment":[{"href":"https:\/\/blogopara.com.br\/index.php\/wp-json\/wp\/v2\/media?parent=65591"}],"wp:term":[{"taxonomy":"category","embeddable":true,"href":"https:\/\/blogopara.com.br\/index.php\/wp-json\/wp\/v2\/categories?post=65591"},{"taxonomy":"post_tag","embeddable":true,"href":"https:\/\/blogopara.com.br\/index.php\/wp-json\/wp\/v2\/tags?post=65591"}],"curies":[{"name":"wp","href":"https:\/\/api.w.org\/{rel}","templated":true}]}}