{"id":65635,"date":"2024-06-02T21:36:33","date_gmt":"2024-06-03T00:36:33","guid":{"rendered":"https:\/\/blogopara.com.br\/?p=65635"},"modified":"2024-06-02T21:36:37","modified_gmt":"2024-06-03T00:36:37","slug":"pesquisa-de-intencao-de-votos-ainda-aponta-para-segundo-turno-em-petrolina","status":"publish","type":"post","link":"https:\/\/blogopara.com.br\/index.php\/2024\/06\/02\/pesquisa-de-intencao-de-votos-ainda-aponta-para-segundo-turno-em-petrolina","title":{"rendered":"Pesquisa de inten\u00e7\u00e3o de votos ainda aponta para segundo turno em Petrolina"},"content":{"rendered":"<p style=\"text-align: justify;\">Uma pesquisa realizada pelo Instituto Mercatus, apontou que o pr\u00e9-candidato \u00e0 reelei\u00e7\u00e3o para a prefeitura de Petrolina, Sim\u00e3o Durando (UB), est\u00e1 \u00e0 frente nas inten\u00e7\u00f5es de votos para as elei\u00e7\u00f5es municipais deste ano. Entretanto, o ex-prefeito, J\u00falio L\u00f3ssio (PSDB) figura como segundo colocado com percentuais que levam a disputa, pela primeira vez, ao segundo turno. Os resultados divulgados neste domingo (02), mostram que Sim\u00e3o possui 39,2% de inten\u00e7\u00f5es de votos, contra 27,% de L\u00f3ssio, na pesquisa estimulada.<\/p>\n<p style=\"text-align: justify;\">O ex-deputado estadual, ex-prefeito de Petrolina e pr\u00e9-candidato, Odacy Amorim (PT), aparece em terceiro lugar, com 10,6% das inten\u00e7\u00f5es de voto. A jornalista, Lara Cavalcanti (PL), segue na quarta coloca\u00e7\u00e3o, com 4,6% e em quinto, o m\u00e9dico, Marcos Heridijanio (Agir), com 1%. Votos brancos e nulos somam 9,2%, enquanto 8,4% dos entrevistados n\u00e3o souberam ou n\u00e3o responderam.<\/p>\n<figure class=\"wp-block-image size-full\"><img loading=\"lazy\" decoding=\"async\" class=\"wp-image-166588\" src=\"https:\/\/www.blognossavoz.com.br\/wp-content\/uploads\/2024\/06\/Captura-de-tela-2024-06-01-235348.png\" sizes=\"auto, (max-width: 866px) 100vw, 866px\" srcset=\"https:\/\/www.blognossavoz.com.br\/wp-content\/uploads\/2024\/06\/Captura-de-tela-2024-06-01-235348.png 866w, https:\/\/www.blognossavoz.com.br\/wp-content\/uploads\/2024\/06\/Captura-de-tela-2024-06-01-235348-300x166.png 300w, https:\/\/www.blognossavoz.com.br\/wp-content\/uploads\/2024\/06\/Captura-de-tela-2024-06-01-235348-768x424.png 768w, https:\/\/www.blognossavoz.com.br\/wp-content\/uploads\/2024\/06\/Captura-de-tela-2024-06-01-235348-696x385.png 696w, https:\/\/www.blognossavoz.com.br\/wp-content\/uploads\/2024\/06\/Captura-de-tela-2024-06-01-235348-761x420.png 761w\" alt=\"\" width=\"866\" height=\"478\" \/><\/figure>\n<p style=\"text-align: justify;\">Na avalia\u00e7\u00e3o espont\u00e2nea (quando n\u00e3o s\u00e3o apresentados os nomes dos pr\u00e9-candidatos), Sim\u00e3o Durando, teve 23,2% das men\u00e7\u00f5es, seguido por L\u00f3ssio, com 9,6%. O ex-prefeito, Miguel Coelho, apareceu entre os citados, com 3,6%, mesmo n\u00e3o disputando a elei\u00e7\u00e3o desde ano. Odacy Amorim alcan\u00e7ou 3,4% das men\u00e7\u00f5es na avalia\u00e7\u00e3o espont\u00e2nea, seguido de Lara Cavalcanti, com 1,6% e Marcos Heridijanio 0,4%. O ex-prefeito de Petrolina e assessor especial do governo do estado, Guilherme Coelho, foi citado por 0,2% dos entrevistados. Ainda nesta modalidade, 58% dos entrevistados n\u00e3o souberam ou n\u00e3o responderam.<\/p>\n<figure class=\"wp-block-image size-full\"><img loading=\"lazy\" decoding=\"async\" class=\"wp-image-166589\" src=\"https:\/\/www.blognossavoz.com.br\/wp-content\/uploads\/2024\/06\/Captura-de-tela-2024-06-01-235411.png\" sizes=\"auto, (max-width: 834px) 100vw, 834px\" srcset=\"https:\/\/www.blognossavoz.com.br\/wp-content\/uploads\/2024\/06\/Captura-de-tela-2024-06-01-235411.png 834w, https:\/\/www.blognossavoz.com.br\/wp-content\/uploads\/2024\/06\/Captura-de-tela-2024-06-01-235411-300x169.png 300w, https:\/\/www.blognossavoz.com.br\/wp-content\/uploads\/2024\/06\/Captura-de-tela-2024-06-01-235411-768x434.png 768w, https:\/\/www.blognossavoz.com.br\/wp-content\/uploads\/2024\/06\/Captura-de-tela-2024-06-01-235411-696x393.png 696w, https:\/\/www.blognossavoz.com.br\/wp-content\/uploads\/2024\/06\/Captura-de-tela-2024-06-01-235411-744x420.png 744w\" alt=\"\" width=\"834\" height=\"471\" \/><\/figure>\n<p style=\"text-align: justify;\">A pesquisa foi realizada entre os dias 26 e 29 de maio, com a participa\u00e7\u00e3o de 700 entrevistados. A margem de erro \u00e9 de 3,7% para mais ou para menos, com um n\u00edvel de confian\u00e7a de 95%. O levantamento est\u00e1 registrado no TRE\/PE sob o n\u00famero PE \u2013 05986\/2024.<\/p>\n<p>Fonte: Blog Nossa Voz<\/p>\n","protected":false},"excerpt":{"rendered":"<p>Uma pesquisa realizada pelo Instituto Mercatus, apontou que o pr\u00e9-candidato \u00e0 reelei\u00e7\u00e3o para a prefeitura de Petrolina, Sim\u00e3o Durando (UB), est\u00e1 \u00e0 frente nas inten\u00e7\u00f5es de votos para as elei\u00e7\u00f5es municipais deste ano. Entretanto, o ex-prefeito, J\u00falio L\u00f3ssio (PSDB) figura como segundo colocado com percentuais que levam a disputa, pela primeira vez, ao segundo turno. [&hellip;]<\/p>\n","protected":false},"author":1,"featured_media":65636,"comment_status":"open","ping_status":"open","sticky":false,"template":"","format":"standard","meta":{"_uag_custom_page_level_css":"","_monsterinsights_skip_tracking":false,"_monsterinsights_sitenote_active":false,"_monsterinsights_sitenote_note":"","_monsterinsights_sitenote_category":0,"jetpack_post_was_ever_published":false,"_jetpack_newsletter_access":"","_jetpack_dont_email_post_to_subs":false,"_jetpack_newsletter_tier_id":0,"_jetpack_memberships_contains_paywalled_content":false,"_jetpack_memberships_contains_paid_content":false,"footnotes":"","jetpack_publicize_message":"","jetpack_publicize_feature_enabled":true,"jetpack_social_post_already_shared":true,"jetpack_social_options":{"image_generator_settings":{"template":"highway","default_image_id":0,"font":"","enabled":false},"version":2}},"categories":[851],"tags":[],"class_list":["post-65635","post","type-post","status-publish","format-standard","has-post-thumbnail","hentry","category-petrolina"],"jetpack_publicize_connections":[],"jetpack_featured_media_url":"https:\/\/blogopara.com.br\/wp-content\/uploads\/2024\/06\/simao-julio-odacy-kara-dr-marcos.jpg","uagb_featured_image_src":{"full":["https:\/\/blogopara.com.br\/wp-content\/uploads\/2024\/06\/simao-julio-odacy-kara-dr-marcos.jpg",500,375,false],"thumbnail":["https:\/\/blogopara.com.br\/wp-content\/uploads\/2024\/06\/simao-julio-odacy-kara-dr-marcos-150x150.jpg",150,150,true],"medium":["https:\/\/blogopara.com.br\/wp-content\/uploads\/2024\/06\/simao-julio-odacy-kara-dr-marcos-300x225.jpg",300,225,true],"medium_large":["https:\/\/blogopara.com.br\/wp-content\/uploads\/2024\/06\/simao-julio-odacy-kara-dr-marcos.jpg",500,375,false],"large":["https:\/\/blogopara.com.br\/wp-content\/uploads\/2024\/06\/simao-julio-odacy-kara-dr-marcos.jpg",500,375,false],"1536x1536":["https:\/\/blogopara.com.br\/wp-content\/uploads\/2024\/06\/simao-julio-odacy-kara-dr-marcos.jpg",500,375,false],"2048x2048":["https:\/\/blogopara.com.br\/wp-content\/uploads\/2024\/06\/simao-julio-odacy-kara-dr-marcos.jpg",500,375,false],"mantranews-slider-large":["https:\/\/blogopara.com.br\/wp-content\/uploads\/2024\/06\/simao-julio-odacy-kara-dr-marcos.jpg",500,375,false],"mantranews-featured-medium":["https:\/\/blogopara.com.br\/wp-content\/uploads\/2024\/06\/simao-julio-odacy-kara-dr-marcos-420x307.jpg",420,307,true],"mantranews-featured-long":["https:\/\/blogopara.com.br\/wp-content\/uploads\/2024\/06\/simao-julio-odacy-kara-dr-marcos-300x375.jpg",300,375,true],"mantranews-block-medium":["https:\/\/blogopara.com.br\/wp-content\/uploads\/2024\/06\/simao-julio-odacy-kara-dr-marcos-464x290.jpg",464,290,true],"mantranews-carousel-image":["https:\/\/blogopara.com.br\/wp-content\/uploads\/2024\/06\/simao-julio-odacy-kara-dr-marcos.jpg",500,375,false],"mantranews-block-thumb":["https:\/\/blogopara.com.br\/wp-content\/uploads\/2024\/06\/simao-julio-odacy-kara-dr-marcos-322x230.jpg",322,230,true],"mantranews-single-large":["https:\/\/blogopara.com.br\/wp-content\/uploads\/2024\/06\/simao-julio-odacy-kara-dr-marcos.jpg",500,375,false]},"uagb_author_info":{"display_name":"Reda\u00e7\u00e3o geral","author_link":"https:\/\/blogopara.com.br\/index.php\/author\/blogopara"},"uagb_comment_info":0,"uagb_excerpt":"Uma pesquisa realizada pelo Instituto Mercatus, apontou que o pr\u00e9-candidato \u00e0 reelei\u00e7\u00e3o para a prefeitura de Petrolina, Sim\u00e3o Durando (UB), est\u00e1 \u00e0 frente nas inten\u00e7\u00f5es de votos para as elei\u00e7\u00f5es municipais deste ano. Entretanto, o ex-prefeito, J\u00falio L\u00f3ssio (PSDB) figura como segundo colocado com percentuais que levam a disputa, pela primeira vez, ao segundo turno.&hellip;","jetpack_sharing_enabled":true,"jetpack_likes_enabled":true,"_links":{"self":[{"href":"https:\/\/blogopara.com.br\/index.php\/wp-json\/wp\/v2\/posts\/65635","targetHints":{"allow":["GET"]}}],"collection":[{"href":"https:\/\/blogopara.com.br\/index.php\/wp-json\/wp\/v2\/posts"}],"about":[{"href":"https:\/\/blogopara.com.br\/index.php\/wp-json\/wp\/v2\/types\/post"}],"author":[{"embeddable":true,"href":"https:\/\/blogopara.com.br\/index.php\/wp-json\/wp\/v2\/users\/1"}],"replies":[{"embeddable":true,"href":"https:\/\/blogopara.com.br\/index.php\/wp-json\/wp\/v2\/comments?post=65635"}],"version-history":[{"count":1,"href":"https:\/\/blogopara.com.br\/index.php\/wp-json\/wp\/v2\/posts\/65635\/revisions"}],"predecessor-version":[{"id":65637,"href":"https:\/\/blogopara.com.br\/index.php\/wp-json\/wp\/v2\/posts\/65635\/revisions\/65637"}],"wp:featuredmedia":[{"embeddable":true,"href":"https:\/\/blogopara.com.br\/index.php\/wp-json\/wp\/v2\/media\/65636"}],"wp:attachment":[{"href":"https:\/\/blogopara.com.br\/index.php\/wp-json\/wp\/v2\/media?parent=65635"}],"wp:term":[{"taxonomy":"category","embeddable":true,"href":"https:\/\/blogopara.com.br\/index.php\/wp-json\/wp\/v2\/categories?post=65635"},{"taxonomy":"post_tag","embeddable":true,"href":"https:\/\/blogopara.com.br\/index.php\/wp-json\/wp\/v2\/tags?post=65635"}],"curies":[{"name":"wp","href":"https:\/\/api.w.org\/{rel}","templated":true}]}}