{"id":65726,"date":"2024-06-07T16:03:00","date_gmt":"2024-06-07T19:03:00","guid":{"rendered":"https:\/\/blogopara.com.br\/?p=65726"},"modified":"2024-06-06T20:04:33","modified_gmt":"2024-06-06T23:04:33","slug":"sanfoneiro-ivan-greg-sera-atracao-do-forro-do-vovo-de-petrolina","status":"publish","type":"post","link":"https:\/\/blogopara.com.br\/index.php\/2024\/06\/07\/sanfoneiro-ivan-greg-sera-atracao-do-forro-do-vovo-de-petrolina","title":{"rendered":"Sanfoneiro Ivan Greg ser\u00e1 atra\u00e7\u00e3o\u00a0 do Forr\u00f3 do Vov\u00f4 de Petrolina"},"content":{"rendered":"<p class=\"x_MsoNormal\" style=\"text-align: justify;\">O programa de voluntariado Transforma Petrolina, anunciou, nessa quarta-feira (05), o sanfoneiro Ivan Greg como atra\u00e7\u00e3o da 2\u00aa edi\u00e7\u00e3o do Forr\u00f3 do Vov\u00f4. O evento acontecer\u00e1 dia 17 de junho, \u00e0s 18h, na cidade cenogr\u00e1fica, que funciona no P\u00e1tio de Eventos Ana das Carrancas.<\/p>\n<p class=\"x_MsoNormal\" style=\"text-align: justify;\">O cantor, compositor e sanfoneiro petrolinense tem influ\u00eancia musical de artistas como Luiz Gonzaga, Dominguinhos e Jackson do Pandeiro, e promete entregar uma performance memor\u00e1vel no palco do Forr\u00f3 do Vov\u00f4 com muito arrasta-p\u00e9 e resgate da mem\u00f3ria junina. O evento ser\u00e1 aberto ao p\u00fablico, e ter\u00e1 a participa\u00e7\u00e3o de idosos dos Centros de Conviv\u00eancia do Munic\u00edpio, Institui\u00e7\u00f5es de acolhimento e projetos de valoriza\u00e7\u00e3o de idosos.<\/p>\n<p class=\"x_MsoNormal\" style=\"text-align: justify;\">De acordo com a coordenadora volunt\u00e1ria do Transforma Petrolina, Alinne Durando, o evento promete marcar o cora\u00e7\u00e3o de todo o p\u00fablico. \u201cEstamos com uma expectativa muito positiva e temos certeza que os nossos idosos ir\u00e3o abra\u00e7ar, mais uma vez, esse evento especial que estamos preparando para eles\u201d, afirma.<\/p>\n<div id=\"x_m_454366348857069597gmail-:tg\">\n<div id=\"x_m_454366348857069597gmail-:tf\">\n<div dir=\"ltr\">\n<div class=\"x_gmail_default\">\n<div id=\"x_m_454366348857069597m_-2594318130084040748gmail-:nq\" role=\"textbox\" aria-label=\"Corpo da mensagem\">\n<div class=\"x_gmail_default\">\n<div id=\"x_m_454366348857069597m_-2594318130084040748gmail-:ri\" role=\"textbox\" aria-label=\"Corpo da mensagem\">\n<div class=\"x_gmail_default\">\n<div id=\"x_m_454366348857069597m_-2594318130084040748gmail-:o1\" role=\"textbox\" aria-label=\"Corpo da mensagem\">\n<div class=\"x_gmail_default\">\n<div class=\"x_gmail_default\" style=\"text-align: justify;\">Texto: Nayra Lima &#8211; Assessora de Imprensa do Transforma Petrolina<br \/>\nFoto: PMP<\/div>\n<\/div>\n<\/div>\n<\/div>\n<\/div>\n<\/div>\n<\/div>\n<\/div>\n<\/div>\n<\/div>\n<\/div>\n","protected":false},"excerpt":{"rendered":"<p>O programa de voluntariado Transforma Petrolina, anunciou, nessa quarta-feira (05), o sanfoneiro Ivan Greg como atra\u00e7\u00e3o da 2\u00aa edi\u00e7\u00e3o do Forr\u00f3 do Vov\u00f4. O evento acontecer\u00e1 dia 17 de junho, \u00e0s 18h, na cidade cenogr\u00e1fica, que funciona no P\u00e1tio de Eventos Ana das Carrancas. O cantor, compositor e sanfoneiro petrolinense tem influ\u00eancia musical de artistas [&hellip;]<\/p>\n","protected":false},"author":1,"featured_media":65727,"comment_status":"open","ping_status":"open","sticky":false,"template":"","format":"standard","meta":{"_uag_custom_page_level_css":"","_monsterinsights_skip_tracking":false,"_monsterinsights_sitenote_active":false,"_monsterinsights_sitenote_note":"","_monsterinsights_sitenote_category":0,"jetpack_post_was_ever_published":false,"_jetpack_newsletter_access":"","_jetpack_dont_email_post_to_subs":false,"_jetpack_newsletter_tier_id":0,"_jetpack_memberships_contains_paywalled_content":false,"_jetpack_memberships_contains_paid_content":false,"footnotes":"","jetpack_publicize_message":"","jetpack_publicize_feature_enabled":true,"jetpack_social_post_already_shared":true,"jetpack_social_options":{"image_generator_settings":{"template":"highway","default_image_id":0,"font":"","enabled":false},"version":2}},"categories":[851],"tags":[],"class_list":["post-65726","post","type-post","status-publish","format-standard","has-post-thumbnail","hentry","category-petrolina"],"jetpack_publicize_connections":[],"jetpack_featured_media_url":"https:\/\/blogopara.com.br\/wp-content\/uploads\/2024\/06\/ivan.jpeg","uagb_featured_image_src":{"full":["https:\/\/blogopara.com.br\/wp-content\/uploads\/2024\/06\/ivan.jpeg",500,333,false],"thumbnail":["https:\/\/blogopara.com.br\/wp-content\/uploads\/2024\/06\/ivan-150x150.jpeg",150,150,true],"medium":["https:\/\/blogopara.com.br\/wp-content\/uploads\/2024\/06\/ivan-300x200.jpeg",300,200,true],"medium_large":["https:\/\/blogopara.com.br\/wp-content\/uploads\/2024\/06\/ivan.jpeg",500,333,false],"large":["https:\/\/blogopara.com.br\/wp-content\/uploads\/2024\/06\/ivan.jpeg",500,333,false],"1536x1536":["https:\/\/blogopara.com.br\/wp-content\/uploads\/2024\/06\/ivan.jpeg",500,333,false],"2048x2048":["https:\/\/blogopara.com.br\/wp-content\/uploads\/2024\/06\/ivan.jpeg",500,333,false],"mantranews-slider-large":["https:\/\/blogopara.com.br\/wp-content\/uploads\/2024\/06\/ivan.jpeg",500,333,false],"mantranews-featured-medium":["https:\/\/blogopara.com.br\/wp-content\/uploads\/2024\/06\/ivan-420x307.jpeg",420,307,true],"mantranews-featured-long":["https:\/\/blogopara.com.br\/wp-content\/uploads\/2024\/06\/ivan-300x333.jpeg",300,333,true],"mantranews-block-medium":["https:\/\/blogopara.com.br\/wp-content\/uploads\/2024\/06\/ivan-464x290.jpeg",464,290,true],"mantranews-carousel-image":["https:\/\/blogopara.com.br\/wp-content\/uploads\/2024\/06\/ivan.jpeg",500,333,false],"mantranews-block-thumb":["https:\/\/blogopara.com.br\/wp-content\/uploads\/2024\/06\/ivan-322x230.jpeg",322,230,true],"mantranews-single-large":["https:\/\/blogopara.com.br\/wp-content\/uploads\/2024\/06\/ivan.jpeg",500,333,false]},"uagb_author_info":{"display_name":"Reda\u00e7\u00e3o geral","author_link":"https:\/\/blogopara.com.br\/index.php\/author\/blogopara"},"uagb_comment_info":0,"uagb_excerpt":"O programa de voluntariado Transforma Petrolina, anunciou, nessa quarta-feira (05), o sanfoneiro Ivan Greg como atra\u00e7\u00e3o da 2\u00aa edi\u00e7\u00e3o do Forr\u00f3 do Vov\u00f4. O evento acontecer\u00e1 dia 17 de junho, \u00e0s 18h, na cidade cenogr\u00e1fica, que funciona no P\u00e1tio de Eventos Ana das Carrancas. O cantor, compositor e sanfoneiro petrolinense tem influ\u00eancia musical de artistas&hellip;","jetpack_sharing_enabled":true,"jetpack_likes_enabled":true,"_links":{"self":[{"href":"https:\/\/blogopara.com.br\/index.php\/wp-json\/wp\/v2\/posts\/65726","targetHints":{"allow":["GET"]}}],"collection":[{"href":"https:\/\/blogopara.com.br\/index.php\/wp-json\/wp\/v2\/posts"}],"about":[{"href":"https:\/\/blogopara.com.br\/index.php\/wp-json\/wp\/v2\/types\/post"}],"author":[{"embeddable":true,"href":"https:\/\/blogopara.com.br\/index.php\/wp-json\/wp\/v2\/users\/1"}],"replies":[{"embeddable":true,"href":"https:\/\/blogopara.com.br\/index.php\/wp-json\/wp\/v2\/comments?post=65726"}],"version-history":[{"count":1,"href":"https:\/\/blogopara.com.br\/index.php\/wp-json\/wp\/v2\/posts\/65726\/revisions"}],"predecessor-version":[{"id":65728,"href":"https:\/\/blogopara.com.br\/index.php\/wp-json\/wp\/v2\/posts\/65726\/revisions\/65728"}],"wp:featuredmedia":[{"embeddable":true,"href":"https:\/\/blogopara.com.br\/index.php\/wp-json\/wp\/v2\/media\/65727"}],"wp:attachment":[{"href":"https:\/\/blogopara.com.br\/index.php\/wp-json\/wp\/v2\/media?parent=65726"}],"wp:term":[{"taxonomy":"category","embeddable":true,"href":"https:\/\/blogopara.com.br\/index.php\/wp-json\/wp\/v2\/categories?post=65726"},{"taxonomy":"post_tag","embeddable":true,"href":"https:\/\/blogopara.com.br\/index.php\/wp-json\/wp\/v2\/tags?post=65726"}],"curies":[{"name":"wp","href":"https:\/\/api.w.org\/{rel}","templated":true}]}}