{"id":65765,"date":"2024-06-07T14:13:09","date_gmt":"2024-06-07T17:13:09","guid":{"rendered":"https:\/\/blogopara.com.br\/?p=65765"},"modified":"2024-06-07T14:13:12","modified_gmt":"2024-06-07T17:13:12","slug":"um-caos-em-petrolina-com-a-falta-de-agua-em-varios-bairros-diz-morador","status":"publish","type":"post","link":"https:\/\/blogopara.com.br\/index.php\/2024\/06\/07\/um-caos-em-petrolina-com-a-falta-de-agua-em-varios-bairros-diz-morador","title":{"rendered":"&#8220;Um caos em Petrolina com a falta de \u00e1gua em v\u00e1rios bairros&#8221;, diz morador"},"content":{"rendered":"<p style=\"text-align: justify;\">&#8220;Um caos a falta de \u00e1gua em Petrolina&#8221;. Este foi o tema nas principais emissoras de r\u00e1dio de Petrolina, na manh\u00e3 desta sexta-feira, 7. Moradores indignados\u00a0com a falta\u00a0de\u00a0\u00e1gua em v\u00e1rios bairros.<\/p>\n<p style=\"text-align: justify;\">Segundo a Compesa, atrav\u00e9s de nota enviada a REDEGN, &#8220;devido \u00e0 complexidade dos servi\u00e7os para reparos do vazamento na tubula\u00e7\u00e3o do cruzamento da Rua do Imperador com a Avenida da Integra\u00e7\u00e3o, na Vila Moc\u00f3, em Petrolina, a Compesa precisou prorrogar o prazo para reestabelecimento do fornecimento de \u00e1gua.\u00a0A nova previs\u00e3o de conclus\u00e3o dos servi\u00e7os \u00e9 para \u00e0s 22h de hoje (7). Em seguida, o abastecimento deve ser retomado de forma gradual&#8221;.<\/p>\n<p style=\"text-align: justify;\">Segundo a Compesa, o problema foi ocasionado por m\u00e1quinas de uma obra da Coperg\u00e1s.<\/p>\n<p style=\"text-align: justify;\">Tamb\u00e9m em nota, a Coperg\u00e1s afirmou que \u201ctem o compromisso de manter a integridade e a seguran\u00e7a de todas as obras sob sua realiza\u00e7\u00e3o. Antes de intervir em qualquer \u00e1rea, realizamos consultas detalhadas \u00e0s concession\u00e1rias envolvidas, a fim de evitar quaisquer danos \u00e0 infraestrutura existente. Entretanto, como em qualquer empreendimento de grande escala, existe a possibilidade de falhas no mapeamento das tubula\u00e7\u00f5es das concession\u00e1rias, o que acarreta situa\u00e7\u00f5es imprevistas\u201d.<\/p>\n<p style=\"text-align: justify;\">Confira a lista dos bairros afetados:<br \/>\nVila Eduardo, Vila dos Ing\u00e1s, Lot. N. Sra Rainha dos Anjos, Vitivin\u00edcola, S\u00e3o Jos\u00e9, Henrique Leite, Novo Horizonte, Jatob\u00e1, Carneiros, Cidade Universit\u00e1ria, Fernando Idalino, Rio Jord\u00e3o, Vila Vitoria, Cond. Sol Nascente I, II, III, Cond. Prime, Cond. Sol Nascente Orla, Cond. Jatob\u00e1, Cond. Summerville, Cond. Recanto das \u00c1guas, Cond. Terras Apha, Cond. Eco Spa, Cond. \u00c1gua Viva, Cond. Portal das \u00c1guas, Vila das Imbiras, Vila Moc\u00f3, Km 2, Lot Arco-\u00edris, Jardim Maravilha, Ouro Preto, Alto Grande, Ant\u00f4nio Cassimiro, Vale do Grande Rio, Centro, Jardim Amazonas, Alto do Cocar, Pedro Raimundo, Quati, Jardim S\u00e3o Paulo, Loteamento Bela Vista, Loteamento Recife, Vila Marcela, Vila Eul\u00e1lia, Jos\u00e9 e Maria, Mandacaru, Terras do Sul, Santa Luzia, S\u00e3o Jorge, Vila D\u00e9bora, Loteamento Padre C\u00edcero, Dom Avelar, S\u00e3o Joaquim, Monsenhor Bernardino, Lot. Santa Barbara, Vivendas I e II, Buona Vita, Areia Branca, Dom Malan, Caminho do Sol, Maria Auxiliadora, Pedra Linda, Vale Dourado, Residencial Novo Tempo, Vila Esperan\u00e7a, Condom\u00ednios Mais Viver e Mais Viver Vinhedos.<\/p>\n<p style=\"text-align: justify;\">Fonte de informa\u00e7\u00f5e: RedeGN<\/p>\n<p style=\"text-align: justify;\">\n<p style=\"text-align: justify;\">\n","protected":false},"excerpt":{"rendered":"<p>&#8220;Um caos a falta de \u00e1gua em Petrolina&#8221;. Este foi o tema nas principais emissoras de r\u00e1dio de Petrolina, na manh\u00e3 desta sexta-feira, 7. Moradores indignados\u00a0com a falta\u00a0de\u00a0\u00e1gua em v\u00e1rios bairros. Segundo a Compesa, atrav\u00e9s de nota enviada a REDEGN, &#8220;devido \u00e0 complexidade dos servi\u00e7os para reparos do vazamento na tubula\u00e7\u00e3o do cruzamento da Rua [&hellip;]<\/p>\n","protected":false},"author":1,"featured_media":43820,"comment_status":"open","ping_status":"open","sticky":false,"template":"","format":"standard","meta":{"_uag_custom_page_level_css":"","_monsterinsights_skip_tracking":false,"_monsterinsights_sitenote_active":false,"_monsterinsights_sitenote_note":"","_monsterinsights_sitenote_category":0,"jetpack_post_was_ever_published":false,"_jetpack_newsletter_access":"","_jetpack_dont_email_post_to_subs":false,"_jetpack_newsletter_tier_id":0,"_jetpack_memberships_contains_paywalled_content":false,"_jetpack_memberships_contains_paid_content":false,"footnotes":"","jetpack_publicize_message":"","jetpack_publicize_feature_enabled":true,"jetpack_social_post_already_shared":true,"jetpack_social_options":{"image_generator_settings":{"template":"highway","default_image_id":0,"font":"","enabled":false},"version":2}},"categories":[851],"tags":[],"class_list":["post-65765","post","type-post","status-publish","format-standard","has-post-thumbnail","hentry","category-petrolina"],"jetpack_publicize_connections":[],"jetpack_featured_media_url":"https:\/\/blogopara.com.br\/wp-content\/uploads\/2022\/10\/Falta-agua.jpg","uagb_featured_image_src":{"full":["https:\/\/blogopara.com.br\/wp-content\/uploads\/2022\/10\/Falta-agua.jpg",500,304,false],"thumbnail":["https:\/\/blogopara.com.br\/wp-content\/uploads\/2022\/10\/Falta-agua-150x150.jpg",150,150,true],"medium":["https:\/\/blogopara.com.br\/wp-content\/uploads\/2022\/10\/Falta-agua-300x182.jpg",300,182,true],"medium_large":["https:\/\/blogopara.com.br\/wp-content\/uploads\/2022\/10\/Falta-agua.jpg",500,304,false],"large":["https:\/\/blogopara.com.br\/wp-content\/uploads\/2022\/10\/Falta-agua.jpg",500,304,false],"1536x1536":["https:\/\/blogopara.com.br\/wp-content\/uploads\/2022\/10\/Falta-agua.jpg",500,304,false],"2048x2048":["https:\/\/blogopara.com.br\/wp-content\/uploads\/2022\/10\/Falta-agua.jpg",500,304,false],"mantranews-slider-large":["https:\/\/blogopara.com.br\/wp-content\/uploads\/2022\/10\/Falta-agua.jpg",500,304,false],"mantranews-featured-medium":["https:\/\/blogopara.com.br\/wp-content\/uploads\/2022\/10\/Falta-agua-420x304.jpg",420,304,true],"mantranews-featured-long":["https:\/\/blogopara.com.br\/wp-content\/uploads\/2022\/10\/Falta-agua-300x304.jpg",300,304,true],"mantranews-block-medium":["https:\/\/blogopara.com.br\/wp-content\/uploads\/2022\/10\/Falta-agua-464x290.jpg",464,290,true],"mantranews-carousel-image":["https:\/\/blogopara.com.br\/wp-content\/uploads\/2022\/10\/Falta-agua.jpg",500,304,false],"mantranews-block-thumb":["https:\/\/blogopara.com.br\/wp-content\/uploads\/2022\/10\/Falta-agua-322x230.jpg",322,230,true],"mantranews-single-large":["https:\/\/blogopara.com.br\/wp-content\/uploads\/2022\/10\/Falta-agua.jpg",500,304,false]},"uagb_author_info":{"display_name":"Reda\u00e7\u00e3o geral","author_link":"https:\/\/blogopara.com.br\/index.php\/author\/blogopara"},"uagb_comment_info":0,"uagb_excerpt":"&#8220;Um caos a falta de \u00e1gua em Petrolina&#8221;. Este foi o tema nas principais emissoras de r\u00e1dio de Petrolina, na manh\u00e3 desta sexta-feira, 7. Moradores indignados\u00a0com a falta\u00a0de\u00a0\u00e1gua em v\u00e1rios bairros. Segundo a Compesa, atrav\u00e9s de nota enviada a REDEGN, &#8220;devido \u00e0 complexidade dos servi\u00e7os para reparos do vazamento na tubula\u00e7\u00e3o do cruzamento da Rua&hellip;","jetpack_sharing_enabled":true,"jetpack_likes_enabled":true,"_links":{"self":[{"href":"https:\/\/blogopara.com.br\/index.php\/wp-json\/wp\/v2\/posts\/65765","targetHints":{"allow":["GET"]}}],"collection":[{"href":"https:\/\/blogopara.com.br\/index.php\/wp-json\/wp\/v2\/posts"}],"about":[{"href":"https:\/\/blogopara.com.br\/index.php\/wp-json\/wp\/v2\/types\/post"}],"author":[{"embeddable":true,"href":"https:\/\/blogopara.com.br\/index.php\/wp-json\/wp\/v2\/users\/1"}],"replies":[{"embeddable":true,"href":"https:\/\/blogopara.com.br\/index.php\/wp-json\/wp\/v2\/comments?post=65765"}],"version-history":[{"count":1,"href":"https:\/\/blogopara.com.br\/index.php\/wp-json\/wp\/v2\/posts\/65765\/revisions"}],"predecessor-version":[{"id":65766,"href":"https:\/\/blogopara.com.br\/index.php\/wp-json\/wp\/v2\/posts\/65765\/revisions\/65766"}],"wp:featuredmedia":[{"embeddable":true,"href":"https:\/\/blogopara.com.br\/index.php\/wp-json\/wp\/v2\/media\/43820"}],"wp:attachment":[{"href":"https:\/\/blogopara.com.br\/index.php\/wp-json\/wp\/v2\/media?parent=65765"}],"wp:term":[{"taxonomy":"category","embeddable":true,"href":"https:\/\/blogopara.com.br\/index.php\/wp-json\/wp\/v2\/categories?post=65765"},{"taxonomy":"post_tag","embeddable":true,"href":"https:\/\/blogopara.com.br\/index.php\/wp-json\/wp\/v2\/tags?post=65765"}],"curies":[{"name":"wp","href":"https:\/\/api.w.org\/{rel}","templated":true}]}}