{"id":65768,"date":"2024-06-07T16:14:00","date_gmt":"2024-06-07T19:14:00","guid":{"rendered":"https:\/\/blogopara.com.br\/?p=65768"},"modified":"2024-06-07T14:16:35","modified_gmt":"2024-06-07T17:16:35","slug":"stf-volta-a-adiar-julgamento-que-pode-levar-fernando-collor-a-prisao","status":"publish","type":"post","link":"https:\/\/blogopara.com.br\/index.php\/2024\/06\/07\/stf-volta-a-adiar-julgamento-que-pode-levar-fernando-collor-a-prisao","title":{"rendered":"STF volta a adiar julgamento que pode levar Fernando Collor \u00e0 pris\u00e3o"},"content":{"rendered":"<article id=\"post-309761\" class=\"hentry post-309761 post type-post status-publish format-standard has-post-thumbnail category-noticia\">\n<div class=\"bdaia-post-content\">\n<p style=\"text-align: justify;\">Um pedido de vista (mais tempo de an\u00e1lise) do ministro Gilmar Mendes, do Supremo Tribunal Federal (STF), adiou mais uma vez o julgamento que pode levar o ex-presidente Fernando Collor \u00e0 pris\u00e3o.<\/p>\n<p style=\"text-align: justify;\">Em maio do ano passado, Collor foi condenado a 8 anos e 10 meses de pris\u00e3o por corrup\u00e7\u00e3o passiva e lavagem de dinheiro em um dos processos da Opera\u00e7\u00e3o Lava Jato. O julgamento de um \u00faltimo recurso de Collor havia come\u00e7ado em fevereiro, mas foi ent\u00e3o interrompido por uma vista de Dias Toffoli.<\/p>\n<p style=\"text-align: justify;\">O recurso de Collor \u00e9 do tipo embargos de declara\u00e7\u00e3o, que em tese n\u00e3o deve reverter a condena\u00e7\u00e3o, mas somente esclarecer eventuais obscuridades e contradi\u00e7\u00f5es da condena\u00e7\u00e3o. \u00c9 o terceiro recurso do tipo apresentado pela defesa, o que vem adiando o cumprimento da senten\u00e7a, que somente pode ser executada ap\u00f3s o tr\u00e2nsito em julgado, ou seja, quando n\u00e3o h\u00e1 mais possibilidade de recurso.<\/p>\n<\/div>\n<\/article>\n","protected":false},"excerpt":{"rendered":"<p>Um pedido de vista (mais tempo de an\u00e1lise) do ministro Gilmar Mendes, do Supremo Tribunal Federal (STF), adiou mais uma vez o julgamento que pode levar o ex-presidente Fernando Collor \u00e0 pris\u00e3o. Em maio do ano passado, Collor foi condenado a 8 anos e 10 meses de pris\u00e3o por corrup\u00e7\u00e3o passiva e lavagem de dinheiro [&hellip;]<\/p>\n","protected":false},"author":1,"featured_media":52725,"comment_status":"open","ping_status":"open","sticky":false,"template":"","format":"standard","meta":{"_uag_custom_page_level_css":"","_monsterinsights_skip_tracking":false,"_monsterinsights_sitenote_active":false,"_monsterinsights_sitenote_note":"","_monsterinsights_sitenote_category":0,"jetpack_post_was_ever_published":false,"_jetpack_newsletter_access":"","_jetpack_dont_email_post_to_subs":false,"_jetpack_newsletter_tier_id":0,"_jetpack_memberships_contains_paywalled_content":false,"_jetpack_memberships_contains_paid_content":false,"footnotes":"","jetpack_publicize_message":"","jetpack_publicize_feature_enabled":true,"jetpack_social_post_already_shared":true,"jetpack_social_options":{"image_generator_settings":{"template":"highway","default_image_id":0,"font":"","enabled":false},"version":2}},"categories":[200],"tags":[],"class_list":["post-65768","post","type-post","status-publish","format-standard","has-post-thumbnail","hentry","category-brasil"],"jetpack_publicize_connections":[],"jetpack_featured_media_url":"https:\/\/blogopara.com.br\/wp-content\/uploads\/2023\/05\/1258_11mai2016-o-senador-fernando-collor-de-melo-ptc-al-discursa-durante-sessao-do-impeachment-da-ex-pres-1.jpg","uagb_featured_image_src":{"full":["https:\/\/blogopara.com.br\/wp-content\/uploads\/2023\/05\/1258_11mai2016-o-senador-fernando-collor-de-melo-ptc-al-discursa-durante-sessao-do-impeachment-da-ex-pres-1.jpg",499,333,false],"thumbnail":["https:\/\/blogopara.com.br\/wp-content\/uploads\/2023\/05\/1258_11mai2016-o-senador-fernando-collor-de-melo-ptc-al-discursa-durante-sessao-do-impeachment-da-ex-pres-1-150x150.jpg",150,150,true],"medium":["https:\/\/blogopara.com.br\/wp-content\/uploads\/2023\/05\/1258_11mai2016-o-senador-fernando-collor-de-melo-ptc-al-discursa-durante-sessao-do-impeachment-da-ex-pres-1-300x200.jpg",300,200,true],"medium_large":["https:\/\/blogopara.com.br\/wp-content\/uploads\/2023\/05\/1258_11mai2016-o-senador-fernando-collor-de-melo-ptc-al-discursa-durante-sessao-do-impeachment-da-ex-pres-1.jpg",499,333,false],"large":["https:\/\/blogopara.com.br\/wp-content\/uploads\/2023\/05\/1258_11mai2016-o-senador-fernando-collor-de-melo-ptc-al-discursa-durante-sessao-do-impeachment-da-ex-pres-1.jpg",499,333,false],"1536x1536":["https:\/\/blogopara.com.br\/wp-content\/uploads\/2023\/05\/1258_11mai2016-o-senador-fernando-collor-de-melo-ptc-al-discursa-durante-sessao-do-impeachment-da-ex-pres-1.jpg",499,333,false],"2048x2048":["https:\/\/blogopara.com.br\/wp-content\/uploads\/2023\/05\/1258_11mai2016-o-senador-fernando-collor-de-melo-ptc-al-discursa-durante-sessao-do-impeachment-da-ex-pres-1.jpg",499,333,false],"mantranews-slider-large":["https:\/\/blogopara.com.br\/wp-content\/uploads\/2023\/05\/1258_11mai2016-o-senador-fernando-collor-de-melo-ptc-al-discursa-durante-sessao-do-impeachment-da-ex-pres-1.jpg",499,333,false],"mantranews-featured-medium":["https:\/\/blogopara.com.br\/wp-content\/uploads\/2023\/05\/1258_11mai2016-o-senador-fernando-collor-de-melo-ptc-al-discursa-durante-sessao-do-impeachment-da-ex-pres-1-420x307.jpg",420,307,true],"mantranews-featured-long":["https:\/\/blogopara.com.br\/wp-content\/uploads\/2023\/05\/1258_11mai2016-o-senador-fernando-collor-de-melo-ptc-al-discursa-durante-sessao-do-impeachment-da-ex-pres-1-300x333.jpg",300,333,true],"mantranews-block-medium":["https:\/\/blogopara.com.br\/wp-content\/uploads\/2023\/05\/1258_11mai2016-o-senador-fernando-collor-de-melo-ptc-al-discursa-durante-sessao-do-impeachment-da-ex-pres-1-464x290.jpg",464,290,true],"mantranews-carousel-image":["https:\/\/blogopara.com.br\/wp-content\/uploads\/2023\/05\/1258_11mai2016-o-senador-fernando-collor-de-melo-ptc-al-discursa-durante-sessao-do-impeachment-da-ex-pres-1.jpg",499,333,false],"mantranews-block-thumb":["https:\/\/blogopara.com.br\/wp-content\/uploads\/2023\/05\/1258_11mai2016-o-senador-fernando-collor-de-melo-ptc-al-discursa-durante-sessao-do-impeachment-da-ex-pres-1-322x230.jpg",322,230,true],"mantranews-single-large":["https:\/\/blogopara.com.br\/wp-content\/uploads\/2023\/05\/1258_11mai2016-o-senador-fernando-collor-de-melo-ptc-al-discursa-durante-sessao-do-impeachment-da-ex-pres-1.jpg",499,333,false]},"uagb_author_info":{"display_name":"Reda\u00e7\u00e3o geral","author_link":"https:\/\/blogopara.com.br\/index.php\/author\/blogopara"},"uagb_comment_info":0,"uagb_excerpt":"Um pedido de vista (mais tempo de an\u00e1lise) do ministro Gilmar Mendes, do Supremo Tribunal Federal (STF), adiou mais uma vez o julgamento que pode levar o ex-presidente Fernando Collor \u00e0 pris\u00e3o. Em maio do ano passado, Collor foi condenado a 8 anos e 10 meses de pris\u00e3o por corrup\u00e7\u00e3o passiva e lavagem de dinheiro&hellip;","jetpack_sharing_enabled":true,"jetpack_likes_enabled":true,"_links":{"self":[{"href":"https:\/\/blogopara.com.br\/index.php\/wp-json\/wp\/v2\/posts\/65768","targetHints":{"allow":["GET"]}}],"collection":[{"href":"https:\/\/blogopara.com.br\/index.php\/wp-json\/wp\/v2\/posts"}],"about":[{"href":"https:\/\/blogopara.com.br\/index.php\/wp-json\/wp\/v2\/types\/post"}],"author":[{"embeddable":true,"href":"https:\/\/blogopara.com.br\/index.php\/wp-json\/wp\/v2\/users\/1"}],"replies":[{"embeddable":true,"href":"https:\/\/blogopara.com.br\/index.php\/wp-json\/wp\/v2\/comments?post=65768"}],"version-history":[{"count":1,"href":"https:\/\/blogopara.com.br\/index.php\/wp-json\/wp\/v2\/posts\/65768\/revisions"}],"predecessor-version":[{"id":65769,"href":"https:\/\/blogopara.com.br\/index.php\/wp-json\/wp\/v2\/posts\/65768\/revisions\/65769"}],"wp:featuredmedia":[{"embeddable":true,"href":"https:\/\/blogopara.com.br\/index.php\/wp-json\/wp\/v2\/media\/52725"}],"wp:attachment":[{"href":"https:\/\/blogopara.com.br\/index.php\/wp-json\/wp\/v2\/media?parent=65768"}],"wp:term":[{"taxonomy":"category","embeddable":true,"href":"https:\/\/blogopara.com.br\/index.php\/wp-json\/wp\/v2\/categories?post=65768"},{"taxonomy":"post_tag","embeddable":true,"href":"https:\/\/blogopara.com.br\/index.php\/wp-json\/wp\/v2\/tags?post=65768"}],"curies":[{"name":"wp","href":"https:\/\/api.w.org\/{rel}","templated":true}]}}