{"id":65770,"date":"2024-06-07T14:23:02","date_gmt":"2024-06-07T17:23:02","guid":{"rendered":"https:\/\/blogopara.com.br\/?p=65770"},"modified":"2024-06-07T14:23:04","modified_gmt":"2024-06-07T17:23:04","slug":"prefeitura-de-juazeiro-vai-realizar-feira-raizes-da-gente-e-assinar-ordem-de-servico-para-requalificacao-de-escola-neste-sabado-8-no-mandacaru-i","status":"publish","type":"post","link":"https:\/\/blogopara.com.br\/index.php\/2024\/06\/07\/prefeitura-de-juazeiro-vai-realizar-feira-raizes-da-gente-e-assinar-ordem-de-servico-para-requalificacao-de-escola-neste-sabado-8-no-mandacaru-i","title":{"rendered":"Prefeitura de Juazeiro vai realizar feira \u2018Ra\u00edzes da Gente\u2019 e assinar Ordem de Servi\u00e7o para requalifica\u00e7\u00e3o de escola neste s\u00e1bado (8), no Mandacaru I"},"content":{"rendered":"<article id=\"post-309761\" class=\"hentry post-309761 post type-post status-publish format-standard has-post-thumbnail category-noticia\">\n<div class=\"bdaia-post-content\">\n<p class=\"x_MsoNormal\" style=\"text-align: justify;\">Conquistando aprova\u00e7\u00e3o e ades\u00e3o da comunidade, a Prefeitura de Juazeiro, vai realizar mais uma edi\u00e7\u00e3o da feira \u2018Ra\u00edzes da Gente&#8217;, neste s\u00e1bado (8), \u00e0s 9h, no Mandacaru I. Na ocasi\u00e3o, a prefeita Suzana Ramos tamb\u00e9m ir\u00e1 assinar a Ordem de Servi\u00e7o para a requalifica\u00e7\u00e3o da Escola Municipal Celso Cavalcanti de Carvalho. A programa\u00e7\u00e3o vai ser na unidade de ensino que ser\u00e1 reformada.<\/p>\n<p class=\"x_MsoNormal\" style=\"text-align: justify;\">\u201cCom recursos pr\u00f3prios, investiremos cerca de R$ 300 mil para requalifica\u00e7\u00e3o da escola no Mandacaru I. Durante minha gest\u00e3o, j\u00e1 entreguei mais de 60 escolas entre requalificadas, ampliadas e constru\u00edda do zero. O investimento na educa\u00e7\u00e3o, especialmente no interior do munic\u00edpio, reflete o compromisso da minha administra\u00e7\u00e3o com a qualidade do ensino de forma integral, refor\u00e7ando a import\u00e2ncia de proporcionar condi\u00e7\u00f5es adequadas para o desenvolvimento de todos os nossos estudantes, em toda Juazeiro\u201d, destacou a prefeita, Suzana Ramos.<\/p>\n<p class=\"x_MsoNormal\" style=\"text-align: justify;\"><b>Feira Ra\u00edzes da Gente<\/b><\/p>\n<p class=\"x_MsoNormal\" style=\"text-align: justify;\">Em mais uma edi\u00e7\u00e3o, a feira Ra\u00edzes da Gente vai levar para mais perto da popula\u00e7\u00e3o diversos servi\u00e7os, como atendimentos do Cad\u00danico e Procon, al\u00e9m de atividades educacionais e recreativas para crian\u00e7as com conta\u00e7\u00e3o de hist\u00f3rias, brincadeiras, shows e pinturas. Vai ter ainda distribui\u00e7\u00e3o de mudas e uma feira do empreendedor.<\/p>\n<p class=\"x_MsoNormal\" style=\"text-align: justify;\">O SAAE vai disponibilizar servi\u00e7os de renegocia\u00e7\u00e3o de d\u00edvidas com a autarquia, reparos em vazamentos e desobstru\u00e7\u00e3o de fossas. Na sa\u00fade, haver\u00e1 vacina\u00e7\u00e3o, testes r\u00e1pidos, consultas m\u00e9dicas, pr\u00e1ticas integrativas como auriculoterapia, ventosaterapia e libera\u00e7\u00e3o miofascial. A a\u00e7\u00e3o vai ser na Escola Municipal Celso Cavalcanti de Carvalho, das 9h \u00e0s 14h.<\/p>\n<p class=\"x_MsoNormal\" style=\"text-align: justify;\">Texto: Camila Santana \u2013 Ascom Seduc\/PMJ<\/p>\n<\/div>\n<\/article>\n","protected":false},"excerpt":{"rendered":"<p>Conquistando aprova\u00e7\u00e3o e ades\u00e3o da comunidade, a Prefeitura de Juazeiro, vai realizar mais uma edi\u00e7\u00e3o da feira \u2018Ra\u00edzes da Gente&#8217;, neste s\u00e1bado (8), \u00e0s 9h, no Mandacaru I. Na ocasi\u00e3o, a prefeita Suzana Ramos tamb\u00e9m ir\u00e1 assinar a Ordem de Servi\u00e7o para a requalifica\u00e7\u00e3o da Escola Municipal Celso Cavalcanti de Carvalho. A programa\u00e7\u00e3o vai ser [&hellip;]<\/p>\n","protected":false},"author":1,"featured_media":65771,"comment_status":"open","ping_status":"open","sticky":false,"template":"","format":"standard","meta":{"_uag_custom_page_level_css":"","_monsterinsights_skip_tracking":false,"_monsterinsights_sitenote_active":false,"_monsterinsights_sitenote_note":"","_monsterinsights_sitenote_category":0,"jetpack_post_was_ever_published":false,"_jetpack_newsletter_access":"","_jetpack_dont_email_post_to_subs":false,"_jetpack_newsletter_tier_id":0,"_jetpack_memberships_contains_paywalled_content":false,"_jetpack_memberships_contains_paid_content":false,"footnotes":"","jetpack_publicize_message":"","jetpack_publicize_feature_enabled":true,"jetpack_social_post_already_shared":true,"jetpack_social_options":{"image_generator_settings":{"template":"highway","default_image_id":0,"font":"","enabled":false},"version":2}},"categories":[203],"tags":[],"class_list":["post-65770","post","type-post","status-publish","format-standard","has-post-thumbnail","hentry","category-juazeiro"],"jetpack_publicize_connections":[],"jetpack_featured_media_url":"https:\/\/blogopara.com.br\/wp-content\/uploads\/2024\/06\/thumbnail_card-raizes.jpg","uagb_featured_image_src":{"full":["https:\/\/blogopara.com.br\/wp-content\/uploads\/2024\/06\/thumbnail_card-raizes.jpg",500,500,false],"thumbnail":["https:\/\/blogopara.com.br\/wp-content\/uploads\/2024\/06\/thumbnail_card-raizes-150x150.jpg",150,150,true],"medium":["https:\/\/blogopara.com.br\/wp-content\/uploads\/2024\/06\/thumbnail_card-raizes-300x300.jpg",300,300,true],"medium_large":["https:\/\/blogopara.com.br\/wp-content\/uploads\/2024\/06\/thumbnail_card-raizes.jpg",500,500,false],"large":["https:\/\/blogopara.com.br\/wp-content\/uploads\/2024\/06\/thumbnail_card-raizes.jpg",500,500,false],"1536x1536":["https:\/\/blogopara.com.br\/wp-content\/uploads\/2024\/06\/thumbnail_card-raizes.jpg",500,500,false],"2048x2048":["https:\/\/blogopara.com.br\/wp-content\/uploads\/2024\/06\/thumbnail_card-raizes.jpg",500,500,false],"mantranews-slider-large":["https:\/\/blogopara.com.br\/wp-content\/uploads\/2024\/06\/thumbnail_card-raizes.jpg",500,500,false],"mantranews-featured-medium":["https:\/\/blogopara.com.br\/wp-content\/uploads\/2024\/06\/thumbnail_card-raizes-420x307.jpg",420,307,true],"mantranews-featured-long":["https:\/\/blogopara.com.br\/wp-content\/uploads\/2024\/06\/thumbnail_card-raizes-300x443.jpg",300,443,true],"mantranews-block-medium":["https:\/\/blogopara.com.br\/wp-content\/uploads\/2024\/06\/thumbnail_card-raizes-464x290.jpg",464,290,true],"mantranews-carousel-image":["https:\/\/blogopara.com.br\/wp-content\/uploads\/2024\/06\/thumbnail_card-raizes.jpg",500,500,false],"mantranews-block-thumb":["https:\/\/blogopara.com.br\/wp-content\/uploads\/2024\/06\/thumbnail_card-raizes-322x230.jpg",322,230,true],"mantranews-single-large":["https:\/\/blogopara.com.br\/wp-content\/uploads\/2024\/06\/thumbnail_card-raizes.jpg",500,500,false]},"uagb_author_info":{"display_name":"Reda\u00e7\u00e3o geral","author_link":"https:\/\/blogopara.com.br\/index.php\/author\/blogopara"},"uagb_comment_info":0,"uagb_excerpt":"Conquistando aprova\u00e7\u00e3o e ades\u00e3o da comunidade, a Prefeitura de Juazeiro, vai realizar mais uma edi\u00e7\u00e3o da feira \u2018Ra\u00edzes da Gente&#8217;, neste s\u00e1bado (8), \u00e0s 9h, no Mandacaru I. Na ocasi\u00e3o, a prefeita Suzana Ramos tamb\u00e9m ir\u00e1 assinar a Ordem de Servi\u00e7o para a requalifica\u00e7\u00e3o da Escola Municipal Celso Cavalcanti de Carvalho. A programa\u00e7\u00e3o vai ser&hellip;","jetpack_sharing_enabled":true,"jetpack_likes_enabled":true,"_links":{"self":[{"href":"https:\/\/blogopara.com.br\/index.php\/wp-json\/wp\/v2\/posts\/65770","targetHints":{"allow":["GET"]}}],"collection":[{"href":"https:\/\/blogopara.com.br\/index.php\/wp-json\/wp\/v2\/posts"}],"about":[{"href":"https:\/\/blogopara.com.br\/index.php\/wp-json\/wp\/v2\/types\/post"}],"author":[{"embeddable":true,"href":"https:\/\/blogopara.com.br\/index.php\/wp-json\/wp\/v2\/users\/1"}],"replies":[{"embeddable":true,"href":"https:\/\/blogopara.com.br\/index.php\/wp-json\/wp\/v2\/comments?post=65770"}],"version-history":[{"count":1,"href":"https:\/\/blogopara.com.br\/index.php\/wp-json\/wp\/v2\/posts\/65770\/revisions"}],"predecessor-version":[{"id":65772,"href":"https:\/\/blogopara.com.br\/index.php\/wp-json\/wp\/v2\/posts\/65770\/revisions\/65772"}],"wp:featuredmedia":[{"embeddable":true,"href":"https:\/\/blogopara.com.br\/index.php\/wp-json\/wp\/v2\/media\/65771"}],"wp:attachment":[{"href":"https:\/\/blogopara.com.br\/index.php\/wp-json\/wp\/v2\/media?parent=65770"}],"wp:term":[{"taxonomy":"category","embeddable":true,"href":"https:\/\/blogopara.com.br\/index.php\/wp-json\/wp\/v2\/categories?post=65770"},{"taxonomy":"post_tag","embeddable":true,"href":"https:\/\/blogopara.com.br\/index.php\/wp-json\/wp\/v2\/tags?post=65770"}],"curies":[{"name":"wp","href":"https:\/\/api.w.org\/{rel}","templated":true}]}}