{"id":65773,"date":"2024-06-07T14:26:31","date_gmt":"2024-06-07T17:26:31","guid":{"rendered":"https:\/\/blogopara.com.br\/?p=65773"},"modified":"2024-06-07T14:26:34","modified_gmt":"2024-06-07T17:26:34","slug":"forro-e-arrasta-pe-marcam-a-abertura-da-3a-edicao-do-santo-antonio-das-tradicoes-em-juazeiro-festa-segue-ate-o-domingo-9","status":"publish","type":"post","link":"https:\/\/blogopara.com.br\/index.php\/2024\/06\/07\/forro-e-arrasta-pe-marcam-a-abertura-da-3a-edicao-do-santo-antonio-das-tradicoes-em-juazeiro-festa-segue-ate-o-domingo-9","title":{"rendered":"Forr\u00f3 e arrasta-p\u00e9 marcam a abertura da 3\u00aa edi\u00e7\u00e3o do Santo Ant\u00f4nio das Tradi\u00e7\u00f5es em Juazeiro; Festa segue at\u00e9 o domingo (9)"},"content":{"rendered":"<p class=\"x_MsoNormal\" style=\"text-align: justify;\">Com muito forr\u00f3, arrasta-p\u00e9 e aprova\u00e7\u00e3o do p\u00fablico, o Santo Ant\u00f4nio das Tradi\u00e7\u00f5es 2024 em Juazeiro, come\u00e7ou nesta quinta-feira (6). Uma festa promovida pela Prefeitura de Juazeiro, atrav\u00e9s da Secretaria de Cultura, Turismo e Esportes (Seculte), est\u00e1 em sua 3\u00aa edi\u00e7\u00e3o. Nesta primeira noite, muitas fam\u00edlias foram \u00e0 Orla II prestigiar o evento, que resgata a tradi\u00e7\u00e3o junina em Juazeiro, esquecida por muitos anos.<\/p>\n<p class=\"x_MsoNormal\" style=\"text-align: justify;\">A festa come\u00e7ou com o forr\u00f3 de Cristian Marques. Depois foi a vez do filho da terra, Targino Gondim, que relembrou grandes sucessos que marcaram \u00e9pocas do S\u00e3o Jo\u00e3o nordestino. O encerramento da primeira noite de festa ficou por conta de Dudu Almeida.<\/p>\n<p class=\"x_MsoNormal\" style=\"text-align: justify;\">A prefeita Suzana Ramos celebrou o in\u00edcio da festa e destacou o resgate das tradi\u00e7\u00f5es em sua gest\u00e3o. \u201cEm nossa gest\u00e3o, n\u00f3s resgatamos os festejos juninos e criamos o Santo Ant\u00f4nio das Tradi\u00e7\u00f5es, que passou a integrar o calend\u00e1rio de eventos do munic\u00edpio e est\u00e1 em sua terceira edi\u00e7\u00e3o. Uma festa que re\u00fane as fam\u00edlias em noites de muito forr\u00f3 e arrasta-p\u00e9, do jeito que s\u00f3 os nordestinos sabem fazer. Uma festa que garante cultura e aquece a economia local, pois \u00e9 uma democr\u00e1tica e popular, totalmente gratuita para todos. At\u00e9 o domingo, a gente se encontra na Orla II para curtir o Santo Ant\u00f4nio e o bel\u00edssimo Concurso de Quadrilhas Juninas. Agrade\u00e7o a todos que fazem dessa festa o melhor Santo Ant\u00f4nio da regi\u00e3o, \u00e0 GCM, PM, Corpo de Bombeiros, equipes de sa\u00fade que garantem a seguran\u00e7a das pessoas que v\u00eam curtir essa festa\u201d, disse a prefeita Suzana Ramos.<\/p>\n<p class=\"x_MsoNormal\" style=\"text-align: justify;\">A aposentada, Josilmara Rodrigues, parabenizou a gest\u00e3o municipal pelo resgate da tradi\u00e7\u00e3o. \u201cUma festa que resgata a tradi\u00e7\u00e3o do S\u00e3o Jo\u00e3o que foi esquecida por muito tempo em Juazeiro e ao longo desta gest\u00e3o, tem sido grandiosas no resgate da nossa cultura. Toda organiza\u00e7\u00e3o da festa est\u00e1 de parab\u00e9ns, os artistas escolhidos que s\u00e3o filhos da nossa terra e que s\u00e3o uns talentos no forr\u00f3 p\u00e9 de serra tamb\u00e9m est\u00e3o de parab\u00e9ns\u201d, avaliou Josilmara Rodrigues.<\/p>\n<p class=\"x_MsoNormal\" style=\"text-align: justify;\">O deputado estadual, Jord\u00e1vio Ramos prestigiou a abertura e parabenizou a gest\u00e3o municipal pela realiza\u00e7\u00e3o da festa, que resgata as tradi\u00e7\u00f5es do munic\u00edpio. \u201cUma festa inclusiva e acess\u00edvel a todos, resgatada pela gest\u00e3o da prefeita Suzana Ramos, que vem trabalhando incansavelmente pela valoriza\u00e7\u00e3o da cultura do munic\u00edpio. O povo juazeirense sabe fazer festa como ningu\u00e9m e o Santo Ant\u00f4nio das Tradi\u00e7\u00f5es \u00e9 a prova disso. O povo vem para a rua dan\u00e7ar o forr\u00f3, o arrasta-p\u00e9, o ambulante vem faturar e essa festa \u00e9 isso, \u00e9 \u00e0 democracia e a inclus\u00e3o de todos\u201d, disse o deputado.<\/p>\n<p class=\"x_MsoNormal\" style=\"text-align: justify;\">Iago Medeiros parabenizou a organiza\u00e7\u00e3o e seguran\u00e7a do evento. \u201cTerceiro ano participando desta festa, que j\u00e1 virou tradi\u00e7\u00e3o, e a cada ano tem sido mais organizada e com seguran\u00e7a para o p\u00fablico. \u00c9 parabenizar os organizadores, em nome da prefeita Suzana Ramos, e convidar quem n\u00e3o veio neste primeiro dia para vir curtir os pr\u00f3ximos dias\u201d, parabenizou Iago Medeiros.<\/p>\n<p class=\"x_MsoNormal\" style=\"text-align: justify;\"><b>A festa continua<\/b><\/p>\n<p class=\"x_MsoNormal\" style=\"text-align: justify;\">Nesta sexta-feira (7), a festa vai continuar com muito forr\u00f3 e arrasta p\u00e9, deixando acesa a chama do Santo Ant\u00f4nio das Tradi\u00e7\u00f5es de Juazeiro. Confira a programa\u00e7\u00e3o da segunda noite de festa:<\/p>\n<p class=\"x_MsoNormal\" style=\"text-align: justify;\">\n<p class=\"x_MsoNormal\" style=\"text-align: justify;\">21h &#8211; Pedro Evandro<\/p>\n<p class=\"x_MsoNormal\" style=\"text-align: justify;\">23h &#8211; Gean Mota<\/p>\n<p class=\"x_MsoNormal\" style=\"text-align: justify;\">1h &#8211; Raimundinho do Acordeon<\/p>\n<p class=\"x_MsoNormal\" style=\"text-align: justify;\">2h30 &#8211; S\u00e9rgio do Forr\u00f3<\/p>\n<p class=\"x_MsoNormal\" style=\"text-align: justify;\">\n<p class=\"x_MsoNormal\" style=\"text-align: justify;\">Texto: Lucas Lima &#8211; Ascom\/PMJ<\/p>\n<p class=\"x_MsoNormal\" style=\"text-align: justify;\">Fotos: Marcel Cordeiro e Ayrton Latapiat &#8211; PMJ<\/p>\n","protected":false},"excerpt":{"rendered":"<p>Com muito forr\u00f3, arrasta-p\u00e9 e aprova\u00e7\u00e3o do p\u00fablico, o Santo Ant\u00f4nio das Tradi\u00e7\u00f5es 2024 em Juazeiro, come\u00e7ou nesta quinta-feira (6). Uma festa promovida pela Prefeitura de Juazeiro, atrav\u00e9s da Secretaria de Cultura, Turismo e Esportes (Seculte), est\u00e1 em sua 3\u00aa edi\u00e7\u00e3o. Nesta primeira noite, muitas fam\u00edlias foram \u00e0 Orla II prestigiar o evento, que resgata [&hellip;]<\/p>\n","protected":false},"author":1,"featured_media":65774,"comment_status":"open","ping_status":"open","sticky":false,"template":"","format":"standard","meta":{"_uag_custom_page_level_css":"","_monsterinsights_skip_tracking":false,"_monsterinsights_sitenote_active":false,"_monsterinsights_sitenote_note":"","_monsterinsights_sitenote_category":0,"jetpack_post_was_ever_published":false,"_jetpack_newsletter_access":"","_jetpack_dont_email_post_to_subs":false,"_jetpack_newsletter_tier_id":0,"_jetpack_memberships_contains_paywalled_content":false,"_jetpack_memberships_contains_paid_content":false,"footnotes":"","jetpack_publicize_message":"","jetpack_publicize_feature_enabled":true,"jetpack_social_post_already_shared":true,"jetpack_social_options":{"image_generator_settings":{"template":"highway","default_image_id":0,"font":"","enabled":false},"version":2}},"categories":[203],"tags":[],"class_list":["post-65773","post","type-post","status-publish","format-standard","has-post-thumbnail","hentry","category-juazeiro"],"jetpack_publicize_connections":[],"jetpack_featured_media_url":"https:\/\/blogopara.com.br\/wp-content\/uploads\/2024\/06\/thumbnail_Santo-Antonio-das-Tradicoes-2.jpg","uagb_featured_image_src":{"full":["https:\/\/blogopara.com.br\/wp-content\/uploads\/2024\/06\/thumbnail_Santo-Antonio-das-Tradicoes-2.jpg",500,312,false],"thumbnail":["https:\/\/blogopara.com.br\/wp-content\/uploads\/2024\/06\/thumbnail_Santo-Antonio-das-Tradicoes-2-150x150.jpg",150,150,true],"medium":["https:\/\/blogopara.com.br\/wp-content\/uploads\/2024\/06\/thumbnail_Santo-Antonio-das-Tradicoes-2-300x187.jpg",300,187,true],"medium_large":["https:\/\/blogopara.com.br\/wp-content\/uploads\/2024\/06\/thumbnail_Santo-Antonio-das-Tradicoes-2.jpg",500,312,false],"large":["https:\/\/blogopara.com.br\/wp-content\/uploads\/2024\/06\/thumbnail_Santo-Antonio-das-Tradicoes-2.jpg",500,312,false],"1536x1536":["https:\/\/blogopara.com.br\/wp-content\/uploads\/2024\/06\/thumbnail_Santo-Antonio-das-Tradicoes-2.jpg",500,312,false],"2048x2048":["https:\/\/blogopara.com.br\/wp-content\/uploads\/2024\/06\/thumbnail_Santo-Antonio-das-Tradicoes-2.jpg",500,312,false],"mantranews-slider-large":["https:\/\/blogopara.com.br\/wp-content\/uploads\/2024\/06\/thumbnail_Santo-Antonio-das-Tradicoes-2.jpg",500,312,false],"mantranews-featured-medium":["https:\/\/blogopara.com.br\/wp-content\/uploads\/2024\/06\/thumbnail_Santo-Antonio-das-Tradicoes-2-420x307.jpg",420,307,true],"mantranews-featured-long":["https:\/\/blogopara.com.br\/wp-content\/uploads\/2024\/06\/thumbnail_Santo-Antonio-das-Tradicoes-2-300x312.jpg",300,312,true],"mantranews-block-medium":["https:\/\/blogopara.com.br\/wp-content\/uploads\/2024\/06\/thumbnail_Santo-Antonio-das-Tradicoes-2-464x290.jpg",464,290,true],"mantranews-carousel-image":["https:\/\/blogopara.com.br\/wp-content\/uploads\/2024\/06\/thumbnail_Santo-Antonio-das-Tradicoes-2.jpg",500,312,false],"mantranews-block-thumb":["https:\/\/blogopara.com.br\/wp-content\/uploads\/2024\/06\/thumbnail_Santo-Antonio-das-Tradicoes-2-322x230.jpg",322,230,true],"mantranews-single-large":["https:\/\/blogopara.com.br\/wp-content\/uploads\/2024\/06\/thumbnail_Santo-Antonio-das-Tradicoes-2.jpg",500,312,false]},"uagb_author_info":{"display_name":"Reda\u00e7\u00e3o geral","author_link":"https:\/\/blogopara.com.br\/index.php\/author\/blogopara"},"uagb_comment_info":0,"uagb_excerpt":"Com muito forr\u00f3, arrasta-p\u00e9 e aprova\u00e7\u00e3o do p\u00fablico, o Santo Ant\u00f4nio das Tradi\u00e7\u00f5es 2024 em Juazeiro, come\u00e7ou nesta quinta-feira (6). Uma festa promovida pela Prefeitura de Juazeiro, atrav\u00e9s da Secretaria de Cultura, Turismo e Esportes (Seculte), est\u00e1 em sua 3\u00aa edi\u00e7\u00e3o. Nesta primeira noite, muitas fam\u00edlias foram \u00e0 Orla II prestigiar o evento, que resgata&hellip;","jetpack_sharing_enabled":true,"jetpack_likes_enabled":true,"_links":{"self":[{"href":"https:\/\/blogopara.com.br\/index.php\/wp-json\/wp\/v2\/posts\/65773","targetHints":{"allow":["GET"]}}],"collection":[{"href":"https:\/\/blogopara.com.br\/index.php\/wp-json\/wp\/v2\/posts"}],"about":[{"href":"https:\/\/blogopara.com.br\/index.php\/wp-json\/wp\/v2\/types\/post"}],"author":[{"embeddable":true,"href":"https:\/\/blogopara.com.br\/index.php\/wp-json\/wp\/v2\/users\/1"}],"replies":[{"embeddable":true,"href":"https:\/\/blogopara.com.br\/index.php\/wp-json\/wp\/v2\/comments?post=65773"}],"version-history":[{"count":1,"href":"https:\/\/blogopara.com.br\/index.php\/wp-json\/wp\/v2\/posts\/65773\/revisions"}],"predecessor-version":[{"id":65775,"href":"https:\/\/blogopara.com.br\/index.php\/wp-json\/wp\/v2\/posts\/65773\/revisions\/65775"}],"wp:featuredmedia":[{"embeddable":true,"href":"https:\/\/blogopara.com.br\/index.php\/wp-json\/wp\/v2\/media\/65774"}],"wp:attachment":[{"href":"https:\/\/blogopara.com.br\/index.php\/wp-json\/wp\/v2\/media?parent=65773"}],"wp:term":[{"taxonomy":"category","embeddable":true,"href":"https:\/\/blogopara.com.br\/index.php\/wp-json\/wp\/v2\/categories?post=65773"},{"taxonomy":"post_tag","embeddable":true,"href":"https:\/\/blogopara.com.br\/index.php\/wp-json\/wp\/v2\/tags?post=65773"}],"curies":[{"name":"wp","href":"https:\/\/api.w.org\/{rel}","templated":true}]}}