{"id":65825,"date":"2024-06-10T08:46:00","date_gmt":"2024-06-10T11:46:00","guid":{"rendered":"https:\/\/blogopara.com.br\/?p=65825"},"modified":"2024-06-09T20:48:31","modified_gmt":"2024-06-09T23:48:31","slug":"prefeitura-de-juazeiro-realiza-feira-raizes-da-gente-e-assina-ordem-de-servico-para-requalificacao-de-escola-no-mandacaru-i","status":"publish","type":"post","link":"https:\/\/blogopara.com.br\/index.php\/2024\/06\/10\/prefeitura-de-juazeiro-realiza-feira-raizes-da-gente-e-assina-ordem-de-servico-para-requalificacao-de-escola-no-mandacaru-i","title":{"rendered":"Prefeitura de Juazeiro realiza feira \u2018Ra\u00edzes da Gente\u2019 e assina Ordem de Servi\u00e7o para requalifica\u00e7\u00e3o de escola no Mandacaru I"},"content":{"rendered":"<div style=\"text-align: justify;\">A Prefeitura de Juazeiro realizou mais uma edi\u00e7\u00e3o da feira \u2018Ra\u00edzes da Gente&#8217;, neste s\u00e1bado (8), no Mandacaru I. A iniciativa, que tem conquistado a aprova\u00e7\u00e3o e ades\u00e3o da comunidade, oferta diversos servi\u00e7os p\u00fablicos, al\u00e9m de atividades educacionais e recreativas para crian\u00e7as. Na ocasi\u00e3o, a prefeita Suzana Ramos tamb\u00e9m assinou a Ordem de Servi\u00e7o para a requalifica\u00e7\u00e3o da Escola Municipal Celso Cavalcanti de Carvalho, unidade de ensino onde foi realizada a a\u00e7\u00e3o.<\/div>\n<div style=\"text-align: justify;\"><\/div>\n<div style=\"text-align: justify;\">\u201cHoje, assino mais uma Ordem de Servi\u00e7o para a requalifica\u00e7\u00e3o de mais uma escola da educa\u00e7\u00e3o municipal, que desta vez vai receber um investimento de cerca de R$ 300 mil em recursos pr\u00f3prios, para a entrega de uma nova unidade de ensino totalmente transformada. E anunciar essa reforma em meio \u00e0 programa\u00e7\u00e3o do \u2018Ra\u00edzes da Gente\u2019 \u00e9 mais do que satisfat\u00f3rio, pois entregamos a novidade de mais desenvolvimento junto com a oferta de diversos servi\u00e7os e atividades recreativas para a localidade\u201d, destacou a prefeita, Suzana Ramos.<\/div>\n<div style=\"text-align: justify;\"><\/div>\n<div style=\"text-align: justify;\">Prestigiando a programa\u00e7\u00e3o, a moradora da localidade, Valcilene da Silva Rodrigues, avaliou a iniciativa. \u201cEu aproveitei a oportunidade para atualizar meu Bolsa Fam\u00edlia, j\u00e1 que a equipe do Cad\u00danico veio at\u00e9 nossa comunidade. E eu s\u00f3 tenho a agradecer. Fui muito bem atendida, resolvi a atualiza\u00e7\u00e3o do meu cadastro, tudo muito r\u00e1pido e bem pertinho de casa\u201d, contou Valcilene.<\/div>\n<div style=\"text-align: justify;\"><\/div>\n<div style=\"text-align: justify;\">Compareceram na a\u00e7\u00e3o, a vereadora Neguinha da Santa Casa, secret\u00e1rios municipais, assessores especiais do governo, comunidade escolar e moradores da regi\u00e3o.<\/div>\n<div style=\"text-align: justify;\"><\/div>\n<div style=\"text-align: justify;\">\u2018Ra\u00edzes da Gente\u2019<\/div>\n<div style=\"text-align: justify;\">Em mais uma edi\u00e7\u00e3o, a feira \u2018Ra\u00edzes da Gente\u2019 levou para mais perto da popula\u00e7\u00e3o diversos servi\u00e7os, como atendimentos do Cad\u00danico e Procon, al\u00e9m de atividades educacionais e recreativas para crian\u00e7as com conta\u00e7\u00e3o de hist\u00f3rias, brincadeiras, shows e pinturas.<\/div>\n<div style=\"text-align: justify;\"><\/div>\n<div style=\"text-align: justify;\">O SAAE tamb\u00e9m esteve presente e disponibilizou servi\u00e7os de renegocia\u00e7\u00e3o de d\u00edvidas com a autarquia, reparos em vazamentos e desobstru\u00e7\u00e3o de fossas. Na sa\u00fade, houve pr\u00e1ticas integrativas como auriculoterapia, ventosaterapia e libera\u00e7\u00e3o miofascial.<\/div>\n<div style=\"text-align: justify;\"><\/div>\n<div style=\"text-align: justify;\"><\/div>\n","protected":false},"excerpt":{"rendered":"<p>A Prefeitura de Juazeiro realizou mais uma edi\u00e7\u00e3o da feira \u2018Ra\u00edzes da Gente&#8217;, neste s\u00e1bado (8), no Mandacaru I. A iniciativa, que tem conquistado a aprova\u00e7\u00e3o e ades\u00e3o da comunidade, oferta diversos servi\u00e7os p\u00fablicos, al\u00e9m de atividades educacionais e recreativas para crian\u00e7as. Na ocasi\u00e3o, a prefeita Suzana Ramos tamb\u00e9m assinou a Ordem de Servi\u00e7o para [&hellip;]<\/p>\n","protected":false},"author":1,"featured_media":65826,"comment_status":"open","ping_status":"open","sticky":false,"template":"","format":"standard","meta":{"_uag_custom_page_level_css":"","_monsterinsights_skip_tracking":false,"_monsterinsights_sitenote_active":false,"_monsterinsights_sitenote_note":"","_monsterinsights_sitenote_category":0,"jetpack_post_was_ever_published":false,"_jetpack_newsletter_access":"","_jetpack_dont_email_post_to_subs":false,"_jetpack_newsletter_tier_id":0,"_jetpack_memberships_contains_paywalled_content":false,"_jetpack_memberships_contains_paid_content":false,"footnotes":"","jetpack_publicize_message":"","jetpack_publicize_feature_enabled":true,"jetpack_social_post_already_shared":true,"jetpack_social_options":{"image_generator_settings":{"template":"highway","default_image_id":0,"font":"","enabled":false},"version":2}},"categories":[203],"tags":[],"class_list":["post-65825","post","type-post","status-publish","format-standard","has-post-thumbnail","hentry","category-juazeiro"],"jetpack_publicize_connections":[],"jetpack_featured_media_url":"https:\/\/blogopara.com.br\/wp-content\/uploads\/2024\/06\/thumbnail_raizes-da-gente-mandacaru-e-ordem-de-servico-08.06.2024-08.jpg","uagb_featured_image_src":{"full":["https:\/\/blogopara.com.br\/wp-content\/uploads\/2024\/06\/thumbnail_raizes-da-gente-mandacaru-e-ordem-de-servico-08.06.2024-08.jpg",500,333,false],"thumbnail":["https:\/\/blogopara.com.br\/wp-content\/uploads\/2024\/06\/thumbnail_raizes-da-gente-mandacaru-e-ordem-de-servico-08.06.2024-08-150x150.jpg",150,150,true],"medium":["https:\/\/blogopara.com.br\/wp-content\/uploads\/2024\/06\/thumbnail_raizes-da-gente-mandacaru-e-ordem-de-servico-08.06.2024-08-300x200.jpg",300,200,true],"medium_large":["https:\/\/blogopara.com.br\/wp-content\/uploads\/2024\/06\/thumbnail_raizes-da-gente-mandacaru-e-ordem-de-servico-08.06.2024-08.jpg",500,333,false],"large":["https:\/\/blogopara.com.br\/wp-content\/uploads\/2024\/06\/thumbnail_raizes-da-gente-mandacaru-e-ordem-de-servico-08.06.2024-08.jpg",500,333,false],"1536x1536":["https:\/\/blogopara.com.br\/wp-content\/uploads\/2024\/06\/thumbnail_raizes-da-gente-mandacaru-e-ordem-de-servico-08.06.2024-08.jpg",500,333,false],"2048x2048":["https:\/\/blogopara.com.br\/wp-content\/uploads\/2024\/06\/thumbnail_raizes-da-gente-mandacaru-e-ordem-de-servico-08.06.2024-08.jpg",500,333,false],"mantranews-slider-large":["https:\/\/blogopara.com.br\/wp-content\/uploads\/2024\/06\/thumbnail_raizes-da-gente-mandacaru-e-ordem-de-servico-08.06.2024-08.jpg",500,333,false],"mantranews-featured-medium":["https:\/\/blogopara.com.br\/wp-content\/uploads\/2024\/06\/thumbnail_raizes-da-gente-mandacaru-e-ordem-de-servico-08.06.2024-08-420x307.jpg",420,307,true],"mantranews-featured-long":["https:\/\/blogopara.com.br\/wp-content\/uploads\/2024\/06\/thumbnail_raizes-da-gente-mandacaru-e-ordem-de-servico-08.06.2024-08-300x333.jpg",300,333,true],"mantranews-block-medium":["https:\/\/blogopara.com.br\/wp-content\/uploads\/2024\/06\/thumbnail_raizes-da-gente-mandacaru-e-ordem-de-servico-08.06.2024-08-464x290.jpg",464,290,true],"mantranews-carousel-image":["https:\/\/blogopara.com.br\/wp-content\/uploads\/2024\/06\/thumbnail_raizes-da-gente-mandacaru-e-ordem-de-servico-08.06.2024-08.jpg",500,333,false],"mantranews-block-thumb":["https:\/\/blogopara.com.br\/wp-content\/uploads\/2024\/06\/thumbnail_raizes-da-gente-mandacaru-e-ordem-de-servico-08.06.2024-08-322x230.jpg",322,230,true],"mantranews-single-large":["https:\/\/blogopara.com.br\/wp-content\/uploads\/2024\/06\/thumbnail_raizes-da-gente-mandacaru-e-ordem-de-servico-08.06.2024-08.jpg",500,333,false]},"uagb_author_info":{"display_name":"Reda\u00e7\u00e3o geral","author_link":"https:\/\/blogopara.com.br\/index.php\/author\/blogopara"},"uagb_comment_info":0,"uagb_excerpt":"A Prefeitura de Juazeiro realizou mais uma edi\u00e7\u00e3o da feira \u2018Ra\u00edzes da Gente&#8217;, neste s\u00e1bado (8), no Mandacaru I. A iniciativa, que tem conquistado a aprova\u00e7\u00e3o e ades\u00e3o da comunidade, oferta diversos servi\u00e7os p\u00fablicos, al\u00e9m de atividades educacionais e recreativas para crian\u00e7as. Na ocasi\u00e3o, a prefeita Suzana Ramos tamb\u00e9m assinou a Ordem de Servi\u00e7o para&hellip;","jetpack_sharing_enabled":true,"jetpack_likes_enabled":true,"_links":{"self":[{"href":"https:\/\/blogopara.com.br\/index.php\/wp-json\/wp\/v2\/posts\/65825","targetHints":{"allow":["GET"]}}],"collection":[{"href":"https:\/\/blogopara.com.br\/index.php\/wp-json\/wp\/v2\/posts"}],"about":[{"href":"https:\/\/blogopara.com.br\/index.php\/wp-json\/wp\/v2\/types\/post"}],"author":[{"embeddable":true,"href":"https:\/\/blogopara.com.br\/index.php\/wp-json\/wp\/v2\/users\/1"}],"replies":[{"embeddable":true,"href":"https:\/\/blogopara.com.br\/index.php\/wp-json\/wp\/v2\/comments?post=65825"}],"version-history":[{"count":1,"href":"https:\/\/blogopara.com.br\/index.php\/wp-json\/wp\/v2\/posts\/65825\/revisions"}],"predecessor-version":[{"id":65827,"href":"https:\/\/blogopara.com.br\/index.php\/wp-json\/wp\/v2\/posts\/65825\/revisions\/65827"}],"wp:featuredmedia":[{"embeddable":true,"href":"https:\/\/blogopara.com.br\/index.php\/wp-json\/wp\/v2\/media\/65826"}],"wp:attachment":[{"href":"https:\/\/blogopara.com.br\/index.php\/wp-json\/wp\/v2\/media?parent=65825"}],"wp:term":[{"taxonomy":"category","embeddable":true,"href":"https:\/\/blogopara.com.br\/index.php\/wp-json\/wp\/v2\/categories?post=65825"},{"taxonomy":"post_tag","embeddable":true,"href":"https:\/\/blogopara.com.br\/index.php\/wp-json\/wp\/v2\/tags?post=65825"}],"curies":[{"name":"wp","href":"https:\/\/api.w.org\/{rel}","templated":true}]}}