{"id":65830,"date":"2024-06-10T20:13:10","date_gmt":"2024-06-10T23:13:10","guid":{"rendered":"https:\/\/blogopara.com.br\/?p=65830"},"modified":"2024-06-10T20:13:13","modified_gmt":"2024-06-10T23:13:13","slug":"prefeita-suzana-ramos-recebe-ministros-de-estado-em-juazeiro-e-participa-da-missao-climatica-pela-caatinga","status":"publish","type":"post","link":"https:\/\/blogopara.com.br\/index.php\/2024\/06\/10\/prefeita-suzana-ramos-recebe-ministros-de-estado-em-juazeiro-e-participa-da-missao-climatica-pela-caatinga","title":{"rendered":"Prefeita Suzana Ramos recebe ministros de estado em Juazeiro e participa da Miss\u00e3o Clim\u00e1tica pela Caatinga"},"content":{"rendered":"<p style=\"text-align: justify;\">A prefeita Suzana Ramos recebeu na manh\u00e3 desta segunda-feira (10) o ministro do Desenvolvimento e Assist\u00eancia Social, Fam\u00edlia e Combate \u00e0 Fome, Wellington Dias, a ministra do Meio Ambiente e Mudan\u00e7a do Clima do Brasil, Marina Silva, e o governador do Estado, Jer\u00f4nimo Rodrigues, na Miss\u00e3o Clim\u00e1tica pela Caatinga. A comitiva esteve na comunidade de Malhada da Areia, em Pinh\u00f5es, onde inspecionaram as \u00e1reas com solos degradados e locais de recaatingamento.<\/p>\n<p>\u201c\u00c9 uma alegria muito grande representar nossa cidade na comitiva dos ministros e do governador durante essa importante miss\u00e3o clim\u00e1tica pela Caatinga. Nossa presen\u00e7a demonstra o nosso compromisso com a preserva\u00e7\u00e3o ambiental e a luta contra as mudan\u00e7as clim\u00e1ticas, al\u00e9m de fortalecer parcerias e buscar solu\u00e7\u00f5es conjuntas para proteger nosso ecossistema \u00fanico\u201d, destacou a prefeita Suzana Ramos.<\/p>\n<p>Pela manh\u00e3, ministros e demais autoridades estiveram na comunidade de fundo de pasto de Malhada da Areia para realizar uma visita guiada a uma \u00e1rea de solos degradados e conheceram as tecnologias sociais e pr\u00e1ticas de conviv\u00eancia com o Semi\u00e1rido, entre elas o<br \/>\nrecaatingamento.<\/p>\n<p>A miss\u00e3o tamb\u00e9m contou com a presen\u00e7a do secret\u00e1rio da Conven\u00e7\u00e3o das Na\u00e7\u00f5es Unidas de Combate \u00e0 Desertifica\u00e7\u00e3o, Ibrahim Thiaw, al\u00e9m dos secret\u00e1rios municipais de governo e o vereador Jean Gomes.<\/p>\n<p>Texto: Lucas Lima &#8211; Ascom\/PMJ<br \/>\nFotos: Ayrton Latapiat\/PMJ<\/p>\n","protected":false},"excerpt":{"rendered":"<p>A prefeita Suzana Ramos recebeu na manh\u00e3 desta segunda-feira (10) o ministro do Desenvolvimento e Assist\u00eancia Social, Fam\u00edlia e Combate \u00e0 Fome, Wellington Dias, a ministra do Meio Ambiente e Mudan\u00e7a do Clima do Brasil, Marina Silva, e o governador do Estado, Jer\u00f4nimo Rodrigues, na Miss\u00e3o Clim\u00e1tica pela Caatinga. A comitiva esteve na comunidade de [&hellip;]<\/p>\n","protected":false},"author":1,"featured_media":65831,"comment_status":"open","ping_status":"open","sticky":false,"template":"","format":"standard","meta":{"_uag_custom_page_level_css":"","_monsterinsights_skip_tracking":false,"_monsterinsights_sitenote_active":false,"_monsterinsights_sitenote_note":"","_monsterinsights_sitenote_category":0,"jetpack_post_was_ever_published":false,"_jetpack_newsletter_access":"","_jetpack_dont_email_post_to_subs":false,"_jetpack_newsletter_tier_id":0,"_jetpack_memberships_contains_paywalled_content":false,"_jetpack_memberships_contains_paid_content":false,"footnotes":"","jetpack_publicize_message":"","jetpack_publicize_feature_enabled":true,"jetpack_social_post_already_shared":true,"jetpack_social_options":{"image_generator_settings":{"template":"highway","default_image_id":0,"font":"","enabled":false},"version":2}},"categories":[203],"tags":[],"class_list":["post-65830","post","type-post","status-publish","format-standard","has-post-thumbnail","hentry","category-juazeiro"],"jetpack_publicize_connections":[],"jetpack_featured_media_url":"https:\/\/blogopara.com.br\/wp-content\/uploads\/2024\/06\/thumbnail_WhatsApp-Image-2024-06-10-at-16.26.46.jpg","uagb_featured_image_src":{"full":["https:\/\/blogopara.com.br\/wp-content\/uploads\/2024\/06\/thumbnail_WhatsApp-Image-2024-06-10-at-16.26.46.jpg",500,312,false],"thumbnail":["https:\/\/blogopara.com.br\/wp-content\/uploads\/2024\/06\/thumbnail_WhatsApp-Image-2024-06-10-at-16.26.46-150x150.jpg",150,150,true],"medium":["https:\/\/blogopara.com.br\/wp-content\/uploads\/2024\/06\/thumbnail_WhatsApp-Image-2024-06-10-at-16.26.46-300x187.jpg",300,187,true],"medium_large":["https:\/\/blogopara.com.br\/wp-content\/uploads\/2024\/06\/thumbnail_WhatsApp-Image-2024-06-10-at-16.26.46.jpg",500,312,false],"large":["https:\/\/blogopara.com.br\/wp-content\/uploads\/2024\/06\/thumbnail_WhatsApp-Image-2024-06-10-at-16.26.46.jpg",500,312,false],"1536x1536":["https:\/\/blogopara.com.br\/wp-content\/uploads\/2024\/06\/thumbnail_WhatsApp-Image-2024-06-10-at-16.26.46.jpg",500,312,false],"2048x2048":["https:\/\/blogopara.com.br\/wp-content\/uploads\/2024\/06\/thumbnail_WhatsApp-Image-2024-06-10-at-16.26.46.jpg",500,312,false],"mantranews-slider-large":["https:\/\/blogopara.com.br\/wp-content\/uploads\/2024\/06\/thumbnail_WhatsApp-Image-2024-06-10-at-16.26.46.jpg",500,312,false],"mantranews-featured-medium":["https:\/\/blogopara.com.br\/wp-content\/uploads\/2024\/06\/thumbnail_WhatsApp-Image-2024-06-10-at-16.26.46-420x307.jpg",420,307,true],"mantranews-featured-long":["https:\/\/blogopara.com.br\/wp-content\/uploads\/2024\/06\/thumbnail_WhatsApp-Image-2024-06-10-at-16.26.46-300x312.jpg",300,312,true],"mantranews-block-medium":["https:\/\/blogopara.com.br\/wp-content\/uploads\/2024\/06\/thumbnail_WhatsApp-Image-2024-06-10-at-16.26.46-464x290.jpg",464,290,true],"mantranews-carousel-image":["https:\/\/blogopara.com.br\/wp-content\/uploads\/2024\/06\/thumbnail_WhatsApp-Image-2024-06-10-at-16.26.46.jpg",500,312,false],"mantranews-block-thumb":["https:\/\/blogopara.com.br\/wp-content\/uploads\/2024\/06\/thumbnail_WhatsApp-Image-2024-06-10-at-16.26.46-322x230.jpg",322,230,true],"mantranews-single-large":["https:\/\/blogopara.com.br\/wp-content\/uploads\/2024\/06\/thumbnail_WhatsApp-Image-2024-06-10-at-16.26.46.jpg",500,312,false]},"uagb_author_info":{"display_name":"Reda\u00e7\u00e3o geral","author_link":"https:\/\/blogopara.com.br\/index.php\/author\/blogopara"},"uagb_comment_info":0,"uagb_excerpt":"A prefeita Suzana Ramos recebeu na manh\u00e3 desta segunda-feira (10) o ministro do Desenvolvimento e Assist\u00eancia Social, Fam\u00edlia e Combate \u00e0 Fome, Wellington Dias, a ministra do Meio Ambiente e Mudan\u00e7a do Clima do Brasil, Marina Silva, e o governador do Estado, Jer\u00f4nimo Rodrigues, na Miss\u00e3o Clim\u00e1tica pela Caatinga. A comitiva esteve na comunidade de&hellip;","jetpack_sharing_enabled":true,"jetpack_likes_enabled":true,"_links":{"self":[{"href":"https:\/\/blogopara.com.br\/index.php\/wp-json\/wp\/v2\/posts\/65830","targetHints":{"allow":["GET"]}}],"collection":[{"href":"https:\/\/blogopara.com.br\/index.php\/wp-json\/wp\/v2\/posts"}],"about":[{"href":"https:\/\/blogopara.com.br\/index.php\/wp-json\/wp\/v2\/types\/post"}],"author":[{"embeddable":true,"href":"https:\/\/blogopara.com.br\/index.php\/wp-json\/wp\/v2\/users\/1"}],"replies":[{"embeddable":true,"href":"https:\/\/blogopara.com.br\/index.php\/wp-json\/wp\/v2\/comments?post=65830"}],"version-history":[{"count":1,"href":"https:\/\/blogopara.com.br\/index.php\/wp-json\/wp\/v2\/posts\/65830\/revisions"}],"predecessor-version":[{"id":65832,"href":"https:\/\/blogopara.com.br\/index.php\/wp-json\/wp\/v2\/posts\/65830\/revisions\/65832"}],"wp:featuredmedia":[{"embeddable":true,"href":"https:\/\/blogopara.com.br\/index.php\/wp-json\/wp\/v2\/media\/65831"}],"wp:attachment":[{"href":"https:\/\/blogopara.com.br\/index.php\/wp-json\/wp\/v2\/media?parent=65830"}],"wp:term":[{"taxonomy":"category","embeddable":true,"href":"https:\/\/blogopara.com.br\/index.php\/wp-json\/wp\/v2\/categories?post=65830"},{"taxonomy":"post_tag","embeddable":true,"href":"https:\/\/blogopara.com.br\/index.php\/wp-json\/wp\/v2\/tags?post=65830"}],"curies":[{"name":"wp","href":"https:\/\/api.w.org\/{rel}","templated":true}]}}