{"id":65900,"date":"2024-06-14T13:25:00","date_gmt":"2024-06-14T16:25:00","guid":{"rendered":"https:\/\/blogopara.com.br\/?p=65900"},"modified":"2024-06-13T13:28:20","modified_gmt":"2024-06-13T16:28:20","slug":"os-efeitos-da-queda-de-popularidade-de-jeronimo-nas-eleicoes","status":"publish","type":"post","link":"https:\/\/blogopara.com.br\/index.php\/2024\/06\/14\/os-efeitos-da-queda-de-popularidade-de-jeronimo-nas-eleicoes","title":{"rendered":"Os efeitos da queda de popularidade de Jer\u00f4nimo nas elei\u00e7\u00f5es"},"content":{"rendered":"<div class=\"container--component-block flex flex-col m-0 p-2 px-4 \">\n<p id=\"paragrafo-y3viurjo9j\" class=\"component--paragrafo font-normal leading-[32px] text-tw-theme-text-default\" style=\"text-align: justify;\">A oposi\u00e7\u00e3o baiana n\u00e3o tem comemorado apenas a vantagem expressiva do prefeito Bruno Reis (Uni\u00e3o Brasil) na disputa por Salvador. O grupo pol\u00edtico tamb\u00e9m tem celebrado a segunda queda de popularidade do governador Jer\u00f4nimo Rodrigues (PT), que foi apontada pelo instituto Paran\u00e1 Pesquisas nesta ter\u00e7a-feira (4).<\/p>\n<\/div>\n<div class=\"container--component-block flex flex-col m-0 p-2 px-4 \" style=\"text-align: justify;\">\n<p id=\"paragrafo-iy5bo3a7g3\" class=\"component--paragrafo font-normal leading-[32px] text-tw-theme-text-default\">A avalia\u00e7\u00e3o entre os oposicionistas \u00e9 de que, se Jer\u00f4nimo Rodrigues permanecer com a desaprova\u00e7\u00e3o crescendo em Salvador, o governador vai acabar afundando a pr\u00e9-candidatura de Geraldo J\u00fanior (MDB) a prefeito da capital. Ou seja, em vez de impulsionar a candidatura do emedebista, o petista pode causar o efeito contr\u00e1rio e faz\u00ea-la naufragar.<\/p>\n<\/div>\n<div class=\"container--component-block flex flex-col m-0 p-2 px-4 \" style=\"text-align: justify;\">\n<p id=\"paragrafo-b225weqdtc\" class=\"component--paragrafo font-normal leading-[32px] text-tw-theme-text-default\">A consulta desta ter\u00e7a-feira mostrou que a desaprova\u00e7\u00e3o de Jer\u00f4nimo Rodrigues voltou a crescer na capital e atingiu o recorde de 43,1%. A aprova\u00e7\u00e3o \u00e9 de 52,8%. Os que n\u00e3o souberam ou n\u00e3o opinaram somam 4,1%.<\/p>\n<\/div>\n<div class=\"container--component-block flex flex-col m-0 p-2 px-4 \" style=\"text-align: justify;\">\n<p id=\"paragrafo-vkyryqn0if\" class=\"component--paragrafo font-normal leading-[32px] text-tw-theme-text-default\">Para piorar, a pesquisa apontou ainda que o governador, que em tese \u00e9 a maior for\u00e7a pol\u00edtica do estado, s\u00f3 \u00e9 o quarto pol\u00edtico capaz de gerar alguma influ\u00eancia no estado. Mas s\u00f3 17,8% dizem que com certeza apoiariam um aliado dele, enquanto quase a metade do eleitorado soteropolitano (47,9%) afirmou que jamais votaria no nome indicado por Jer\u00f4nimo Rodrigues.<\/p>\n<\/div>\n<div class=\"container--component-block flex flex-col m-0 p-2 px-4 \" style=\"text-align: justify;\">\n<p id=\"paragrafo-5nkaamgv9a\" class=\"component--paragrafo font-normal leading-[32px] text-tw-theme-text-default\"><b>T\u00e1buas de salva\u00e7\u00e3o<\/b><\/p>\n<\/div>\n<div class=\"container--component-block flex flex-col m-0 p-2 px-4 \" style=\"text-align: justify;\">\n<p id=\"paragrafo-ehmn6kplp0\" class=\"component--paragrafo font-normal leading-[32px] text-tw-theme-text-default\">A oposi\u00e7\u00e3o avalia ainda que Geraldo J\u00fanior corre o risco de ficar sem as duas t\u00e1buas de salva\u00e7\u00e3o durante a elei\u00e7\u00e3o. Al\u00e9m de ter um governador com a impopularidade em alta, ele pode n\u00e3o ter o apoio do presidente Luiz In\u00e1cio Lula da Silva (PT), que tem dados sinais de que ficar\u00e1 ausente. Nesta quinta-feira (6), quando o emedebista ir\u00e1 oficializar sua pr\u00e9-candidatura a prefeito, Lula n\u00e3o estar\u00e1 presente e j\u00e1 mandou a avisar.<\/p>\n<\/div>\n<div class=\"container--component-block flex flex-col m-0 p-2 px-4 \" style=\"text-align: justify;\">\n<p id=\"paragrafo-nweklnpvvn\" class=\"component--paragrafo font-normal leading-[32px] text-tw-theme-text-default\"><b>Provoca\u00e7\u00e3o<\/b><\/p>\n<\/div>\n<div class=\"container--component-block flex flex-col m-0 p-2 px-4 \">\n<p id=\"paragrafo-0skdezd673\" class=\"component--paragrafo font-normal leading-[32px] text-tw-theme-text-default\" style=\"text-align: justify;\">O deputado estadual Tiago Correia (PSDB), da bancada de oposi\u00e7\u00e3o, provocou o governador ap\u00f3s a nova redu\u00e7\u00e3o de popularidade. &#8220;\u00c9 preciso um freio de arruma\u00e7\u00e3o imediato, pois se Jer\u00f4nimo Rodrigues n\u00e3o apresentar mudan\u00e7as r\u00e1pidas nos indicadores do governo e o ritmo de queda na aprova\u00e7\u00e3o se mantiver, poder\u00e1 se tornar o governador mais impopular da hist\u00f3ria&#8221;, afirmou o tucano.<\/p>\n<\/div>\n","protected":false},"excerpt":{"rendered":"<p>A oposi\u00e7\u00e3o baiana n\u00e3o tem comemorado apenas a vantagem expressiva do prefeito Bruno Reis (Uni\u00e3o Brasil) na disputa por Salvador. O grupo pol\u00edtico tamb\u00e9m tem celebrado a segunda queda de popularidade do governador Jer\u00f4nimo Rodrigues (PT), que foi apontada pelo instituto Paran\u00e1 Pesquisas nesta ter\u00e7a-feira (4). A avalia\u00e7\u00e3o entre os oposicionistas \u00e9 de que, se [&hellip;]<\/p>\n","protected":false},"author":1,"featured_media":44166,"comment_status":"open","ping_status":"open","sticky":false,"template":"","format":"standard","meta":{"_uag_custom_page_level_css":"","_monsterinsights_skip_tracking":false,"_monsterinsights_sitenote_active":false,"_monsterinsights_sitenote_note":"","_monsterinsights_sitenote_category":0,"jetpack_post_was_ever_published":false,"_jetpack_newsletter_access":"","_jetpack_dont_email_post_to_subs":false,"_jetpack_newsletter_tier_id":0,"_jetpack_memberships_contains_paywalled_content":false,"_jetpack_memberships_contains_paid_content":false,"footnotes":"","jetpack_publicize_message":"","jetpack_publicize_feature_enabled":true,"jetpack_social_post_already_shared":true,"jetpack_social_options":{"image_generator_settings":{"template":"highway","default_image_id":0,"font":"","enabled":false},"version":2}},"categories":[199],"tags":[],"class_list":["post-65900","post","type-post","status-publish","format-standard","has-post-thumbnail","hentry","category-bahia"],"jetpack_publicize_connections":[],"jetpack_featured_media_url":"https:\/\/blogopara.com.br\/wp-content\/uploads\/2022\/10\/Jeronimo_1.jpeg","uagb_featured_image_src":{"full":["https:\/\/blogopara.com.br\/wp-content\/uploads\/2022\/10\/Jeronimo_1.jpeg",500,333,false],"thumbnail":["https:\/\/blogopara.com.br\/wp-content\/uploads\/2022\/10\/Jeronimo_1-150x150.jpeg",150,150,true],"medium":["https:\/\/blogopara.com.br\/wp-content\/uploads\/2022\/10\/Jeronimo_1-300x200.jpeg",300,200,true],"medium_large":["https:\/\/blogopara.com.br\/wp-content\/uploads\/2022\/10\/Jeronimo_1.jpeg",500,333,false],"large":["https:\/\/blogopara.com.br\/wp-content\/uploads\/2022\/10\/Jeronimo_1.jpeg",500,333,false],"1536x1536":["https:\/\/blogopara.com.br\/wp-content\/uploads\/2022\/10\/Jeronimo_1.jpeg",500,333,false],"2048x2048":["https:\/\/blogopara.com.br\/wp-content\/uploads\/2022\/10\/Jeronimo_1.jpeg",500,333,false],"mantranews-slider-large":["https:\/\/blogopara.com.br\/wp-content\/uploads\/2022\/10\/Jeronimo_1.jpeg",500,333,false],"mantranews-featured-medium":["https:\/\/blogopara.com.br\/wp-content\/uploads\/2022\/10\/Jeronimo_1-420x307.jpeg",420,307,true],"mantranews-featured-long":["https:\/\/blogopara.com.br\/wp-content\/uploads\/2022\/10\/Jeronimo_1-300x333.jpeg",300,333,true],"mantranews-block-medium":["https:\/\/blogopara.com.br\/wp-content\/uploads\/2022\/10\/Jeronimo_1-464x290.jpeg",464,290,true],"mantranews-carousel-image":["https:\/\/blogopara.com.br\/wp-content\/uploads\/2022\/10\/Jeronimo_1.jpeg",500,333,false],"mantranews-block-thumb":["https:\/\/blogopara.com.br\/wp-content\/uploads\/2022\/10\/Jeronimo_1-322x230.jpeg",322,230,true],"mantranews-single-large":["https:\/\/blogopara.com.br\/wp-content\/uploads\/2022\/10\/Jeronimo_1.jpeg",500,333,false]},"uagb_author_info":{"display_name":"Reda\u00e7\u00e3o geral","author_link":"https:\/\/blogopara.com.br\/index.php\/author\/blogopara"},"uagb_comment_info":0,"uagb_excerpt":"A oposi\u00e7\u00e3o baiana n\u00e3o tem comemorado apenas a vantagem expressiva do prefeito Bruno Reis (Uni\u00e3o Brasil) na disputa por Salvador. O grupo pol\u00edtico tamb\u00e9m tem celebrado a segunda queda de popularidade do governador Jer\u00f4nimo Rodrigues (PT), que foi apontada pelo instituto Paran\u00e1 Pesquisas nesta ter\u00e7a-feira (4). A avalia\u00e7\u00e3o entre os oposicionistas \u00e9 de que, se&hellip;","jetpack_sharing_enabled":true,"jetpack_likes_enabled":true,"_links":{"self":[{"href":"https:\/\/blogopara.com.br\/index.php\/wp-json\/wp\/v2\/posts\/65900","targetHints":{"allow":["GET"]}}],"collection":[{"href":"https:\/\/blogopara.com.br\/index.php\/wp-json\/wp\/v2\/posts"}],"about":[{"href":"https:\/\/blogopara.com.br\/index.php\/wp-json\/wp\/v2\/types\/post"}],"author":[{"embeddable":true,"href":"https:\/\/blogopara.com.br\/index.php\/wp-json\/wp\/v2\/users\/1"}],"replies":[{"embeddable":true,"href":"https:\/\/blogopara.com.br\/index.php\/wp-json\/wp\/v2\/comments?post=65900"}],"version-history":[{"count":1,"href":"https:\/\/blogopara.com.br\/index.php\/wp-json\/wp\/v2\/posts\/65900\/revisions"}],"predecessor-version":[{"id":65901,"href":"https:\/\/blogopara.com.br\/index.php\/wp-json\/wp\/v2\/posts\/65900\/revisions\/65901"}],"wp:featuredmedia":[{"embeddable":true,"href":"https:\/\/blogopara.com.br\/index.php\/wp-json\/wp\/v2\/media\/44166"}],"wp:attachment":[{"href":"https:\/\/blogopara.com.br\/index.php\/wp-json\/wp\/v2\/media?parent=65900"}],"wp:term":[{"taxonomy":"category","embeddable":true,"href":"https:\/\/blogopara.com.br\/index.php\/wp-json\/wp\/v2\/categories?post=65900"},{"taxonomy":"post_tag","embeddable":true,"href":"https:\/\/blogopara.com.br\/index.php\/wp-json\/wp\/v2\/tags?post=65900"}],"curies":[{"name":"wp","href":"https:\/\/api.w.org\/{rel}","templated":true}]}}