{"id":65913,"date":"2024-06-14T11:02:00","date_gmt":"2024-06-14T14:02:00","guid":{"rendered":"https:\/\/blogopara.com.br\/?p=65913"},"modified":"2024-06-14T01:03:59","modified_gmt":"2024-06-14T04:03:59","slug":"juazeiro-e-representada-em-seminario-do-sistema-de-avaliacao-baiano-de-educacao","status":"publish","type":"post","link":"https:\/\/blogopara.com.br\/index.php\/2024\/06\/14\/juazeiro-e-representada-em-seminario-do-sistema-de-avaliacao-baiano-de-educacao","title":{"rendered":"Juazeiro \u00e9 representada em Semin\u00e1rio do Sistema de Avalia\u00e7\u00e3o Baiano de Educa\u00e7\u00e3o"},"content":{"rendered":"<p style=\"text-align: justify;\">A Prefeitura de Juazeiro foi representada no \u2018Semin\u00e1rio de Dissemina\u00e7\u00e3o dos Resultados do Sistema de Avalia\u00e7\u00e3o Baiano de Educa\u00e7\u00e3o (Sabe)\u2019. O evento foi realizado em Salvador, nesta quarta-feira (12), para apresentar os resultados das redes municipais de ensino na avalia\u00e7\u00e3o SABE de 2023 e os indicadores sociocontextuais para o \u00cdndice de Melhoria da Educa\u00e7\u00e3o (Imed) e promover di\u00e1logos entre profissionais da educa\u00e7\u00e3o sobre pr\u00e1ticas educacionais de experi\u00eancias exitosas.<\/p>\n<p style=\"text-align: justify;\">O evento, que foi realizado em parceria com a Universidade Federal de Juiz de Fora (UFJF) e reuniu cerca de 600 participantes. Representaram a Secretaria de Educa\u00e7\u00e3o e Juventude (Seduc), a superintendente Pedag\u00f3gica, Willany Cunha, o assessor pedag\u00f3gico, Salvador Alexandre, e a diretora de Ensino Fundamental da Seduc, Olga Ribeiro.<\/p>\n<p style=\"text-align: justify;\">\u201cA programa\u00e7\u00e3o ofereceu debates muito importantes para as pr\u00e1ticas educacionais, apresentando o contexto macro de todas as inst\u00e2ncias que executam o ensino p\u00fablico, a partir de proposta e resultados oferecidos pela avalia\u00e7\u00e3o SABE, que realiza um estudo detalhado de como a educa\u00e7\u00e3o tem se desenvolvido no territ\u00f3rio baiano. Esse estudo \u00e9 utilizado como aporte para a din\u00e2mica da educa\u00e7\u00e3o, contribuindo para a melhoria da educa\u00e7\u00e3o de todos os munic\u00edpios da Bahia\u201d, contou Salvador Alexandre.<\/p>\n<h4 style=\"text-align: justify;\"><strong>SABE<\/strong><\/h4>\n<p style=\"text-align: justify;\">O Sistema de Avalia\u00e7\u00e3o Baiano da Educa\u00e7\u00e3o (Sabe) foi criado para subsidiar o monitoramento da qualidade da educa\u00e7\u00e3o das redes p\u00fablicas (estadual e municipais). O Sistema est\u00e1 ativo desde 2007 e produz diagn\u00f3sticos, fazendo apontamentos de caminhos para o acompanhamento e a realiza\u00e7\u00e3o de interven\u00e7\u00f5es nas escolas. O Sabe desenvolveu dois projetos de avalia\u00e7\u00e3o: a Avalia\u00e7\u00e3o Externa do Ensino M\u00e9dio e a Avalia\u00e7\u00e3o Externa da Alfabetiza\u00e7\u00e3o.<\/p>\n<p style=\"text-align: justify;\"><em><span style=\"font-size: revert; color: initial;\">Fonte: Ascom\/Seduc\/PMJ<\/span><\/em><\/p>\n","protected":false},"excerpt":{"rendered":"<p>A Prefeitura de Juazeiro foi representada no \u2018Semin\u00e1rio de Dissemina\u00e7\u00e3o dos Resultados do Sistema de Avalia\u00e7\u00e3o Baiano de Educa\u00e7\u00e3o (Sabe)\u2019. O evento foi realizado em Salvador, nesta quarta-feira (12), para apresentar os resultados das redes municipais de ensino na avalia\u00e7\u00e3o SABE de 2023 e os indicadores sociocontextuais para o \u00cdndice de Melhoria da Educa\u00e7\u00e3o (Imed) [&hellip;]<\/p>\n","protected":false},"author":1,"featured_media":65914,"comment_status":"open","ping_status":"open","sticky":false,"template":"","format":"standard","meta":{"_uag_custom_page_level_css":"","_monsterinsights_skip_tracking":false,"_monsterinsights_sitenote_active":false,"_monsterinsights_sitenote_note":"","_monsterinsights_sitenote_category":0,"jetpack_post_was_ever_published":false,"_jetpack_newsletter_access":"","_jetpack_dont_email_post_to_subs":false,"_jetpack_newsletter_tier_id":0,"_jetpack_memberships_contains_paywalled_content":false,"_jetpack_memberships_contains_paid_content":false,"footnotes":"","jetpack_publicize_message":"","jetpack_publicize_feature_enabled":true,"jetpack_social_post_already_shared":true,"jetpack_social_options":{"image_generator_settings":{"template":"highway","default_image_id":0,"font":"","enabled":false},"version":2}},"categories":[209,203],"tags":[11,143,340],"class_list":["post-65913","post","type-post","status-publish","format-standard","has-post-thumbnail","hentry","category-educacao","category-juazeiro","tag-bahia","tag-juazeiro-da-bahia","tag-prefeitura-de-juazeiro"],"jetpack_publicize_connections":[],"jetpack_featured_media_url":"https:\/\/blogopara.com.br\/wp-content\/uploads\/2024\/06\/IMG-20240613-WA0055-e1718307998968.jpg","uagb_featured_image_src":{"full":["https:\/\/blogopara.com.br\/wp-content\/uploads\/2024\/06\/IMG-20240613-WA0055-e1718307998968.jpg",500,375,false],"thumbnail":["https:\/\/blogopara.com.br\/wp-content\/uploads\/2024\/06\/IMG-20240613-WA0055-e1718307998968-150x150.jpg",150,150,true],"medium":["https:\/\/blogopara.com.br\/wp-content\/uploads\/2024\/06\/IMG-20240613-WA0055-e1718307998968-300x225.jpg",300,225,true],"medium_large":["https:\/\/blogopara.com.br\/wp-content\/uploads\/2024\/06\/IMG-20240613-WA0055-e1718307998968.jpg",500,375,false],"large":["https:\/\/blogopara.com.br\/wp-content\/uploads\/2024\/06\/IMG-20240613-WA0055-e1718307998968.jpg",500,375,false],"1536x1536":["https:\/\/blogopara.com.br\/wp-content\/uploads\/2024\/06\/IMG-20240613-WA0055-e1718307998968.jpg",500,375,false],"2048x2048":["https:\/\/blogopara.com.br\/wp-content\/uploads\/2024\/06\/IMG-20240613-WA0055-e1718307998968.jpg",500,375,false],"mantranews-slider-large":["https:\/\/blogopara.com.br\/wp-content\/uploads\/2024\/06\/IMG-20240613-WA0055-e1718307998968.jpg",500,375,false],"mantranews-featured-medium":["https:\/\/blogopara.com.br\/wp-content\/uploads\/2024\/06\/IMG-20240613-WA0055-e1718307998968-420x307.jpg",420,307,true],"mantranews-featured-long":["https:\/\/blogopara.com.br\/wp-content\/uploads\/2024\/06\/IMG-20240613-WA0055-e1718307998968-300x375.jpg",300,375,true],"mantranews-block-medium":["https:\/\/blogopara.com.br\/wp-content\/uploads\/2024\/06\/IMG-20240613-WA0055-e1718307998968-464x290.jpg",464,290,true],"mantranews-carousel-image":["https:\/\/blogopara.com.br\/wp-content\/uploads\/2024\/06\/IMG-20240613-WA0055-e1718307998968.jpg",500,375,false],"mantranews-block-thumb":["https:\/\/blogopara.com.br\/wp-content\/uploads\/2024\/06\/IMG-20240613-WA0055-e1718307998968-322x230.jpg",322,230,true],"mantranews-single-large":["https:\/\/blogopara.com.br\/wp-content\/uploads\/2024\/06\/IMG-20240613-WA0055-e1718307998968.jpg",500,375,false]},"uagb_author_info":{"display_name":"Reda\u00e7\u00e3o geral","author_link":"https:\/\/blogopara.com.br\/index.php\/author\/blogopara"},"uagb_comment_info":0,"uagb_excerpt":"A Prefeitura de Juazeiro foi representada no \u2018Semin\u00e1rio de Dissemina\u00e7\u00e3o dos Resultados do Sistema de Avalia\u00e7\u00e3o Baiano de Educa\u00e7\u00e3o (Sabe)\u2019. O evento foi realizado em Salvador, nesta quarta-feira (12), para apresentar os resultados das redes municipais de ensino na avalia\u00e7\u00e3o SABE de 2023 e os indicadores sociocontextuais para o \u00cdndice de Melhoria da Educa\u00e7\u00e3o (Imed)&hellip;","jetpack_sharing_enabled":true,"jetpack_likes_enabled":true,"_links":{"self":[{"href":"https:\/\/blogopara.com.br\/index.php\/wp-json\/wp\/v2\/posts\/65913","targetHints":{"allow":["GET"]}}],"collection":[{"href":"https:\/\/blogopara.com.br\/index.php\/wp-json\/wp\/v2\/posts"}],"about":[{"href":"https:\/\/blogopara.com.br\/index.php\/wp-json\/wp\/v2\/types\/post"}],"author":[{"embeddable":true,"href":"https:\/\/blogopara.com.br\/index.php\/wp-json\/wp\/v2\/users\/1"}],"replies":[{"embeddable":true,"href":"https:\/\/blogopara.com.br\/index.php\/wp-json\/wp\/v2\/comments?post=65913"}],"version-history":[{"count":1,"href":"https:\/\/blogopara.com.br\/index.php\/wp-json\/wp\/v2\/posts\/65913\/revisions"}],"predecessor-version":[{"id":65915,"href":"https:\/\/blogopara.com.br\/index.php\/wp-json\/wp\/v2\/posts\/65913\/revisions\/65915"}],"wp:featuredmedia":[{"embeddable":true,"href":"https:\/\/blogopara.com.br\/index.php\/wp-json\/wp\/v2\/media\/65914"}],"wp:attachment":[{"href":"https:\/\/blogopara.com.br\/index.php\/wp-json\/wp\/v2\/media?parent=65913"}],"wp:term":[{"taxonomy":"category","embeddable":true,"href":"https:\/\/blogopara.com.br\/index.php\/wp-json\/wp\/v2\/categories?post=65913"},{"taxonomy":"post_tag","embeddable":true,"href":"https:\/\/blogopara.com.br\/index.php\/wp-json\/wp\/v2\/tags?post=65913"}],"curies":[{"name":"wp","href":"https:\/\/api.w.org\/{rel}","templated":true}]}}