{"id":65935,"date":"2024-06-14T22:02:15","date_gmt":"2024-06-15T01:02:15","guid":{"rendered":"https:\/\/blogopara.com.br\/?p=65935"},"modified":"2024-06-14T22:03:28","modified_gmt":"2024-06-15T01:03:28","slug":"quem-e-o-culpado-pelos-os-transtornos-da-travessia-urbana","status":"publish","type":"post","link":"https:\/\/blogopara.com.br\/index.php\/2024\/06\/14\/quem-e-o-culpado-pelos-os-transtornos-da-travessia-urbana","title":{"rendered":"Quem \u00e9 o culpado pelos os transtornos da travessia urbana?"},"content":{"rendered":"<p style=\"text-align: justify;\">Mais um acidente foi registrado na manh\u00e3 desta quinta-feira (13), nas proximidades da Lagoa do Calu. A obra Travessia Urbana \u00e9 motivo de v\u00e1rias cr\u00edticas.<\/p>\n<p style=\"text-align: justify;\">A aguardada travessia urbana de Juazeiro, tida como a maior obra da hist\u00f3ria do munic\u00edpio com um investimento monumental de R$ 185 milh\u00f5es, est\u00e1 enfrentando s\u00e9rios transtornos em andamento da execu\u00e7\u00e3o. O trecho da BR-235, especialmente na regi\u00e3o do bairro Piranga, tem sido palco de queixas constantes por parte de comerciantes, moradores e empres\u00e1rios locais, que denunciam dificuldades de acesso ao centro da cidade e \u00e0 rodovi\u00e1ria devido \u00e0s obras em curso.<\/p>\n<p style=\"text-align: justify;\">De acordo com os moradores, o bairro ficou isolado e sem acesso \u00e0 rotat\u00f3ria que vai para o Mercado do Produtor, rodovi\u00e1ria e tamb\u00e9m a sa\u00edda para Salvador. Ainda segundo os moradores, quem vem desses destinos tambem n\u00e3o tem nenhum acesso ao bairro. &#8220;A situa\u00e7\u00e3o \u00e9 uma calamidade. N\u00e3o se justifica uma obra com dez meses de constru\u00e7\u00e3o n\u00e3o ter sido ainda finalizada. Precisamos de apoio das autoridades p\u00fablicas para que os problemas sejam resolvidos&#8221;<\/p>\n<p style=\"text-align: justify;\">As principais reclama\u00e7\u00f5es dos empres\u00e1rios diz respeito \u00e0 falta de planejamento e comunica\u00e7\u00e3o sobre andamento das obras, de forma a minimizar os preju\u00edzos ao com\u00e9rcio, o fechamento de empresas, que j\u00e1 vem ocorrendo, al\u00e9m do desemprego que impacta fortemente na economia do munic\u00edpio.<\/p>\n<p style=\"text-align: justify;\">A obra, que ficou parada por anos devido a irregularidades, foi destravada na gest\u00e3o Suzana Ramos, que desde que assumiu o Pa\u00e7o Municipal, se esfor\u00e7ou para o destrave da obra, ao lado do deputado federal Adolfo Viana, conseguiram a retomada dos servi\u00e7os.<\/p>\n<p style=\"text-align: justify;\">Mas de quem \u00e9 culpa pelos os transtornos causados pela obra da travessia urbana? A pergunta a principio n\u00e3o parece ser t\u00e3o \u00f3bvia, mas voltando no tempo vamos perceber claramente que o maior respons\u00e1vel \u00e9 o ex-prefeito Isaac Carvalho.<\/p>\n<p style=\"text-align: justify;\">A obra foi iniciada durante a sua gest\u00e3o, e foi paralisada tamb\u00e9m na durante a sua gest\u00e3o. A principal causa, segundo relat\u00f3rio do Tribunal de Contas da Uni\u00e3o, foi o superfaturamento da brita, entre outras causas. Segundo informa\u00e7\u00f5es oficiosas, um famoso espertalh\u00e3o que transitava no circulo de poder da \u00e9poca, obrigou a empresa a comprar brita mais cara vinda do distrito de Pinh\u00f5es.<\/p>\n<p style=\"text-align: justify;\">Na \u00e9poca que a obra come\u00e7ou em 2012, n\u00e3o existiam tantos com\u00e9rcios nas imedia\u00e7\u00f5es da lagoa de Calu, assim como, n\u00e3o existiam residencias e com\u00e9rcios em outras vias que est\u00e1 sofrendo interven\u00e7\u00f5es.<\/p>\n","protected":false},"excerpt":{"rendered":"<p>Mais um acidente foi registrado na manh\u00e3 desta quinta-feira (13), nas proximidades da Lagoa do Calu. A obra Travessia Urbana \u00e9 motivo de v\u00e1rias cr\u00edticas. A aguardada travessia urbana de Juazeiro, tida como a maior obra da hist\u00f3ria do munic\u00edpio com um investimento monumental de R$ 185 milh\u00f5es, est\u00e1 enfrentando s\u00e9rios transtornos em andamento da [&hellip;]<\/p>\n","protected":false},"author":1,"featured_media":40763,"comment_status":"open","ping_status":"open","sticky":false,"template":"","format":"standard","meta":{"_uag_custom_page_level_css":"","_monsterinsights_skip_tracking":false,"_monsterinsights_sitenote_active":false,"_monsterinsights_sitenote_note":"","_monsterinsights_sitenote_category":0,"jetpack_post_was_ever_published":false,"_jetpack_newsletter_access":"","_jetpack_dont_email_post_to_subs":false,"_jetpack_newsletter_tier_id":0,"_jetpack_memberships_contains_paywalled_content":false,"_jetpack_memberships_contains_paid_content":false,"footnotes":"","jetpack_publicize_message":"","jetpack_publicize_feature_enabled":true,"jetpack_social_post_already_shared":true,"jetpack_social_options":{"image_generator_settings":{"template":"highway","default_image_id":0,"font":"","enabled":false},"version":2}},"categories":[203],"tags":[37,11430,11071,1160],"class_list":["post-65935","post","type-post","status-publish","format-standard","has-post-thumbnail","hentry","category-juazeiro","tag-isaac-carvalho","tag-prefeito-isaac-carvalho","tag-pt-de-juazeiro","tag-tcu"],"jetpack_publicize_connections":[],"jetpack_featured_media_url":"https:\/\/blogopara.com.br\/wp-content\/uploads\/2022\/08\/isaac-carvalho-dedo-1-620x428-1.jpg","uagb_featured_image_src":{"full":["https:\/\/blogopara.com.br\/wp-content\/uploads\/2022\/08\/isaac-carvalho-dedo-1-620x428-1.jpg",500,345,false],"thumbnail":["https:\/\/blogopara.com.br\/wp-content\/uploads\/2022\/08\/isaac-carvalho-dedo-1-620x428-1-150x150.jpg",150,150,true],"medium":["https:\/\/blogopara.com.br\/wp-content\/uploads\/2022\/08\/isaac-carvalho-dedo-1-620x428-1-300x207.jpg",300,207,true],"medium_large":["https:\/\/blogopara.com.br\/wp-content\/uploads\/2022\/08\/isaac-carvalho-dedo-1-620x428-1.jpg",500,345,false],"large":["https:\/\/blogopara.com.br\/wp-content\/uploads\/2022\/08\/isaac-carvalho-dedo-1-620x428-1.jpg",500,345,false],"1536x1536":["https:\/\/blogopara.com.br\/wp-content\/uploads\/2022\/08\/isaac-carvalho-dedo-1-620x428-1.jpg",500,345,false],"2048x2048":["https:\/\/blogopara.com.br\/wp-content\/uploads\/2022\/08\/isaac-carvalho-dedo-1-620x428-1.jpg",500,345,false],"mantranews-slider-large":["https:\/\/blogopara.com.br\/wp-content\/uploads\/2022\/08\/isaac-carvalho-dedo-1-620x428-1.jpg",500,345,false],"mantranews-featured-medium":["https:\/\/blogopara.com.br\/wp-content\/uploads\/2022\/08\/isaac-carvalho-dedo-1-620x428-1-420x307.jpg",420,307,true],"mantranews-featured-long":["https:\/\/blogopara.com.br\/wp-content\/uploads\/2022\/08\/isaac-carvalho-dedo-1-620x428-1-300x345.jpg",300,345,true],"mantranews-block-medium":["https:\/\/blogopara.com.br\/wp-content\/uploads\/2022\/08\/isaac-carvalho-dedo-1-620x428-1-464x290.jpg",464,290,true],"mantranews-carousel-image":["https:\/\/blogopara.com.br\/wp-content\/uploads\/2022\/08\/isaac-carvalho-dedo-1-620x428-1.jpg",500,345,false],"mantranews-block-thumb":["https:\/\/blogopara.com.br\/wp-content\/uploads\/2022\/08\/isaac-carvalho-dedo-1-620x428-1-322x230.jpg",322,230,true],"mantranews-single-large":["https:\/\/blogopara.com.br\/wp-content\/uploads\/2022\/08\/isaac-carvalho-dedo-1-620x428-1.jpg",500,345,false]},"uagb_author_info":{"display_name":"Reda\u00e7\u00e3o geral","author_link":"https:\/\/blogopara.com.br\/index.php\/author\/blogopara"},"uagb_comment_info":0,"uagb_excerpt":"Mais um acidente foi registrado na manh\u00e3 desta quinta-feira (13), nas proximidades da Lagoa do Calu. A obra Travessia Urbana \u00e9 motivo de v\u00e1rias cr\u00edticas. A aguardada travessia urbana de Juazeiro, tida como a maior obra da hist\u00f3ria do munic\u00edpio com um investimento monumental de R$ 185 milh\u00f5es, est\u00e1 enfrentando s\u00e9rios transtornos em andamento da&hellip;","jetpack_sharing_enabled":true,"jetpack_likes_enabled":true,"_links":{"self":[{"href":"https:\/\/blogopara.com.br\/index.php\/wp-json\/wp\/v2\/posts\/65935","targetHints":{"allow":["GET"]}}],"collection":[{"href":"https:\/\/blogopara.com.br\/index.php\/wp-json\/wp\/v2\/posts"}],"about":[{"href":"https:\/\/blogopara.com.br\/index.php\/wp-json\/wp\/v2\/types\/post"}],"author":[{"embeddable":true,"href":"https:\/\/blogopara.com.br\/index.php\/wp-json\/wp\/v2\/users\/1"}],"replies":[{"embeddable":true,"href":"https:\/\/blogopara.com.br\/index.php\/wp-json\/wp\/v2\/comments?post=65935"}],"version-history":[{"count":1,"href":"https:\/\/blogopara.com.br\/index.php\/wp-json\/wp\/v2\/posts\/65935\/revisions"}],"predecessor-version":[{"id":65936,"href":"https:\/\/blogopara.com.br\/index.php\/wp-json\/wp\/v2\/posts\/65935\/revisions\/65936"}],"wp:featuredmedia":[{"embeddable":true,"href":"https:\/\/blogopara.com.br\/index.php\/wp-json\/wp\/v2\/media\/40763"}],"wp:attachment":[{"href":"https:\/\/blogopara.com.br\/index.php\/wp-json\/wp\/v2\/media?parent=65935"}],"wp:term":[{"taxonomy":"category","embeddable":true,"href":"https:\/\/blogopara.com.br\/index.php\/wp-json\/wp\/v2\/categories?post=65935"},{"taxonomy":"post_tag","embeddable":true,"href":"https:\/\/blogopara.com.br\/index.php\/wp-json\/wp\/v2\/tags?post=65935"}],"curies":[{"name":"wp","href":"https:\/\/api.w.org\/{rel}","templated":true}]}}