{"id":6612,"date":"2020-01-25T14:14:10","date_gmt":"2020-01-25T17:14:10","guid":{"rendered":"http:\/\/blogopara.com.br\/?p=6612"},"modified":"2020-01-25T14:36:32","modified_gmt":"2020-01-25T17:36:32","slug":"eles-acabaram-com-o-pcdob-agora-vao-acabar-com-o-pt-paulo-bomfim-anuncia-saida-do-pc-do-b","status":"publish","type":"post","link":"https:\/\/blogopara.com.br\/index.php\/2020\/01\/25\/eles-acabaram-com-o-pcdob-agora-vao-acabar-com-o-pt-paulo-bomfim-anuncia-saida-do-pc-do-b","title":{"rendered":"Eles acabaram com o PCdoB, agora v\u00e3o acabar com o PT. Paulo Bomfim anuncia sa\u00edda do PCdoB"},"content":{"rendered":"<p style=\"text-align: justify;\">O prefeito da cidade de Juazeiro, Paulo Bomfim, na manh\u00e3 deste s\u00e1bado, anunciou que est\u00e1 deixando o Partido Comunista do Brasil (PCdoB). O prefeito cidade vive um momento politico muito ruim, segundo as pesquisas boca a boca que correm nas esquinas da cidade, o mesmo amarga 82% de rejei\u00e7\u00e3o, arruinando a imagem do partido na cidade baiana.<\/p>\n<p style=\"text-align: justify;\">De acordo com informa\u00e7\u00f5es, a decis\u00e3o j\u00e1 havia sido comunicada \u00e0s executivas estadual e municipal do partido. Paulo Bomfim ap\u00f3s destruir o PC do B em Juazeiro, deve anunciar novo partido para fazer o que ele faz de melhor, implodi-lo, bem provavelmente que seja o PT, o mesmo partido que o padrinho Isaac Carvalho est\u00e1 filiado.<\/p>\n<p>Confira a nota:<\/p>\n<p>Ap\u00f3s mais de dez anos de milit\u00e2ncia no PCdoB, chegou a hora de seguir novos caminhos. Estou deixando o Partido Comunista do Brasil com um sentimento de profunda gratid\u00e3o pela forma como fui acolhido nesta agremia\u00e7\u00e3o que orgulha o pa\u00eds pelo seu compromisso com a igualdade social, a democracia e a \u00e9tica na pol\u00edtica.<\/p>\n<p>Continuaremos caminhando juntos, unidos pelos ideais que fizeram o presidente Lula e o ex-prefeito Isaac Carvalho promoverem grandes transforma\u00e7\u00f5es no pa\u00eds e em nossa cidade. A decis\u00e3o sobre o meu novo partido ser\u00e1 tomada em breve, sempre com a firme certeza de que continuaremos trabalhando pela constru\u00e7\u00e3o de uma sociedade mais justa e pr\u00f3spera.<\/p>\n<p>Paulo Bomfim<\/p>\n","protected":false},"excerpt":{"rendered":"<p>Sem hist\u00f3rico de milit\u00e2ncia no PCdoB, Paulo Bomfim se filiou para ser secret\u00e1rio e depois ser prefeito. Muda de partido para conseguir a reelei\u00e7\u00e3o<\/p>\n","protected":false},"author":1,"featured_media":6613,"comment_status":"open","ping_status":"open","sticky":false,"template":"","format":"standard","meta":{"_uag_custom_page_level_css":"","_monsterinsights_skip_tracking":false,"_monsterinsights_sitenote_active":false,"_monsterinsights_sitenote_note":"","_monsterinsights_sitenote_category":0,"jetpack_post_was_ever_published":false,"_jetpack_newsletter_access":"","_jetpack_dont_email_post_to_subs":false,"_jetpack_newsletter_tier_id":0,"_jetpack_memberships_contains_paywalled_content":false,"_jetpack_memberships_contains_paid_content":false,"footnotes":"","jetpack_publicize_message":"","jetpack_publicize_feature_enabled":true,"jetpack_social_post_already_shared":true,"jetpack_social_options":{"image_generator_settings":{"template":"highway","default_image_id":0,"font":"","enabled":false},"version":2}},"categories":[203],"tags":[],"class_list":["post-6612","post","type-post","status-publish","format-standard","has-post-thumbnail","hentry","category-juazeiro"],"jetpack_publicize_connections":[],"jetpack_featured_media_url":"https:\/\/blogopara.com.br\/wp-content\/uploads\/2020\/01\/paulo-bomfim-750x410-1.jpg","uagb_featured_image_src":{"full":["https:\/\/blogopara.com.br\/wp-content\/uploads\/2020\/01\/paulo-bomfim-750x410-1.jpg",750,410,false],"thumbnail":["https:\/\/blogopara.com.br\/wp-content\/uploads\/2020\/01\/paulo-bomfim-750x410-1-150x150.jpg",150,150,true],"medium":["https:\/\/blogopara.com.br\/wp-content\/uploads\/2020\/01\/paulo-bomfim-750x410-1-300x164.jpg",300,164,true],"medium_large":["https:\/\/blogopara.com.br\/wp-content\/uploads\/2020\/01\/paulo-bomfim-750x410-1.jpg",640,350,false],"large":["https:\/\/blogopara.com.br\/wp-content\/uploads\/2020\/01\/paulo-bomfim-750x410-1.jpg",640,350,false],"1536x1536":["https:\/\/blogopara.com.br\/wp-content\/uploads\/2020\/01\/paulo-bomfim-750x410-1.jpg",750,410,false],"2048x2048":["https:\/\/blogopara.com.br\/wp-content\/uploads\/2020\/01\/paulo-bomfim-750x410-1.jpg",750,410,false],"mantranews-slider-large":["https:\/\/blogopara.com.br\/wp-content\/uploads\/2020\/01\/paulo-bomfim-750x410-1.jpg",750,410,false],"mantranews-featured-medium":["https:\/\/blogopara.com.br\/wp-content\/uploads\/2020\/01\/paulo-bomfim-750x410-1.jpg",420,230,false],"mantranews-featured-long":["https:\/\/blogopara.com.br\/wp-content\/uploads\/2020\/01\/paulo-bomfim-750x410-1.jpg",300,164,false],"mantranews-block-medium":["https:\/\/blogopara.com.br\/wp-content\/uploads\/2020\/01\/paulo-bomfim-750x410-1.jpg",464,254,false],"mantranews-carousel-image":["https:\/\/blogopara.com.br\/wp-content\/uploads\/2020\/01\/paulo-bomfim-750x410-1.jpg",600,328,false],"mantranews-block-thumb":["https:\/\/blogopara.com.br\/wp-content\/uploads\/2020\/01\/paulo-bomfim-750x410-1.jpg",322,176,false],"mantranews-single-large":["https:\/\/blogopara.com.br\/wp-content\/uploads\/2020\/01\/paulo-bomfim-750x410-1.jpg",750,410,false]},"uagb_author_info":{"display_name":"Reda\u00e7\u00e3o geral","author_link":"https:\/\/blogopara.com.br\/index.php\/author\/blogopara"},"uagb_comment_info":1,"uagb_excerpt":"Sem hist\u00f3rico de milit\u00e2ncia no PCdoB, Paulo Bomfim se filiou para ser secret\u00e1rio e depois ser prefeito. Muda de partido para conseguir a reelei\u00e7\u00e3o","jetpack_sharing_enabled":true,"jetpack_likes_enabled":true,"_links":{"self":[{"href":"https:\/\/blogopara.com.br\/index.php\/wp-json\/wp\/v2\/posts\/6612","targetHints":{"allow":["GET"]}}],"collection":[{"href":"https:\/\/blogopara.com.br\/index.php\/wp-json\/wp\/v2\/posts"}],"about":[{"href":"https:\/\/blogopara.com.br\/index.php\/wp-json\/wp\/v2\/types\/post"}],"author":[{"embeddable":true,"href":"https:\/\/blogopara.com.br\/index.php\/wp-json\/wp\/v2\/users\/1"}],"replies":[{"embeddable":true,"href":"https:\/\/blogopara.com.br\/index.php\/wp-json\/wp\/v2\/comments?post=6612"}],"version-history":[{"count":3,"href":"https:\/\/blogopara.com.br\/index.php\/wp-json\/wp\/v2\/posts\/6612\/revisions"}],"predecessor-version":[{"id":6621,"href":"https:\/\/blogopara.com.br\/index.php\/wp-json\/wp\/v2\/posts\/6612\/revisions\/6621"}],"wp:featuredmedia":[{"embeddable":true,"href":"https:\/\/blogopara.com.br\/index.php\/wp-json\/wp\/v2\/media\/6613"}],"wp:attachment":[{"href":"https:\/\/blogopara.com.br\/index.php\/wp-json\/wp\/v2\/media?parent=6612"}],"wp:term":[{"taxonomy":"category","embeddable":true,"href":"https:\/\/blogopara.com.br\/index.php\/wp-json\/wp\/v2\/categories?post=6612"},{"taxonomy":"post_tag","embeddable":true,"href":"https:\/\/blogopara.com.br\/index.php\/wp-json\/wp\/v2\/tags?post=6612"}],"curies":[{"name":"wp","href":"https:\/\/api.w.org\/{rel}","templated":true}]}}