{"id":66230,"date":"2024-06-27T10:40:00","date_gmt":"2024-06-27T13:40:00","guid":{"rendered":"https:\/\/blogopara.com.br\/?p=66230"},"modified":"2024-06-26T21:42:43","modified_gmt":"2024-06-27T00:42:43","slug":"prefeitura-de-juazeiro-realiza-casamento-coletivo-2024-nesta-sexta-feira-28","status":"publish","type":"post","link":"https:\/\/blogopara.com.br\/index.php\/2024\/06\/27\/prefeitura-de-juazeiro-realiza-casamento-coletivo-2024-nesta-sexta-feira-28","title":{"rendered":"Prefeitura de Juazeiro realiza Casamento Coletivo 2024 nesta sexta-feira (28)"},"content":{"rendered":"<p class=\"x_MsoNormal\" style=\"text-align: justify;\">Cerca de 60 casais ir\u00e3o dizer o t\u00e3o esperado sim nesta sexta-feira (28) no Casamento Coletivo 2024. A cerim\u00f4nia, organizada pela Prefeitura de Juazeiro, atrav\u00e9s da Secretaria de Desenvolvimento Social, Mulher e Diversidade (Sedes), vai ser realizada no Rancho Brilho do Sol, \u00e0s 15h.<\/p>\n<p class=\"x_MsoNormal\" style=\"text-align: justify;\">\u201cEssa \u00e9 a terceira edi\u00e7\u00e3o do Casamento Coletivo que realizamos e \u00e9 sempre uma satisfa\u00e7\u00e3o imensa ver a felicidade desses casais que encontraram nessa a\u00e7\u00e3o a oportunidade de oficializar a sua uni\u00e3o, de realizar o seu sonho\u201d, frisou a prefeita Suzana Ramos, que estar\u00e1 presente na solenidade.<\/p>\n<p class=\"x_MsoNormal\" style=\"text-align: justify;\">A participa\u00e7\u00e3o dos casais \u00e9 gratuita e todo o tr\u00e2mite com o cart\u00f3rio \u00e9 mediado pela Sedes. \u201cCom o Casamento Coletivo, n\u00f3s criamos as possibilidades para que as pessoas em situa\u00e7\u00e3o de vulnerabilidade social, que t\u00eam o desejo de formalizar a sua uni\u00e3o, enfim, possam se unir ao seu marido ou esposa, sejam casais novos, que ir\u00e3o iniciar uma vida juntos ou aqueles que j\u00e1 constru\u00edram um lar, mas n\u00e3o tiveram a oportunidade de tornar essa uni\u00e3o oficial\u201d, pontuou a superintendente de Pol\u00edticas Sociais da Sedes, Janileide Pereira.<\/p>\n<p class=\"x_MsoNormal\" style=\"text-align: justify;\">\n<p class=\"x_MsoNormal\" style=\"text-align: justify;\">Texto: Eneida Trindade \u2013 Ascom Sedes\/PMJ<\/p>\n<p class=\"x_MsoNormal\" style=\"text-align: justify;\">Fotos: Ascom\/PMJ<\/p>\n","protected":false},"excerpt":{"rendered":"<p>Cerca de 60 casais ir\u00e3o dizer o t\u00e3o esperado sim nesta sexta-feira (28) no Casamento Coletivo 2024. A cerim\u00f4nia, organizada pela Prefeitura de Juazeiro, atrav\u00e9s da Secretaria de Desenvolvimento Social, Mulher e Diversidade (Sedes), vai ser realizada no Rancho Brilho do Sol, \u00e0s 15h. \u201cEssa \u00e9 a terceira edi\u00e7\u00e3o do Casamento Coletivo que realizamos e [&hellip;]<\/p>\n","protected":false},"author":1,"featured_media":66231,"comment_status":"open","ping_status":"open","sticky":false,"template":"","format":"standard","meta":{"_uag_custom_page_level_css":"","_monsterinsights_skip_tracking":false,"_monsterinsights_sitenote_active":false,"_monsterinsights_sitenote_note":"","_monsterinsights_sitenote_category":0,"jetpack_post_was_ever_published":false,"_jetpack_newsletter_access":"","_jetpack_dont_email_post_to_subs":false,"_jetpack_newsletter_tier_id":0,"_jetpack_memberships_contains_paywalled_content":false,"_jetpack_memberships_contains_paid_content":false,"footnotes":"","jetpack_publicize_message":"","jetpack_publicize_feature_enabled":true,"jetpack_social_post_already_shared":true,"jetpack_social_options":{"image_generator_settings":{"template":"highway","default_image_id":0,"font":"","enabled":false},"version":2}},"categories":[203],"tags":[],"class_list":["post-66230","post","type-post","status-publish","format-standard","has-post-thumbnail","hentry","category-juazeiro"],"jetpack_publicize_connections":[],"jetpack_featured_media_url":"https:\/\/blogopara.com.br\/wp-content\/uploads\/2024\/06\/thumbnail_Casamento-Coletivo_03.jpg","uagb_featured_image_src":{"full":["https:\/\/blogopara.com.br\/wp-content\/uploads\/2024\/06\/thumbnail_Casamento-Coletivo_03.jpg",500,333,false],"thumbnail":["https:\/\/blogopara.com.br\/wp-content\/uploads\/2024\/06\/thumbnail_Casamento-Coletivo_03-150x150.jpg",150,150,true],"medium":["https:\/\/blogopara.com.br\/wp-content\/uploads\/2024\/06\/thumbnail_Casamento-Coletivo_03-300x200.jpg",300,200,true],"medium_large":["https:\/\/blogopara.com.br\/wp-content\/uploads\/2024\/06\/thumbnail_Casamento-Coletivo_03.jpg",500,333,false],"large":["https:\/\/blogopara.com.br\/wp-content\/uploads\/2024\/06\/thumbnail_Casamento-Coletivo_03.jpg",500,333,false],"1536x1536":["https:\/\/blogopara.com.br\/wp-content\/uploads\/2024\/06\/thumbnail_Casamento-Coletivo_03.jpg",500,333,false],"2048x2048":["https:\/\/blogopara.com.br\/wp-content\/uploads\/2024\/06\/thumbnail_Casamento-Coletivo_03.jpg",500,333,false],"mantranews-slider-large":["https:\/\/blogopara.com.br\/wp-content\/uploads\/2024\/06\/thumbnail_Casamento-Coletivo_03.jpg",500,333,false],"mantranews-featured-medium":["https:\/\/blogopara.com.br\/wp-content\/uploads\/2024\/06\/thumbnail_Casamento-Coletivo_03-420x307.jpg",420,307,true],"mantranews-featured-long":["https:\/\/blogopara.com.br\/wp-content\/uploads\/2024\/06\/thumbnail_Casamento-Coletivo_03-300x333.jpg",300,333,true],"mantranews-block-medium":["https:\/\/blogopara.com.br\/wp-content\/uploads\/2024\/06\/thumbnail_Casamento-Coletivo_03-464x290.jpg",464,290,true],"mantranews-carousel-image":["https:\/\/blogopara.com.br\/wp-content\/uploads\/2024\/06\/thumbnail_Casamento-Coletivo_03.jpg",500,333,false],"mantranews-block-thumb":["https:\/\/blogopara.com.br\/wp-content\/uploads\/2024\/06\/thumbnail_Casamento-Coletivo_03-322x230.jpg",322,230,true],"mantranews-single-large":["https:\/\/blogopara.com.br\/wp-content\/uploads\/2024\/06\/thumbnail_Casamento-Coletivo_03.jpg",500,333,false]},"uagb_author_info":{"display_name":"Reda\u00e7\u00e3o geral","author_link":"https:\/\/blogopara.com.br\/index.php\/author\/blogopara"},"uagb_comment_info":0,"uagb_excerpt":"Cerca de 60 casais ir\u00e3o dizer o t\u00e3o esperado sim nesta sexta-feira (28) no Casamento Coletivo 2024. A cerim\u00f4nia, organizada pela Prefeitura de Juazeiro, atrav\u00e9s da Secretaria de Desenvolvimento Social, Mulher e Diversidade (Sedes), vai ser realizada no Rancho Brilho do Sol, \u00e0s 15h. \u201cEssa \u00e9 a terceira edi\u00e7\u00e3o do Casamento Coletivo que realizamos e&hellip;","jetpack_sharing_enabled":true,"jetpack_likes_enabled":true,"_links":{"self":[{"href":"https:\/\/blogopara.com.br\/index.php\/wp-json\/wp\/v2\/posts\/66230","targetHints":{"allow":["GET"]}}],"collection":[{"href":"https:\/\/blogopara.com.br\/index.php\/wp-json\/wp\/v2\/posts"}],"about":[{"href":"https:\/\/blogopara.com.br\/index.php\/wp-json\/wp\/v2\/types\/post"}],"author":[{"embeddable":true,"href":"https:\/\/blogopara.com.br\/index.php\/wp-json\/wp\/v2\/users\/1"}],"replies":[{"embeddable":true,"href":"https:\/\/blogopara.com.br\/index.php\/wp-json\/wp\/v2\/comments?post=66230"}],"version-history":[{"count":1,"href":"https:\/\/blogopara.com.br\/index.php\/wp-json\/wp\/v2\/posts\/66230\/revisions"}],"predecessor-version":[{"id":66232,"href":"https:\/\/blogopara.com.br\/index.php\/wp-json\/wp\/v2\/posts\/66230\/revisions\/66232"}],"wp:featuredmedia":[{"embeddable":true,"href":"https:\/\/blogopara.com.br\/index.php\/wp-json\/wp\/v2\/media\/66231"}],"wp:attachment":[{"href":"https:\/\/blogopara.com.br\/index.php\/wp-json\/wp\/v2\/media?parent=66230"}],"wp:term":[{"taxonomy":"category","embeddable":true,"href":"https:\/\/blogopara.com.br\/index.php\/wp-json\/wp\/v2\/categories?post=66230"},{"taxonomy":"post_tag","embeddable":true,"href":"https:\/\/blogopara.com.br\/index.php\/wp-json\/wp\/v2\/tags?post=66230"}],"curies":[{"name":"wp","href":"https:\/\/api.w.org\/{rel}","templated":true}]}}