{"id":66233,"date":"2024-06-27T11:43:00","date_gmt":"2024-06-27T14:43:00","guid":{"rendered":"https:\/\/blogopara.com.br\/?p=66233"},"modified":"2024-06-26T21:44:48","modified_gmt":"2024-06-27T00:44:48","slug":"prefeitura-de-juazeiro-inicia-comemoracoes-do-aniversario-da-cidade-com-festival-integrado-de-artes","status":"publish","type":"post","link":"https:\/\/blogopara.com.br\/index.php\/2024\/06\/27\/prefeitura-de-juazeiro-inicia-comemoracoes-do-aniversario-da-cidade-com-festival-integrado-de-artes","title":{"rendered":"Prefeitura de Juazeiro inicia comemora\u00e7\u00f5es do anivers\u00e1rio da cidade com festival integrado de artes"},"content":{"rendered":"<p class=\"x_MsoNormal\" style=\"text-align: justify;\">A Prefeitura de Juazeiro vai abrir as comemora\u00e7\u00f5es dos 146 anos de Juazeiro na pr\u00f3xima segunda-feira (1\u00b0), \u00e0s 20h, com o Festival da Lei Paulo Gustavo, no Centro de Cultura Jo\u00e3o Gilberto. O evento integrado com diversas linguagens art\u00edsticas acontecer\u00e1 at\u00e9 o dia 15 de julho e vai reunir os projetos aprovados pela Lei Paulo Gustavo (LPG) em Juazeiro.<\/p>\n<p class=\"x_MsoNormal\" style=\"text-align: justify;\">O Festival tem como objetivo dar visibilidade \u00e0s produ\u00e7\u00f5es dos artistas e produtores culturais locais, aprovados pelos editais da LPG. \u201cO anivers\u00e1rio de Juazeiro \u00e9 um momento de celebrarmos a nossa cidade e tamb\u00e9m o que \u00e9 produzido aqui. N\u00f3s tivemos 194 projetos aprovados, mas acreditamos que n\u00e3o basta apenas aprovar o projeto e liberar o recurso para que esses artistas e trabalhadores consigam produzir, n\u00f3s precisamos oferecer, tamb\u00e9m, as condi\u00e7\u00f5es para que esses trabalhos cheguem ao m\u00e1ximo de pessoas, que o p\u00fablico possa, de fato, apreciar o que est\u00e1 sendo produzido\u201d, pontua a prefeita Suzana Ramos.<\/p>\n<p class=\"x_MsoNormal\" style=\"text-align: justify;\">A abertura do Festival, no foyer do Centro de Cultura, ser\u00e1 com a exibi\u00e7\u00e3o do filme \u2018Romero\u2019, do diretor Hertz F\u00e9lix. At\u00e9 o dia 15 de julho, o espa\u00e7o receber\u00e1 exposi\u00e7\u00f5es de artes visuais, exibi\u00e7\u00f5es de videoclipes e filmes em curta e m\u00e9dia-metragem, al\u00e9m de apresenta\u00e7\u00f5es de dan\u00e7a, m\u00fasica, teatro e literatura.<\/p>\n<p class=\"x_MsoNormal\" style=\"text-align: justify;\"><b>Mais programa\u00e7\u00e3o<\/b><\/p>\n<p class=\"x_MsoNormal\" style=\"text-align: justify;\">Al\u00e9m do Festival da Lei Paulo Gustavo, a programa\u00e7\u00e3o do anivers\u00e1rio da cidade ainda vai contar com eventos esportivos, shows musicais, a\u00e7\u00f5es de sa\u00fade, educa\u00e7\u00e3o, meio ambiente e de assist\u00eancia social.<\/p>\n<p class=\"x_MsoNormal\" style=\"text-align: justify;\">\n<p class=\"x_MsoNormal\" style=\"text-align: justify;\">Texto: Eneida Trindade \u2013 Ascom Sedes\/PMJ<\/p>\n<p class=\"x_MsoNormal\" style=\"text-align: justify;\">Fotos: Ascom\/PMJ<\/p>\n","protected":false},"excerpt":{"rendered":"<p>A Prefeitura de Juazeiro vai abrir as comemora\u00e7\u00f5es dos 146 anos de Juazeiro na pr\u00f3xima segunda-feira (1\u00b0), \u00e0s 20h, com o Festival da Lei Paulo Gustavo, no Centro de Cultura Jo\u00e3o Gilberto. O evento integrado com diversas linguagens art\u00edsticas acontecer\u00e1 at\u00e9 o dia 15 de julho e vai reunir os projetos aprovados pela Lei Paulo [&hellip;]<\/p>\n","protected":false},"author":1,"featured_media":54872,"comment_status":"open","ping_status":"open","sticky":false,"template":"","format":"standard","meta":{"_uag_custom_page_level_css":"","_monsterinsights_skip_tracking":false,"_monsterinsights_sitenote_active":false,"_monsterinsights_sitenote_note":"","_monsterinsights_sitenote_category":0,"jetpack_post_was_ever_published":false,"_jetpack_newsletter_access":"","_jetpack_dont_email_post_to_subs":false,"_jetpack_newsletter_tier_id":0,"_jetpack_memberships_contains_paywalled_content":false,"_jetpack_memberships_contains_paid_content":false,"footnotes":"","jetpack_publicize_message":"","jetpack_publicize_feature_enabled":true,"jetpack_social_post_already_shared":true,"jetpack_social_options":{"image_generator_settings":{"template":"highway","default_image_id":0,"font":"","enabled":false},"version":2}},"categories":[203],"tags":[],"class_list":["post-66233","post","type-post","status-publish","format-standard","has-post-thumbnail","hentry","category-juazeiro"],"jetpack_publicize_connections":[],"jetpack_featured_media_url":"https:\/\/blogopara.com.br\/wp-content\/uploads\/2023\/07\/Prefeitura-de-Juazeiro-Paco-Municipal.jpg","uagb_featured_image_src":{"full":["https:\/\/blogopara.com.br\/wp-content\/uploads\/2023\/07\/Prefeitura-de-Juazeiro-Paco-Municipal.jpg",500,333,false],"thumbnail":["https:\/\/blogopara.com.br\/wp-content\/uploads\/2023\/07\/Prefeitura-de-Juazeiro-Paco-Municipal-150x150.jpg",150,150,true],"medium":["https:\/\/blogopara.com.br\/wp-content\/uploads\/2023\/07\/Prefeitura-de-Juazeiro-Paco-Municipal-300x200.jpg",300,200,true],"medium_large":["https:\/\/blogopara.com.br\/wp-content\/uploads\/2023\/07\/Prefeitura-de-Juazeiro-Paco-Municipal.jpg",500,333,false],"large":["https:\/\/blogopara.com.br\/wp-content\/uploads\/2023\/07\/Prefeitura-de-Juazeiro-Paco-Municipal.jpg",500,333,false],"1536x1536":["https:\/\/blogopara.com.br\/wp-content\/uploads\/2023\/07\/Prefeitura-de-Juazeiro-Paco-Municipal.jpg",500,333,false],"2048x2048":["https:\/\/blogopara.com.br\/wp-content\/uploads\/2023\/07\/Prefeitura-de-Juazeiro-Paco-Municipal.jpg",500,333,false],"mantranews-slider-large":["https:\/\/blogopara.com.br\/wp-content\/uploads\/2023\/07\/Prefeitura-de-Juazeiro-Paco-Municipal.jpg",500,333,false],"mantranews-featured-medium":["https:\/\/blogopara.com.br\/wp-content\/uploads\/2023\/07\/Prefeitura-de-Juazeiro-Paco-Municipal-420x307.jpg",420,307,true],"mantranews-featured-long":["https:\/\/blogopara.com.br\/wp-content\/uploads\/2023\/07\/Prefeitura-de-Juazeiro-Paco-Municipal-300x333.jpg",300,333,true],"mantranews-block-medium":["https:\/\/blogopara.com.br\/wp-content\/uploads\/2023\/07\/Prefeitura-de-Juazeiro-Paco-Municipal-464x290.jpg",464,290,true],"mantranews-carousel-image":["https:\/\/blogopara.com.br\/wp-content\/uploads\/2023\/07\/Prefeitura-de-Juazeiro-Paco-Municipal.jpg",500,333,false],"mantranews-block-thumb":["https:\/\/blogopara.com.br\/wp-content\/uploads\/2023\/07\/Prefeitura-de-Juazeiro-Paco-Municipal-322x230.jpg",322,230,true],"mantranews-single-large":["https:\/\/blogopara.com.br\/wp-content\/uploads\/2023\/07\/Prefeitura-de-Juazeiro-Paco-Municipal.jpg",500,333,false]},"uagb_author_info":{"display_name":"Reda\u00e7\u00e3o geral","author_link":"https:\/\/blogopara.com.br\/index.php\/author\/blogopara"},"uagb_comment_info":0,"uagb_excerpt":"A Prefeitura de Juazeiro vai abrir as comemora\u00e7\u00f5es dos 146 anos de Juazeiro na pr\u00f3xima segunda-feira (1\u00b0), \u00e0s 20h, com o Festival da Lei Paulo Gustavo, no Centro de Cultura Jo\u00e3o Gilberto. O evento integrado com diversas linguagens art\u00edsticas acontecer\u00e1 at\u00e9 o dia 15 de julho e vai reunir os projetos aprovados pela Lei Paulo&hellip;","jetpack_sharing_enabled":true,"jetpack_likes_enabled":true,"_links":{"self":[{"href":"https:\/\/blogopara.com.br\/index.php\/wp-json\/wp\/v2\/posts\/66233","targetHints":{"allow":["GET"]}}],"collection":[{"href":"https:\/\/blogopara.com.br\/index.php\/wp-json\/wp\/v2\/posts"}],"about":[{"href":"https:\/\/blogopara.com.br\/index.php\/wp-json\/wp\/v2\/types\/post"}],"author":[{"embeddable":true,"href":"https:\/\/blogopara.com.br\/index.php\/wp-json\/wp\/v2\/users\/1"}],"replies":[{"embeddable":true,"href":"https:\/\/blogopara.com.br\/index.php\/wp-json\/wp\/v2\/comments?post=66233"}],"version-history":[{"count":1,"href":"https:\/\/blogopara.com.br\/index.php\/wp-json\/wp\/v2\/posts\/66233\/revisions"}],"predecessor-version":[{"id":66234,"href":"https:\/\/blogopara.com.br\/index.php\/wp-json\/wp\/v2\/posts\/66233\/revisions\/66234"}],"wp:featuredmedia":[{"embeddable":true,"href":"https:\/\/blogopara.com.br\/index.php\/wp-json\/wp\/v2\/media\/54872"}],"wp:attachment":[{"href":"https:\/\/blogopara.com.br\/index.php\/wp-json\/wp\/v2\/media?parent=66233"}],"wp:term":[{"taxonomy":"category","embeddable":true,"href":"https:\/\/blogopara.com.br\/index.php\/wp-json\/wp\/v2\/categories?post=66233"},{"taxonomy":"post_tag","embeddable":true,"href":"https:\/\/blogopara.com.br\/index.php\/wp-json\/wp\/v2\/tags?post=66233"}],"curies":[{"name":"wp","href":"https:\/\/api.w.org\/{rel}","templated":true}]}}