{"id":66337,"date":"2024-06-30T10:41:00","date_gmt":"2024-06-30T13:41:00","guid":{"rendered":"https:\/\/blogopara.com.br\/?p=66337"},"modified":"2024-06-29T10:42:17","modified_gmt":"2024-06-29T13:42:17","slug":"feira-de-organicos-na-orla-ii-de-juazeiro-estimula-saude-e-sustentabilidade","status":"publish","type":"post","link":"https:\/\/blogopara.com.br\/index.php\/2024\/06\/30\/feira-de-organicos-na-orla-ii-de-juazeiro-estimula-saude-e-sustentabilidade","title":{"rendered":"Feira de Org\u00e2nicos na Orla II de Juazeiro estimula sa\u00fade e sustentabilidade"},"content":{"rendered":"<p style=\"text-align: justify;\">A Feira de Org\u00e2nicos de Juazeiro, coordenada pela Prefeitura, atrav\u00e9s da Ag\u00eancia de Desenvolvimento Econ\u00f4mico, Agricultura e Pecu\u00e1ria (Adeap), n\u00e3o \u00e9 apenas um mercado, mas um ponto fundamental onde sa\u00fade, sustentabilidade e economia local se encontram. O com\u00e9rcio que oferece alimentos org\u00e2nicos certificados, livres de agrot\u00f3xicos, atendendo especialmente \u00e0queles com restri\u00e7\u00f5es alimentares, \u00e9 realizado todas as quintas-feiras, das 16h \u00e0s 19h, na \u00e1rea externa da Casa do Artes\u00e3o, na Orla 2 de Juazeiro.<\/p>\n<p>\u201cA Feira de Org\u00e2nicos de Juazeiro \u00e9 um exemplo claro de como a agricultura sustent\u00e1vel pode transformar comunidades, promover a sa\u00fade e fortalecer a economia local. Sob a gest\u00e3o da prefeita Suzana Ramos, a Prefeitura de Juazeiro continua a apoiar e expandir essa iniciativa, garantindo que mais pessoas tenham acesso a alimentos saud\u00e1veis e seguros,\u201d enfatiza o secret\u00e1rio da Adeap, Vin\u00edcius Alves.<\/p>\n<p><b>Produtos saud\u00e1veis<br \/>\n<\/b><br \/>\nA Feira de Org\u00e2nicos supre a demanda crescente por produtos saud\u00e1veis e tamb\u00e9m impulsiona pr\u00e1ticas sustent\u00e1veis e da agricultura familiar. Para quem enfrentou o c\u00e2ncer, como Arivaldo Cavalcante, a feira representa mais do que uma op\u00e7\u00e3o de compra, \u00e9 um estilo de vida saud\u00e1vel e livre de produtos qu\u00edmicos nocivos. &#8220;Como eu j\u00e1 tive c\u00e2ncer, a gente procura sempre alimentos que sejam org\u00e2nicos ou que n\u00e3o tenham conservantes&#8221;, relata Arivaldo que valoriza o trabalho de agricultura familiar e a conex\u00e3o com os produtores locais.<\/p>\n<p>Nadja Guedes Farfan \u00e9 uma das precursoras do movimento agroecol\u00f3gico na regi\u00e3o e cliente ass\u00eddua da feira. Ela enfatiza a import\u00e2ncia das quest\u00f5es sociais, ambientais e econ\u00f4micas na produ\u00e7\u00e3o org\u00e2nica. &#8220;N\u00f3s trabalhamos em cima de um trip\u00e9 da sustentabilidade. Quem produz n\u00e3o \u00e9 para ficar doente, nem quem consome&#8221;, explica Nadja que destaca ainda a import\u00e2ncia de um pre\u00e7o justo e a remunera\u00e7\u00e3o adequada dos produtores pela comunidade.<\/p>\n<p>Ismar Matos \u00e9 produtor e explica que a feira n\u00e3o apenas regula o mercado ao oferecer pre\u00e7os competitivos, mas tamb\u00e9m serve como um ponto de encontro para um p\u00fablico preocupado com a sa\u00fade. &#8220;Grande parte deste pessoal teve doen\u00e7as graves. Outros est\u00e3o se tratando. Outros tiveram algu\u00e9m na fam\u00edlia que passou por algum problema, principalmente o c\u00e2ncer. Ent\u00e3o, os alimentos vendidos aqui est\u00e3o livres de qu\u00edmicos, venenos e outras subst\u00e2ncias que possam prejudicar a sa\u00fade&#8221;, ressalta Ismar.<\/p>\n<div>\n<b>Fonte de renda<br \/>\n<\/b><br \/>\nAl\u00e9m da promo\u00e7\u00e3o da qualidade de vida, a Feira de Org\u00e2nicos tamb\u00e9m \u00e9 fonte de renda para muitas fam\u00edlias. Davi Costa da Silva \u00e9 l\u00edder da horta do bairro Jo\u00e3o Paulo II e compartilha a import\u00e2ncia da produ\u00e7\u00e3o org\u00e2nica para o sustento de mais de 70 fam\u00edlias. &#8220;Eu mesmo sou uma das pessoas que n\u00e3o t\u00eam outra renda a n\u00e3o ser a horta. Pago todas as minhas despesas com o que ganho da horta. A feira gera um impacto positivo, tanto para n\u00f3s quanto para os consumidores&#8221;, relata Davi.<\/p>\n<div style=\"text-align: justify;\">&#8212;<\/div>\n<div style=\"text-align: justify;\">Texto: Matheus Oliveira- Ascom\/PMJ<\/div>\n<div style=\"text-align: justify;\">Fotos: \u00cdcaro Alexandre &#8211; Ascom\/PMJ<\/div>\n<\/div>\n","protected":false},"excerpt":{"rendered":"<p>A Feira de Org\u00e2nicos de Juazeiro, coordenada pela Prefeitura, atrav\u00e9s da Ag\u00eancia de Desenvolvimento Econ\u00f4mico, Agricultura e Pecu\u00e1ria (Adeap), n\u00e3o \u00e9 apenas um mercado, mas um ponto fundamental onde sa\u00fade, sustentabilidade e economia local se encontram. O com\u00e9rcio que oferece alimentos org\u00e2nicos certificados, livres de agrot\u00f3xicos, atendendo especialmente \u00e0queles com restri\u00e7\u00f5es alimentares, \u00e9 realizado todas [&hellip;]<\/p>\n","protected":false},"author":1,"featured_media":66338,"comment_status":"open","ping_status":"open","sticky":false,"template":"","format":"standard","meta":{"_uag_custom_page_level_css":"","_monsterinsights_skip_tracking":false,"_monsterinsights_sitenote_active":false,"_monsterinsights_sitenote_note":"","_monsterinsights_sitenote_category":0,"jetpack_post_was_ever_published":false,"_jetpack_newsletter_access":"","_jetpack_dont_email_post_to_subs":false,"_jetpack_newsletter_tier_id":0,"_jetpack_memberships_contains_paywalled_content":false,"_jetpack_memberships_contains_paid_content":false,"footnotes":"","jetpack_publicize_message":"","jetpack_publicize_feature_enabled":true,"jetpack_social_post_already_shared":true,"jetpack_social_options":{"image_generator_settings":{"template":"highway","default_image_id":0,"font":"","enabled":false},"version":2}},"categories":[203],"tags":[],"class_list":["post-66337","post","type-post","status-publish","format-standard","has-post-thumbnail","hentry","category-juazeiro"],"jetpack_publicize_connections":[],"jetpack_featured_media_url":"https:\/\/blogopara.com.br\/wp-content\/uploads\/2024\/06\/thumbnail_53820523496_40f3613374_k.jpg","uagb_featured_image_src":{"full":["https:\/\/blogopara.com.br\/wp-content\/uploads\/2024\/06\/thumbnail_53820523496_40f3613374_k.jpg",500,333,false],"thumbnail":["https:\/\/blogopara.com.br\/wp-content\/uploads\/2024\/06\/thumbnail_53820523496_40f3613374_k-150x150.jpg",150,150,true],"medium":["https:\/\/blogopara.com.br\/wp-content\/uploads\/2024\/06\/thumbnail_53820523496_40f3613374_k-300x200.jpg",300,200,true],"medium_large":["https:\/\/blogopara.com.br\/wp-content\/uploads\/2024\/06\/thumbnail_53820523496_40f3613374_k.jpg",500,333,false],"large":["https:\/\/blogopara.com.br\/wp-content\/uploads\/2024\/06\/thumbnail_53820523496_40f3613374_k.jpg",500,333,false],"1536x1536":["https:\/\/blogopara.com.br\/wp-content\/uploads\/2024\/06\/thumbnail_53820523496_40f3613374_k.jpg",500,333,false],"2048x2048":["https:\/\/blogopara.com.br\/wp-content\/uploads\/2024\/06\/thumbnail_53820523496_40f3613374_k.jpg",500,333,false],"mantranews-slider-large":["https:\/\/blogopara.com.br\/wp-content\/uploads\/2024\/06\/thumbnail_53820523496_40f3613374_k.jpg",500,333,false],"mantranews-featured-medium":["https:\/\/blogopara.com.br\/wp-content\/uploads\/2024\/06\/thumbnail_53820523496_40f3613374_k-420x307.jpg",420,307,true],"mantranews-featured-long":["https:\/\/blogopara.com.br\/wp-content\/uploads\/2024\/06\/thumbnail_53820523496_40f3613374_k-300x333.jpg",300,333,true],"mantranews-block-medium":["https:\/\/blogopara.com.br\/wp-content\/uploads\/2024\/06\/thumbnail_53820523496_40f3613374_k-464x290.jpg",464,290,true],"mantranews-carousel-image":["https:\/\/blogopara.com.br\/wp-content\/uploads\/2024\/06\/thumbnail_53820523496_40f3613374_k.jpg",500,333,false],"mantranews-block-thumb":["https:\/\/blogopara.com.br\/wp-content\/uploads\/2024\/06\/thumbnail_53820523496_40f3613374_k-322x230.jpg",322,230,true],"mantranews-single-large":["https:\/\/blogopara.com.br\/wp-content\/uploads\/2024\/06\/thumbnail_53820523496_40f3613374_k.jpg",500,333,false]},"uagb_author_info":{"display_name":"Reda\u00e7\u00e3o geral","author_link":"https:\/\/blogopara.com.br\/index.php\/author\/blogopara"},"uagb_comment_info":0,"uagb_excerpt":"A Feira de Org\u00e2nicos de Juazeiro, coordenada pela Prefeitura, atrav\u00e9s da Ag\u00eancia de Desenvolvimento Econ\u00f4mico, Agricultura e Pecu\u00e1ria (Adeap), n\u00e3o \u00e9 apenas um mercado, mas um ponto fundamental onde sa\u00fade, sustentabilidade e economia local se encontram. O com\u00e9rcio que oferece alimentos org\u00e2nicos certificados, livres de agrot\u00f3xicos, atendendo especialmente \u00e0queles com restri\u00e7\u00f5es alimentares, \u00e9 realizado todas&hellip;","jetpack_sharing_enabled":true,"jetpack_likes_enabled":true,"_links":{"self":[{"href":"https:\/\/blogopara.com.br\/index.php\/wp-json\/wp\/v2\/posts\/66337","targetHints":{"allow":["GET"]}}],"collection":[{"href":"https:\/\/blogopara.com.br\/index.php\/wp-json\/wp\/v2\/posts"}],"about":[{"href":"https:\/\/blogopara.com.br\/index.php\/wp-json\/wp\/v2\/types\/post"}],"author":[{"embeddable":true,"href":"https:\/\/blogopara.com.br\/index.php\/wp-json\/wp\/v2\/users\/1"}],"replies":[{"embeddable":true,"href":"https:\/\/blogopara.com.br\/index.php\/wp-json\/wp\/v2\/comments?post=66337"}],"version-history":[{"count":1,"href":"https:\/\/blogopara.com.br\/index.php\/wp-json\/wp\/v2\/posts\/66337\/revisions"}],"predecessor-version":[{"id":66339,"href":"https:\/\/blogopara.com.br\/index.php\/wp-json\/wp\/v2\/posts\/66337\/revisions\/66339"}],"wp:featuredmedia":[{"embeddable":true,"href":"https:\/\/blogopara.com.br\/index.php\/wp-json\/wp\/v2\/media\/66338"}],"wp:attachment":[{"href":"https:\/\/blogopara.com.br\/index.php\/wp-json\/wp\/v2\/media?parent=66337"}],"wp:term":[{"taxonomy":"category","embeddable":true,"href":"https:\/\/blogopara.com.br\/index.php\/wp-json\/wp\/v2\/categories?post=66337"},{"taxonomy":"post_tag","embeddable":true,"href":"https:\/\/blogopara.com.br\/index.php\/wp-json\/wp\/v2\/tags?post=66337"}],"curies":[{"name":"wp","href":"https:\/\/api.w.org\/{rel}","templated":true}]}}