{"id":6635,"date":"2020-01-26T09:21:16","date_gmt":"2020-01-26T12:21:16","guid":{"rendered":"http:\/\/blogopara.com.br\/?p=6635"},"modified":"2020-01-26T09:22:13","modified_gmt":"2020-01-26T12:22:13","slug":"resgate-de-marcola-pago-pelo-pcc-aumenta-para-r-200-milhoes","status":"publish","type":"post","link":"https:\/\/blogopara.com.br\/index.php\/2020\/01\/26\/resgate-de-marcola-pago-pelo-pcc-aumenta-para-r-200-milhoes","title":{"rendered":"\u201cResgate\u201d de Marcola pago pelo PCC aumenta para R$ 200 milh\u00f5es"},"content":{"rendered":"<p style=\"text-align: justify;\">Preso no Distrito Federal desde mar\u00e7o do ano passado, <a href=\"https:\/\/www.metropoles.com\/distrito-federal\/lider-maximo-do-pcc-marcola-sera-transferido-para-brasilia-hoje\" target=\"_blank\" rel=\"noopener noreferrer\">Marcos Willians Herbas Camacho, o Marcola<\/a>&nbsp;\u2013 lideran\u00e7a m\u00e1xima do&nbsp;<a href=\"https:\/\/www.metropoles.com\/distrito-federal\/seguranca-df\/presidio-federal-de-brasilia-recebe-tres-lideres-do-pcc-veja-quem-sao\" target=\"_blank\" rel=\"noopener noreferrer\">Primeiro Comando da Capital (PCC)<\/a> \u2013, j\u00e1 teria desembolsado cerca de R$ 200 milh\u00f5es para os comparsas o \u201cresgatarem\u201d da pris\u00e3o.<\/p>\n<p style=\"text-align: justify;\">Um&nbsp;<a href=\"https:\/\/www.metropoles.com\/distrito-federal\/seguranca-df\/pcc-anotacoes-revelam-plano-de-resgatar-marcola-em-brasilia\" target=\"_blank\" rel=\"noopener noreferrer\">bilhete<\/a>&nbsp;interceptado por autoridades de S\u00e3o Paulo no ano passado apontava planejamento de uso de blindados. Segundo as apura\u00e7\u00f5es, a fac\u00e7\u00e3o utilizaria dois helic\u00f3pteros, al\u00e9m de granadas, metralhadoras de calibre .50 e fuzis.<\/p>\n<div id=\"outbrain_widget_0\" class=\"OUTBRAIN\" style=\"text-align: justify;\" data-src=\"https:\/\/www.metropoles.com\/distrito-federal\/seguranca-df\/resgate-de-marcola-pago-pelo-pcc-aumenta-para-r-200-milhoes\" data-widget-id=\"AR_6\" data-ob-template=\"\u201cmetropoles&quot;\" data-ob-mark=\"true\" data-browser=\"chrome\" data-os=\"win32\" data-dynload=\"\" data-idx=\"0\">\n<div class=\"ob_box_cont AR_6\"><strong style=\"color: inherit; font-size: 1em;\">Ex\u00e9rcito<\/strong><\/div>\n<\/div>\n<div class=\"m-banner-wrap m-banner-rectangle m-publicity-content-middle\">\n<div id=\"div-gpt-ad-distrito-federal-quadrado-2\" class=\"ad-quadrado\" data-google-query-id=\"CPaG8tCfoecCFTUGuQYdwqwNJA\">\n<p style=\"text-align: justify;\">Em dezembro do ano passado, a a\u00e7\u00e3o de criminosos que pretendiam libertar o chefe da fac\u00e7\u00e3o foi revelada pelo Opar\u00e1. A suspeita fez com que os minist\u00e9rios da Justi\u00e7a e da Defesa fechassem um acordo para intensificar a seguran\u00e7a do complexo, localizado em S\u00e3o Sebasti\u00e3o.<\/p>\n<p style=\"text-align: justify;\">Militares do Ex\u00e9rcito Brasileiro foram direcionados para a penitenci\u00e1ria de seguran\u00e7a m\u00e1xima, onde ficaram de prontid\u00e3o, com carros blindados. As informa\u00e7\u00f5es sobre o plano de resgate partiram de S\u00e3o Paulo.<\/p>\n<p style=\"text-align: justify;\">O estado \u00e9 ber\u00e7o da fac\u00e7\u00e3o criminosa.&nbsp;<a href=\"https:\/\/www.metropoles.com\/distrito-federal\/lider-maximo-do-pcc-marcola-sera-transferido-para-brasilia-hoje\" target=\"_blank\" rel=\"noopener noreferrer\">Marcola foi transferido para a capital federal em mar\u00e7o sob forte aparato policial<\/a>. H\u00e1 ind\u00edcios de que o suposto resgate j\u00e1 estaria pago e seria feito pelo traficante internacional Gilberto Aparecido dos Santos, conhecido como Fuminho. Ele \u00e9 um dos principais nomes do PCC que est\u00e3o soltos e atuam nas ruas.<\/p>\n<p style=\"text-align: justify;\">De acordo com informa\u00e7\u00f5es, os criminosos estariam aguardando o aval de Fuminho para colocar o plano em pr\u00e1tica. O PCC teria reunido um verdadeiro ex\u00e9rcito de alto n\u00edvel e com criminosos que possuem conhecimento militar e de armamentos.<\/p>\n<p style=\"text-align: justify;\">A fac\u00e7\u00e3o j\u00e1 teria mapeado os arredores do complexo penitenci\u00e1rio em Bras\u00edlia com o uso de drones.<\/p>\n<h5 style=\"text-align: justify;\"><strong>L\u00edder<\/strong><\/h5>\n<p style=\"text-align: justify;\">Marcola foi preso pela primeira vez pela pol\u00edcia paulista no fim da d\u00e9cada de 1990, por roubos a carros-fortes e bancos. J\u00e1 na pris\u00e3o, recebeu a condena\u00e7\u00e3o por forma\u00e7\u00e3o de quadrilha, tr\u00e1fico de drogas e homic\u00eddio.<\/p>\n<p style=\"text-align: justify;\">Recentemente, a Justi\u00e7a o condenou a 30 anos de pris\u00e3o no processo da Opera\u00e7\u00e3o Ethos, que investigou o setor jur\u00eddico da organiza\u00e7\u00e3o criminosa. Com essa decis\u00e3o, o total das penas impostas a Marcola ultrapassa 300 anos.<\/p>\n<p style=\"text-align: justify;\">Para justificar a transfer\u00eancia de Marcola do pres\u00eddio de Presidente Venceslau ao pres\u00eddio federal, promotores do Minist\u00e9rio P\u00fablico de S\u00e3o Paulo afirmaram que o PCC planejava resgat\u00e1-lo.<\/p>\n<p style=\"text-align: justify;\">De acordo com eles, foram gastos dezenas de milh\u00f5es de d\u00f3lares no plano, investindo em log\u00edstica, compra de ve\u00edculos blindados, aeronaves, material b\u00e9lico, armamento de guerra e treinamento de pessoal.<\/p>\n<h5 style=\"text-align: justify;\"><strong>Desconforto<\/strong><\/h5>\n<p style=\"text-align: justify;\">Uma das consequ\u00eancias da transfer\u00eancia de Marcola para Bras\u00edlia \u00e9 o mal-estar na rela\u00e7\u00e3o entre o governo local e o Minist\u00e9rio da Justi\u00e7a. No entanto, um megaesquema de seguran\u00e7a montado pelo Depen, na \u00faltima ter\u00e7a-feira (21\/01\/2020), para levar&nbsp;<a href=\"https:\/\/www.metropoles.com\/distrito-federal\/sob-forte-seguranca-marcola-passa-por-exame-no-hbdf\" target=\"_blank\" rel=\"noopener noreferrer\">Marcola ao Hospital de Base,<\/a>&nbsp;associado a um poss\u00edvel plano de resgate em Bras\u00edlia planejado pelo PCC, levou a discuss\u00e3o para outro patamar.<\/p>\n<p style=\"text-align: justify;\">Conforme antecipou a coluna&nbsp;<a href=\"https:\/\/www.metropoles.com\/colunas-blogs\/grande-angular\/em-oficio-a-moro-gdf-questiona-silencio-sobre-presidio-federal\" target=\"_blank\" rel=\"noopener noreferrer\">Grande Angular<\/a>, o secret\u00e1rio de Seguran\u00e7a P\u00fablica do DF, Anderson Torres, enviou documento ao ministro afirmando que \u201cn\u00e3o se justifica esse \u2018sil\u00eancio\u2019 dos \u00f3rg\u00e3os federais\u201d sobre o perigo do Pres\u00eddio Federal de Bras\u00edlia.<\/p>\n<p style=\"text-align: justify;\">No texto, o titular da pasta local pede esclarecimentos sobre o grau de amea\u00e7a ao qual a popula\u00e7\u00e3o da capital da Rep\u00fablica est\u00e1 exposta em raz\u00e3o da perman\u00eancia de l\u00edderes do crime no pres\u00eddio.<\/p>\n<p style=\"text-align: justify;\">Por meio de nota, o minist\u00e9rio de Moro voltou a assegurar que n\u00e3o h\u00e1 riscos para a popula\u00e7\u00e3o do DF devido \u00e0 presen\u00e7a de integrantes da c\u00fapula de organiza\u00e7\u00f5es criminosas, como&nbsp;<a href=\"https:\/\/www.metropoles.com\/distrito-federal\/marcola-fica-uma-hora-no-hbdf-e-muda-rotina-de-hospital\" target=\"_blank\" rel=\"noopener noreferrer\">Marcola<\/a>. \u201cOs criminosos ficam recolhidos dentro dos pres\u00eddios, n\u00e3o fora\u201d, argumentou a pasta. Pontuou ainda que somente o GDF reclama dessa quest\u00e3o.<\/p>\n<h5 style=\"text-align: justify;\"><strong>\u201cRepubliqueta de Curitiba\u201d<\/strong><\/h5>\n<p style=\"text-align: justify;\">Na noite de quarta-feira (22\/01\/2020), o governador&nbsp;<a href=\"https:\/\/www.metropoles.com\/colunas-blogs\/grande-angular\/ibaneis-sobre-moro-aqui-nao-e-a-republiqueta-de-curitiba\" target=\"_blank\" rel=\"noopener noreferrer\">Ibaneis Rocha (MDB)<\/a>&nbsp;entrou no debate e refor\u00e7ou o descontentamento com a unidade constru\u00edda no DF.<\/p>\n<p style=\"text-align: justify;\">\u201cQuem tem responsabilidade com todas as autoridades que est\u00e3o em Bras\u00edlia sou eu. Quem responder\u00e1 por qualquer problema com as representa\u00e7\u00f5es diplom\u00e1ticas sou eu. Sou o \u00fanico respons\u00e1vel pela seguran\u00e7a p\u00fablica da capital da Rep\u00fablica\u201d, enfatizou.<\/p>\n<p style=\"text-align: justify;\">Segundo lembrou o emedebista, Bras\u00edlia re\u00fane 180 organismos internacionais, recebe cinco mil prefeitos, acolhe deputados estaduais, federais e tamb\u00e9m senadores. Inconformado com o posicionamento da pasta do ministro&nbsp;<a href=\"https:\/\/www.metropoles.com\/brasil\/sergio-moro-comemora-suspensao-da-adocao-dos-juizes-de-garantia\" target=\"_blank\" rel=\"noopener noreferrer\">Sergio Moro<\/a>, Ibaneis reclamou do descaso com que a \u00e1rea federal tem tratado a situa\u00e7\u00e3o.<\/p>\n<p style=\"text-align: justify;\">\u201cEle veio da republiqueta de Curitiba, isso todo mundo sabe. Mas, agora, \u00e9 ministro e precisa entender que n\u00e3o est\u00e1 mais l\u00e1. Ele mora na capital do pa\u00eds\u201d, disparou o titular do Pal\u00e1cio do Buriti.<\/p>\n<h5 style=\"text-align: justify;\"><strong>Pres\u00eddio novo<\/strong><\/h5>\n<p style=\"text-align: justify;\">O Pres\u00eddio Federal de Bras\u00edlia foi inaugurado em outubro de 2018. Os tr\u00eas primeiros detentos a ocuparem a penitenci\u00e1ria integram o PCC. O pres\u00eddio conta com 50 celas individuais erguidas em uma estrutura de concreto armado e monitorada 24 horas por dia.<\/p>\n<p style=\"text-align: justify;\">Na unidade prisional, que fica no Complexo Penitenci\u00e1rio da Papuda, h\u00e1 circuito de c\u00e2meras com transmiss\u00f5es em tempo real, al\u00e9m de sensores de movimento e alarmes. Segundo o Departamento Penitenci\u00e1rio (Depen), o sistema conta com equipamentos capazes de identificar drogas e explosivos nas roupas dos visitantes, detectores de metais e sensores de presen\u00e7a, entre outras tecnologias.<\/p>\n<p style=\"text-align: justify;\">Cada preso fica em uma cela individual de 6 m\u00b2 e tem direito a duas horas de banho de sol por dia. Advogados e amigos podem visitar os detentos no parlat\u00f3rio, enquanto os familiares contam com acesso ao p\u00e1tio. \u00c9 proibida a entrada de televisores, r\u00e1dios e qualquer outro tipo de comunica\u00e7\u00e3o externa.<\/p>\n<p style=\"text-align: justify;\">Os pres\u00eddios federais cumprem determina\u00e7\u00f5es da Lei de Execu\u00e7\u00e3o Penal (LEP) e come\u00e7aram a ser constru\u00eddos em 2006. As unidades recebem detentos, condenados ou provis\u00f3rios, de alta periculosidade.<\/p>\n<p style=\"text-align: justify;\">O isolamento individual \u00e9 destinado a l\u00edderes de organiza\u00e7\u00f5es criminosas, presos com hist\u00f3rico de crimes violentos, respons\u00e1veis por fugas e rebeli\u00f5es, r\u00e9us colaboradores e delatores premiados.<\/p>\n<p style=\"text-align: justify;\">Al\u00e9m da Penitenci\u00e1ria Federal de Bras\u00edlia, existem outras quatro de seguran\u00e7a m\u00e1xima no pa\u00eds: Catanduvas (PR), Mossor\u00f3 (RN), Campo Grande (MS) e Porto Velho (RO).<\/p>\n<pre>Fonte: Metr\u00f3poles<\/pre>\n<\/div>\n<\/div>\n","protected":false},"excerpt":{"rendered":"<p>Segundo as apura\u00e7\u00f5es da pol\u00edcia, a fac\u00e7\u00e3o utilizaria dois helic\u00f3pteros blindados, al\u00e9m de granadas, metralhadoras de calibre .50 e fuzis<\/p>\n","protected":false},"author":1,"featured_media":6637,"comment_status":"open","ping_status":"open","sticky":false,"template":"","format":"standard","meta":{"_uag_custom_page_level_css":"","_monsterinsights_skip_tracking":false,"_monsterinsights_sitenote_active":false,"_monsterinsights_sitenote_note":"","_monsterinsights_sitenote_category":0,"jetpack_post_was_ever_published":false,"_jetpack_newsletter_access":"","_jetpack_dont_email_post_to_subs":false,"_jetpack_newsletter_tier_id":0,"_jetpack_memberships_contains_paywalled_content":false,"_jetpack_memberships_contains_paid_content":false,"footnotes":"","jetpack_publicize_message":"","jetpack_publicize_feature_enabled":true,"jetpack_social_post_already_shared":true,"jetpack_social_options":{"image_generator_settings":{"template":"highway","default_image_id":0,"font":"","enabled":false},"version":2}},"categories":[203],"tags":[],"class_list":["post-6635","post","type-post","status-publish","format-standard","has-post-thumbnail","hentry","category-juazeiro"],"jetpack_publicize_connections":[],"jetpack_featured_media_url":"https:\/\/blogopara.com.br\/wp-content\/uploads\/2020\/01\/MARCOLA11.jpg","uagb_featured_image_src":{"full":["https:\/\/blogopara.com.br\/wp-content\/uploads\/2020\/01\/MARCOLA11.jpg",960,640,false],"thumbnail":["https:\/\/blogopara.com.br\/wp-content\/uploads\/2020\/01\/MARCOLA11-150x150.jpg",150,150,true],"medium":["https:\/\/blogopara.com.br\/wp-content\/uploads\/2020\/01\/MARCOLA11-300x200.jpg",300,200,true],"medium_large":["https:\/\/blogopara.com.br\/wp-content\/uploads\/2020\/01\/MARCOLA11-768x512.jpg",640,427,true],"large":["https:\/\/blogopara.com.br\/wp-content\/uploads\/2020\/01\/MARCOLA11.jpg",640,427,false],"1536x1536":["https:\/\/blogopara.com.br\/wp-content\/uploads\/2020\/01\/MARCOLA11.jpg",960,640,false],"2048x2048":["https:\/\/blogopara.com.br\/wp-content\/uploads\/2020\/01\/MARCOLA11.jpg",960,640,false],"mantranews-slider-large":["https:\/\/blogopara.com.br\/wp-content\/uploads\/2020\/01\/MARCOLA11.jpg",960,640,false],"mantranews-featured-medium":["https:\/\/blogopara.com.br\/wp-content\/uploads\/2020\/01\/MARCOLA11.jpg",420,280,false],"mantranews-featured-long":["https:\/\/blogopara.com.br\/wp-content\/uploads\/2020\/01\/MARCOLA11.jpg",300,200,false],"mantranews-block-medium":["https:\/\/blogopara.com.br\/wp-content\/uploads\/2020\/01\/MARCOLA11.jpg",435,290,false],"mantranews-carousel-image":["https:\/\/blogopara.com.br\/wp-content\/uploads\/2020\/01\/MARCOLA11.jpg",600,400,false],"mantranews-block-thumb":["https:\/\/blogopara.com.br\/wp-content\/uploads\/2020\/01\/MARCOLA11.jpg",322,215,false],"mantranews-single-large":["https:\/\/blogopara.com.br\/wp-content\/uploads\/2020\/01\/MARCOLA11.jpg",960,640,false]},"uagb_author_info":{"display_name":"Reda\u00e7\u00e3o geral","author_link":"https:\/\/blogopara.com.br\/index.php\/author\/blogopara"},"uagb_comment_info":0,"uagb_excerpt":"Segundo as apura\u00e7\u00f5es da pol\u00edcia, a fac\u00e7\u00e3o utilizaria dois helic\u00f3pteros blindados, al\u00e9m de granadas, metralhadoras de calibre .50 e fuzis","jetpack_sharing_enabled":true,"jetpack_likes_enabled":true,"_links":{"self":[{"href":"https:\/\/blogopara.com.br\/index.php\/wp-json\/wp\/v2\/posts\/6635","targetHints":{"allow":["GET"]}}],"collection":[{"href":"https:\/\/blogopara.com.br\/index.php\/wp-json\/wp\/v2\/posts"}],"about":[{"href":"https:\/\/blogopara.com.br\/index.php\/wp-json\/wp\/v2\/types\/post"}],"author":[{"embeddable":true,"href":"https:\/\/blogopara.com.br\/index.php\/wp-json\/wp\/v2\/users\/1"}],"replies":[{"embeddable":true,"href":"https:\/\/blogopara.com.br\/index.php\/wp-json\/wp\/v2\/comments?post=6635"}],"version-history":[{"count":2,"href":"https:\/\/blogopara.com.br\/index.php\/wp-json\/wp\/v2\/posts\/6635\/revisions"}],"predecessor-version":[{"id":6638,"href":"https:\/\/blogopara.com.br\/index.php\/wp-json\/wp\/v2\/posts\/6635\/revisions\/6638"}],"wp:featuredmedia":[{"embeddable":true,"href":"https:\/\/blogopara.com.br\/index.php\/wp-json\/wp\/v2\/media\/6637"}],"wp:attachment":[{"href":"https:\/\/blogopara.com.br\/index.php\/wp-json\/wp\/v2\/media?parent=6635"}],"wp:term":[{"taxonomy":"category","embeddable":true,"href":"https:\/\/blogopara.com.br\/index.php\/wp-json\/wp\/v2\/categories?post=6635"},{"taxonomy":"post_tag","embeddable":true,"href":"https:\/\/blogopara.com.br\/index.php\/wp-json\/wp\/v2\/tags?post=6635"}],"curies":[{"name":"wp","href":"https:\/\/api.w.org\/{rel}","templated":true}]}}