{"id":66463,"date":"2024-07-03T08:09:00","date_gmt":"2024-07-03T11:09:00","guid":{"rendered":"https:\/\/blogopara.com.br\/?p=66463"},"modified":"2024-07-03T12:29:07","modified_gmt":"2024-07-03T15:29:07","slug":"eleicoes-2024-confira-as-principais-datas-do-pleito-de-outubro","status":"publish","type":"post","link":"https:\/\/blogopara.com.br\/index.php\/2024\/07\/03\/eleicoes-2024-confira-as-principais-datas-do-pleito-de-outubro","title":{"rendered":"Elei\u00e7\u00f5es 2024: confira as principais datas do pleito de outubro"},"content":{"rendered":"<p>O&nbsp;calend\u00e1rio das Elei\u00e7\u00f5es Municipais 2024, regulamentado pelo Tribunal Superior Eleitoral (TSE) por meio da Resolu\u00e7\u00e3o n\u00ba 23.738\/2024, traz todas as datas e os prazos relativos ao pleito.<\/p>\n<p>No documento, \u00e9 poss\u00edvel consultar o per\u00edodo em que o cadastro eleitoral estar\u00e1 fechado, o prazo para registro de candidaturas, o dia de in\u00edcio da propaganda eleitoral e muito mais.<\/p>\n<p>Confira, abaixo, os principais prazos que ainda est\u00e3o por vir para&nbsp;partidos pol\u00edticos, federa\u00e7\u00f5es, candidatas e candidatos, assim como para eleitoras e eleitores.<\/p>\n<p>Fonte: Blog do Waldiney Passos<\/p>\n","protected":false},"excerpt":{"rendered":"<p>O&nbsp;calend\u00e1rio das Elei\u00e7\u00f5es Municipais 2024, regulamentado pelo Tribunal Superior Eleitoral (TSE) por meio da Resolu\u00e7\u00e3o n\u00ba 23.738\/2024, traz todas as datas e os prazos relativos ao pleito. No documento, \u00e9 poss\u00edvel consultar o per\u00edodo em que o cadastro eleitoral estar\u00e1 fechado, o prazo para registro de candidaturas, o dia de in\u00edcio da propaganda eleitoral e [&hellip;]<\/p>\n","protected":false},"author":1,"featured_media":41971,"comment_status":"open","ping_status":"open","sticky":false,"template":"","format":"standard","meta":{"_uag_custom_page_level_css":"","_monsterinsights_skip_tracking":false,"_monsterinsights_sitenote_active":false,"_monsterinsights_sitenote_note":"","_monsterinsights_sitenote_category":0,"jetpack_post_was_ever_published":false,"_jetpack_newsletter_access":"","_jetpack_dont_email_post_to_subs":false,"_jetpack_newsletter_tier_id":0,"_jetpack_memberships_contains_paywalled_content":false,"_jetpack_memberships_contains_paid_content":false,"footnotes":"","jetpack_publicize_message":"","jetpack_publicize_feature_enabled":true,"jetpack_social_post_already_shared":true,"jetpack_social_options":{"image_generator_settings":{"template":"highway","default_image_id":0,"font":"","enabled":false},"version":2}},"categories":[203],"tags":[],"class_list":["post-66463","post","type-post","status-publish","format-standard","has-post-thumbnail","hentry","category-juazeiro"],"jetpack_publicize_connections":[],"jetpack_featured_media_url":"https:\/\/blogopara.com.br\/wp-content\/uploads\/2022\/09\/urna.jpg","uagb_featured_image_src":{"full":["https:\/\/blogopara.com.br\/wp-content\/uploads\/2022\/09\/urna.jpg",500,288,false],"thumbnail":["https:\/\/blogopara.com.br\/wp-content\/uploads\/2022\/09\/urna-150x150.jpg",150,150,true],"medium":["https:\/\/blogopara.com.br\/wp-content\/uploads\/2022\/09\/urna-300x173.jpg",300,173,true],"medium_large":["https:\/\/blogopara.com.br\/wp-content\/uploads\/2022\/09\/urna.jpg",500,288,false],"large":["https:\/\/blogopara.com.br\/wp-content\/uploads\/2022\/09\/urna.jpg",500,288,false],"1536x1536":["https:\/\/blogopara.com.br\/wp-content\/uploads\/2022\/09\/urna.jpg",500,288,false],"2048x2048":["https:\/\/blogopara.com.br\/wp-content\/uploads\/2022\/09\/urna.jpg",500,288,false],"mantranews-slider-large":["https:\/\/blogopara.com.br\/wp-content\/uploads\/2022\/09\/urna.jpg",500,288,false],"mantranews-featured-medium":["https:\/\/blogopara.com.br\/wp-content\/uploads\/2022\/09\/urna-420x288.jpg",420,288,true],"mantranews-featured-long":["https:\/\/blogopara.com.br\/wp-content\/uploads\/2022\/09\/urna-300x288.jpg",300,288,true],"mantranews-block-medium":["https:\/\/blogopara.com.br\/wp-content\/uploads\/2022\/09\/urna-464x288.jpg",464,288,true],"mantranews-carousel-image":["https:\/\/blogopara.com.br\/wp-content\/uploads\/2022\/09\/urna.jpg",500,288,false],"mantranews-block-thumb":["https:\/\/blogopara.com.br\/wp-content\/uploads\/2022\/09\/urna-322x230.jpg",322,230,true],"mantranews-single-large":["https:\/\/blogopara.com.br\/wp-content\/uploads\/2022\/09\/urna.jpg",500,288,false]},"uagb_author_info":{"display_name":"Reda\u00e7\u00e3o geral","author_link":"https:\/\/blogopara.com.br\/index.php\/author\/blogopara"},"uagb_comment_info":0,"uagb_excerpt":"O&nbsp;calend\u00e1rio das Elei\u00e7\u00f5es Municipais 2024, regulamentado pelo Tribunal Superior Eleitoral (TSE) por meio da Resolu\u00e7\u00e3o n\u00ba 23.738\/2024, traz todas as datas e os prazos relativos ao pleito. No documento, \u00e9 poss\u00edvel consultar o per\u00edodo em que o cadastro eleitoral estar\u00e1 fechado, o prazo para registro de candidaturas, o dia de in\u00edcio da propaganda eleitoral e&hellip;","jetpack_sharing_enabled":true,"jetpack_likes_enabled":true,"_links":{"self":[{"href":"https:\/\/blogopara.com.br\/index.php\/wp-json\/wp\/v2\/posts\/66463","targetHints":{"allow":["GET"]}}],"collection":[{"href":"https:\/\/blogopara.com.br\/index.php\/wp-json\/wp\/v2\/posts"}],"about":[{"href":"https:\/\/blogopara.com.br\/index.php\/wp-json\/wp\/v2\/types\/post"}],"author":[{"embeddable":true,"href":"https:\/\/blogopara.com.br\/index.php\/wp-json\/wp\/v2\/users\/1"}],"replies":[{"embeddable":true,"href":"https:\/\/blogopara.com.br\/index.php\/wp-json\/wp\/v2\/comments?post=66463"}],"version-history":[{"count":2,"href":"https:\/\/blogopara.com.br\/index.php\/wp-json\/wp\/v2\/posts\/66463\/revisions"}],"predecessor-version":[{"id":66474,"href":"https:\/\/blogopara.com.br\/index.php\/wp-json\/wp\/v2\/posts\/66463\/revisions\/66474"}],"wp:featuredmedia":[{"embeddable":true,"href":"https:\/\/blogopara.com.br\/index.php\/wp-json\/wp\/v2\/media\/41971"}],"wp:attachment":[{"href":"https:\/\/blogopara.com.br\/index.php\/wp-json\/wp\/v2\/media?parent=66463"}],"wp:term":[{"taxonomy":"category","embeddable":true,"href":"https:\/\/blogopara.com.br\/index.php\/wp-json\/wp\/v2\/categories?post=66463"},{"taxonomy":"post_tag","embeddable":true,"href":"https:\/\/blogopara.com.br\/index.php\/wp-json\/wp\/v2\/tags?post=66463"}],"curies":[{"name":"wp","href":"https:\/\/api.w.org\/{rel}","templated":true}]}}