{"id":66468,"date":"2024-07-03T12:20:00","date_gmt":"2024-07-03T15:20:00","guid":{"rendered":"https:\/\/blogopara.com.br\/?p=66468"},"modified":"2024-07-03T00:55:14","modified_gmt":"2024-07-03T03:55:14","slug":"acidentes-com-criancas-e-adolescentes-na-bahia-crescem-7-em-2023-aponta-levantamento-da-aldeias-infantis-sos","status":"publish","type":"post","link":"https:\/\/blogopara.com.br\/index.php\/2024\/07\/03\/acidentes-com-criancas-e-adolescentes-na-bahia-crescem-7-em-2023-aponta-levantamento-da-aldeias-infantis-sos","title":{"rendered":"Acidentes com crian\u00e7as e adolescentes na Bahia crescem 7% em 2023, aponta levantamento da Aldeias Infantis SOS"},"content":{"rendered":"<p style=\"text-align: justify;\">Um levantamento exclusivo realizado pela\u00a0<a href=\"https:\/\/www.aldeiasinfantis.org.br\/\" target=\"_blank\" rel=\"noopener noreferrer\">Aldeias Infantis SOS<\/a>, organiza\u00e7\u00e3o global que lidera o maior movimento de cuidado do mundo, mostra que, em 2023, os acidentes envolvendo crian\u00e7as e adolescentes no Estado da Bahia cresceram 7% na compara\u00e7\u00e3o com o ano anterior.<\/p>\n<p style=\"text-align: justify;\">No total, foram registradas 8.520 interna\u00e7\u00f5es causadas por les\u00f5es n\u00e3o intencionais, entre as faixas et\u00e1rias de 0 a 14 anos, contra 7.927 registros em 2022.<\/p>\n<p style=\"text-align: justify;\">O estudo, elaborado com dados do DataSUS, \u00e9 desenvolvido pelo\u00a0<a href=\"https:\/\/www.institutobemcuidar.org.br\/\" target=\"_blank\" rel=\"noopener noreferrer\">Instituto Bem Cuidar<\/a>, programa de gest\u00e3o de conhecimento da Aldeias Infantis SOS, que analisou oito categorias de causas de acidentes. Destas, cinco apontaram crescimento, a saber, incidentes com afogamento (+50%), queimadura (+5%), sufoca\u00e7\u00e3o (+9%), quedas (+6%) e sinistros de tr\u00e2nsito (+7%). Por outro lado, entre as causas devidamente categorizadas, houve queda em casos de intoxica\u00e7\u00e3o (-8%) e armas de fogo (-4%).<\/p>\n<p style=\"text-align: justify;\">&#8220;Os casos de quedas e queimadura somam mais de 70% de todos os acidentes envolvendo jovens baianos em 2023. Os dois dados seguem uma tend\u00eancia observada em levantamento nacional, que aponta essas categorias como as principais causadoras de les\u00f5es n\u00e3o intencionais em crian\u00e7as e adolescentes de todo o pa\u00eds, somando 64% dos casos registrados no Brasil&#8221;, explica Erika Tonelli, especialista em Entornos Seguros e Protetores da Aldeias Infantis SOS.<\/p>\n<p style=\"text-align: justify;\">As hospitaliza\u00e7\u00f5es por conta de acidentes envolvendo quedas somaram 4.590 casos, enquanto as interna\u00e7\u00f5es em raz\u00e3o de queimadura totalizaram 1.433 registros. Sinistros de tr\u00e2nsito tamb\u00e9m ganharam destaque no levantamento, somando 708 casos, ou 8% do total.<\/p>\n<p style=\"text-align: justify;\">As crian\u00e7as e adolescentes que mais sofreram hospitaliza\u00e7\u00f5es por causa de acidentes, em 2023, tinham de 10 a 14 anos (3.306), e houve um salto de 11% nas ocorr\u00eancias dessa faixa et\u00e1ria em rela\u00e7\u00e3o a 2022. Segundo o levantamento da Organiza\u00e7\u00e3o, a maior varia\u00e7\u00e3o no registro de acidentes locais, de um ano para o outro, foi entre crian\u00e7as dessa faixa et\u00e1ria. J\u00e1 os de 5 a 9 anos foram v\u00edtimas em 2.780 casos, ap\u00f3s um aumento de 4% em rela\u00e7\u00e3o ao ano anterior.<\/p>\n<p style=\"text-align: justify;\">A pesquisa tamb\u00e9m mostra que, em 2023, foram 2.138 hospitaliza\u00e7\u00f5es de crian\u00e7as entre 1 e 4 anos envolvidas em acidentes, representando um aumento de 9% em rela\u00e7\u00e3o a 2022. Os menores de 1 ano, por sua vez, estiveram envolvidos em 296 ocorr\u00eancias \u2013 uma queda de &#8211; 5% em rela\u00e7\u00e3o ao ano anterior.<\/p>\n<p style=\"text-align: justify;\">&#8220;O per\u00edodo que compreende os 5 aos 14 anos \u00e9 de maior autonomia e circula\u00e7\u00e3o pelos espa\u00e7os comunit\u00e1rios e, na popula\u00e7\u00e3o que apresenta maior vulnerabilidade social, meninos e meninas dessa faixa et\u00e1ria s\u00e3o, muitas vezes, respons\u00e1veis pelo cuidado de irm\u00e3os e irm\u00e3s menores, fato este que os deixa mais propensos a acidentes. Deve-se atentar \u00e0 necessidade de campanhas de conscientiza\u00e7\u00e3o da popula\u00e7\u00e3o sobre medidas de preven\u00e7\u00e3o de acidentes tamb\u00e9m nessas faixas et\u00e1rias&#8221;, finaliza a especialista.<\/p>\n<h4 style=\"text-align: justify;\">Mortes por acidentes<\/h4>\n<p style=\"text-align: justify;\">Entre\u00a02021 e 2022, o levantamento observou um aumento de 2% no n\u00famero de mortes de crian\u00e7as e adolescentes causadas por acidentes, passando de 189 para 193 v\u00edtimas. O maior n\u00famero de \u00f3bitos se deu entre a faixa et\u00e1ria de 1 e 4 anos (31%). E, a exemplo de 2021, a principal causa de mortes em 2022 foi por afogamento, respons\u00e1vel por 66 casos (34%), contra 62 do ano anterior.<\/p>\n<p style=\"text-align: justify;\">Brasil<\/p>\n<p style=\"text-align: justify;\">No Brasil, o levantamento da Aldeias Infantis SOS mostra que os acidentes de crian\u00e7as e adolescentes cresceram quase 8% na compara\u00e7\u00e3o com o ano anterior, sendo o maior n\u00famero desde 2019, per\u00edodo pr\u00e9-pandemia. Em 2023, foram 119.245 interna\u00e7\u00f5es causadas por les\u00f5es n\u00e3o intencionais, entre as faixas et\u00e1rias de 0 a 14 anos, contra 109.988 registros em 2022.<\/p>\n<p style=\"text-align: justify;\">Segundo c\u00e1lculo da Organiza\u00e7\u00e3o, a cada hora, cerca de 13 crian\u00e7as s\u00e3o internadas por les\u00f5es n\u00e3o intencionais, sendo que 90% dos acidentes poderiam ser evitados por meio de a\u00e7\u00f5es simples de preven\u00e7\u00e3o e cuidado qualificado.<\/p>\n<p style=\"text-align: justify;\">No que se refere a \u00f3bitos, entre\u00a02021 e 2022, o levantamento observou uma queda de 1% no n\u00famero de mortes de crian\u00e7as e adolescentes causadas por acidentes, passando de 3.275 para 3.237. O maior n\u00famero de \u00f3bitos se deu entre crian\u00e7as de 1 a 4 anos (31%). A principal causa foi sufoca\u00e7\u00e3o, respons\u00e1vel por 986 casos, sendo que, desse total, 765 (77%) envolveram menores de 1 ano.<\/p>\n<p style=\"text-align: justify;\">Ainda de acordo com a Aldeias Infantis SOS, os dados indicam que nove crian\u00e7as morrem todos os dias por causas de acidentes que poderiam ser evitados em 90% dos casos.<\/p>\n<h4 style=\"text-align: justify;\">Sobre o Instituto Bem Cuidar<\/h4>\n<p style=\"text-align: justify;\">O Instituto Bem Cuidar (IBC) \u00e9 um programa das Aldeias Infantis SOS respons\u00e1vel pela gest\u00e3o de conhecimento e que tem o compromisso realizar consultorias, assessorias, diagn\u00f3sticos e pesquisas, para a pr\u00f3pria organiza\u00e7\u00e3o ou ainda atender demandas de conselhos, governos ou empresas.<\/p>\n<p style=\"text-align: justify;\">O instituto promove a prote\u00e7\u00e3o e o cuidado de qualidade \u00e0 inf\u00e2ncia e juventude por meio da produ\u00e7\u00e3o, promo\u00e7\u00e3o e distribui\u00e7\u00e3o de conte\u00fado digital educativo, al\u00e9m de favorecer a troca de experi\u00eancias, o aprimoramento e a difus\u00e3o de boas pr\u00e1ticas de cuidado de crian\u00e7as e adolescentes, por meio de a\u00e7\u00f5es formativas, sistematiza\u00e7\u00e3o e produ\u00e7\u00e3o de conte\u00fado.<\/p>\n<p style=\"text-align: justify;\">Al\u00e9m disso, o Instituto Bem Cuidar dissemina pr\u00e1ticas de preven\u00e7\u00e3o de acidentes por meio do Projeto Crian\u00e7a Segura, que apresenta anualmente, entre outros resultados, as estat\u00edsticas sobre os principais fatores que levam a interna\u00e7\u00e3o de crian\u00e7as e adolescentes.<\/p>\n<h4 style=\"text-align: justify;\">Sobre a Aldeias Infantis SOS<\/h4>\n<p style=\"text-align: justify;\">A Aldeias Infantis SOS (SOS Children&#8217;s Villages) \u00e9 uma organiza\u00e7\u00e3o global, de incid\u00eancia local, que atua no cuidado e prote\u00e7\u00e3o de crian\u00e7as, adolescentes, jovens e suas fam\u00edlias. A Organiza\u00e7\u00e3o lidera o maior movimento de cuidado do mundo e atua junto a meninos e meninas que perderam o cuidado parental ou est\u00e3o em risco de perd\u00ea-lo, al\u00e9m de desenvolver a\u00e7\u00f5es humanit\u00e1rias.<\/p>\n<p style=\"text-align: justify;\">Fundada na \u00c1ustria, em 1949, est\u00e1 presente em mais de 130 pa\u00edses. No Brasil, atua h\u00e1 57 anos e mant\u00e9m mais de 80 projetos, em cerca de 30 localidades de Norte ao Sul do pa\u00eds. Ao trabalhar junto com fam\u00edlias em risco de se separar e fornecer cuidados alternativos para crian\u00e7as e jovens que perderam o cuidado parental, a Aldeias Infantis SOS luta para que nenhuma crian\u00e7a cres\u00e7a sozinha.<\/p>\n<p style=\"text-align: justify;\"><em>Fonte: RedeGN<\/em><\/p>\n","protected":false},"excerpt":{"rendered":"<p>Um levantamento exclusivo realizado pela\u00a0Aldeias Infantis SOS, organiza\u00e7\u00e3o global que lidera o maior movimento de cuidado do mundo, mostra que, em 2023, os acidentes envolvendo crian\u00e7as e adolescentes no Estado da Bahia cresceram 7% na compara\u00e7\u00e3o com o ano anterior. No total, foram registradas 8.520 interna\u00e7\u00f5es causadas por les\u00f5es n\u00e3o intencionais, entre as faixas et\u00e1rias [&hellip;]<\/p>\n","protected":false},"author":1,"featured_media":66469,"comment_status":"open","ping_status":"open","sticky":false,"template":"","format":"standard","meta":{"_uag_custom_page_level_css":"","_monsterinsights_skip_tracking":false,"_monsterinsights_sitenote_active":false,"_monsterinsights_sitenote_note":"","_monsterinsights_sitenote_category":0,"jetpack_post_was_ever_published":false,"_jetpack_newsletter_access":"","_jetpack_dont_email_post_to_subs":false,"_jetpack_newsletter_tier_id":0,"_jetpack_memberships_contains_paywalled_content":false,"_jetpack_memberships_contains_paid_content":false,"footnotes":"","jetpack_publicize_message":"","jetpack_publicize_feature_enabled":true,"jetpack_social_post_already_shared":true,"jetpack_social_options":{"image_generator_settings":{"template":"highway","default_image_id":0,"font":"","enabled":false},"version":2}},"categories":[199],"tags":[11],"class_list":["post-66468","post","type-post","status-publish","format-standard","has-post-thumbnail","hentry","category-bahia","tag-bahia"],"jetpack_publicize_connections":[],"jetpack_featured_media_url":"https:\/\/blogopara.com.br\/wp-content\/uploads\/2024\/07\/crianca3.jpg","uagb_featured_image_src":{"full":["https:\/\/blogopara.com.br\/wp-content\/uploads\/2024\/07\/crianca3.jpg",500,281,false],"thumbnail":["https:\/\/blogopara.com.br\/wp-content\/uploads\/2024\/07\/crianca3-150x150.jpg",150,150,true],"medium":["https:\/\/blogopara.com.br\/wp-content\/uploads\/2024\/07\/crianca3-300x169.jpg",300,169,true],"medium_large":["https:\/\/blogopara.com.br\/wp-content\/uploads\/2024\/07\/crianca3.jpg",500,281,false],"large":["https:\/\/blogopara.com.br\/wp-content\/uploads\/2024\/07\/crianca3.jpg",500,281,false],"1536x1536":["https:\/\/blogopara.com.br\/wp-content\/uploads\/2024\/07\/crianca3.jpg",500,281,false],"2048x2048":["https:\/\/blogopara.com.br\/wp-content\/uploads\/2024\/07\/crianca3.jpg",500,281,false],"mantranews-slider-large":["https:\/\/blogopara.com.br\/wp-content\/uploads\/2024\/07\/crianca3.jpg",500,281,false],"mantranews-featured-medium":["https:\/\/blogopara.com.br\/wp-content\/uploads\/2024\/07\/crianca3-420x281.jpg",420,281,true],"mantranews-featured-long":["https:\/\/blogopara.com.br\/wp-content\/uploads\/2024\/07\/crianca3-300x281.jpg",300,281,true],"mantranews-block-medium":["https:\/\/blogopara.com.br\/wp-content\/uploads\/2024\/07\/crianca3-464x281.jpg",464,281,true],"mantranews-carousel-image":["https:\/\/blogopara.com.br\/wp-content\/uploads\/2024\/07\/crianca3.jpg",500,281,false],"mantranews-block-thumb":["https:\/\/blogopara.com.br\/wp-content\/uploads\/2024\/07\/crianca3-322x230.jpg",322,230,true],"mantranews-single-large":["https:\/\/blogopara.com.br\/wp-content\/uploads\/2024\/07\/crianca3.jpg",500,281,false]},"uagb_author_info":{"display_name":"Reda\u00e7\u00e3o geral","author_link":"https:\/\/blogopara.com.br\/index.php\/author\/blogopara"},"uagb_comment_info":0,"uagb_excerpt":"Um levantamento exclusivo realizado pela\u00a0Aldeias Infantis SOS, organiza\u00e7\u00e3o global que lidera o maior movimento de cuidado do mundo, mostra que, em 2023, os acidentes envolvendo crian\u00e7as e adolescentes no Estado da Bahia cresceram 7% na compara\u00e7\u00e3o com o ano anterior. No total, foram registradas 8.520 interna\u00e7\u00f5es causadas por les\u00f5es n\u00e3o intencionais, entre as faixas et\u00e1rias&hellip;","jetpack_sharing_enabled":true,"jetpack_likes_enabled":true,"_links":{"self":[{"href":"https:\/\/blogopara.com.br\/index.php\/wp-json\/wp\/v2\/posts\/66468","targetHints":{"allow":["GET"]}}],"collection":[{"href":"https:\/\/blogopara.com.br\/index.php\/wp-json\/wp\/v2\/posts"}],"about":[{"href":"https:\/\/blogopara.com.br\/index.php\/wp-json\/wp\/v2\/types\/post"}],"author":[{"embeddable":true,"href":"https:\/\/blogopara.com.br\/index.php\/wp-json\/wp\/v2\/users\/1"}],"replies":[{"embeddable":true,"href":"https:\/\/blogopara.com.br\/index.php\/wp-json\/wp\/v2\/comments?post=66468"}],"version-history":[{"count":1,"href":"https:\/\/blogopara.com.br\/index.php\/wp-json\/wp\/v2\/posts\/66468\/revisions"}],"predecessor-version":[{"id":66470,"href":"https:\/\/blogopara.com.br\/index.php\/wp-json\/wp\/v2\/posts\/66468\/revisions\/66470"}],"wp:featuredmedia":[{"embeddable":true,"href":"https:\/\/blogopara.com.br\/index.php\/wp-json\/wp\/v2\/media\/66469"}],"wp:attachment":[{"href":"https:\/\/blogopara.com.br\/index.php\/wp-json\/wp\/v2\/media?parent=66468"}],"wp:term":[{"taxonomy":"category","embeddable":true,"href":"https:\/\/blogopara.com.br\/index.php\/wp-json\/wp\/v2\/categories?post=66468"},{"taxonomy":"post_tag","embeddable":true,"href":"https:\/\/blogopara.com.br\/index.php\/wp-json\/wp\/v2\/tags?post=66468"}],"curies":[{"name":"wp","href":"https:\/\/api.w.org\/{rel}","templated":true}]}}