{"id":66526,"date":"2024-07-04T11:03:49","date_gmt":"2024-07-04T14:03:49","guid":{"rendered":"https:\/\/blogopara.com.br\/?p=66526"},"modified":"2024-07-04T11:03:50","modified_gmt":"2024-07-04T14:03:50","slug":"fernando-bezerra-coelho-fernando-filho-antonio-coelho-e-miguel-coelho-lamentam-falecimento-de-maria-eugenia-assis-lins","status":"publish","type":"post","link":"https:\/\/blogopara.com.br\/index.php\/2024\/07\/04\/fernando-bezerra-coelho-fernando-filho-antonio-coelho-e-miguel-coelho-lamentam-falecimento-de-maria-eugenia-assis-lins","title":{"rendered":"Fernando Bezerra Coelho, Fernando Filho, Ant\u00f4nio Coelho e Miguel Coelho lamentam falecimento de Maria Eug\u00eania Assis Lins"},"content":{"rendered":"<p style=\"text-align: justify;\">O ex-Senador Fernando Bezerra Coelho, o deputado federal Fernando Filho, o deputado estadual Ant\u00f4nio Coelho e o ex-prefeito de Petrolina, Miguel Coelho, emitem Nota de Pesar pelo falecimento de Maria Eug\u00eania Assis Lins, aos 23 anos, filha do casal de empres\u00e1rios do ramo de combust\u00edveis, Weslley Lins e Eug\u00eania Assis Lins.<\/p>\n<p>Maria Eug\u00eania Assis Lins foi uma jovem querida e estimada por todos que a conheciam, e sua partida deixa um profundo vazio entre familiares e amigos.<\/p>\n<p>Em uma fala conjunta, os representantes pol\u00edticos expressam suas condol\u00eancias e prestam solidariedade neste momento de dor:<\/p>\n<p>&#8220;Lamentamos profundamente a perda de Maria Eug\u00eania Assis Lins, uma jovem de 23 anos, filha dos estimados empres\u00e1rios Weslley Lins e Eug\u00eania Assis Lins. Neste momento de tamanha dor e perda, expressamos nossas mais profundas condol\u00eancias \u00e0 fam\u00edlia. Rogamos a Deus que possa estar ao lado dos familiares e amigos, trazendo conforto e for\u00e7a para superar este dif\u00edcil momento. Que Maria Eug\u00eania descanse em paz e que seus entes queridos encontrem alento nas lembran\u00e7as dos momentos felizes vividos ao seu lado.\u201d<\/p>\n<p><i>Fernando Bezerra Coelho<br \/>\nFernando Filho<br \/>\nAnt\u00f4nio Coelho<br \/>\nMiguel Coelho<\/i><\/p>\n","protected":false},"excerpt":{"rendered":"<p>O ex-Senador Fernando Bezerra Coelho, o deputado federal Fernando Filho, o deputado estadual Ant\u00f4nio Coelho e o ex-prefeito de Petrolina, Miguel Coelho, emitem Nota de Pesar pelo falecimento de Maria Eug\u00eania Assis Lins, aos 23 anos, filha do casal de empres\u00e1rios do ramo de combust\u00edveis, Weslley Lins e Eug\u00eania Assis Lins. Maria Eug\u00eania Assis Lins [&hellip;]<\/p>\n","protected":false},"author":1,"featured_media":66527,"comment_status":"open","ping_status":"open","sticky":false,"template":"","format":"standard","meta":{"_uag_custom_page_level_css":"","_monsterinsights_skip_tracking":false,"_monsterinsights_sitenote_active":false,"_monsterinsights_sitenote_note":"","_monsterinsights_sitenote_category":0,"jetpack_post_was_ever_published":false,"_jetpack_newsletter_access":"","_jetpack_dont_email_post_to_subs":false,"_jetpack_newsletter_tier_id":0,"_jetpack_memberships_contains_paywalled_content":false,"_jetpack_memberships_contains_paid_content":false,"footnotes":"","jetpack_publicize_message":"","jetpack_publicize_feature_enabled":true,"jetpack_social_post_already_shared":true,"jetpack_social_options":{"image_generator_settings":{"template":"highway","default_image_id":0,"font":"","enabled":false},"version":2}},"categories":[851],"tags":[],"class_list":["post-66526","post","type-post","status-publish","format-standard","has-post-thumbnail","hentry","category-petrolina"],"jetpack_publicize_connections":[],"jetpack_featured_media_url":"https:\/\/blogopara.com.br\/wp-content\/uploads\/2024\/07\/thumbnail_Maria-Eugenia-Assis-Lins.jpg","uagb_featured_image_src":{"full":["https:\/\/blogopara.com.br\/wp-content\/uploads\/2024\/07\/thumbnail_Maria-Eugenia-Assis-Lins.jpg",500,481,false],"thumbnail":["https:\/\/blogopara.com.br\/wp-content\/uploads\/2024\/07\/thumbnail_Maria-Eugenia-Assis-Lins-150x150.jpg",150,150,true],"medium":["https:\/\/blogopara.com.br\/wp-content\/uploads\/2024\/07\/thumbnail_Maria-Eugenia-Assis-Lins-300x289.jpg",300,289,true],"medium_large":["https:\/\/blogopara.com.br\/wp-content\/uploads\/2024\/07\/thumbnail_Maria-Eugenia-Assis-Lins.jpg",500,481,false],"large":["https:\/\/blogopara.com.br\/wp-content\/uploads\/2024\/07\/thumbnail_Maria-Eugenia-Assis-Lins.jpg",500,481,false],"1536x1536":["https:\/\/blogopara.com.br\/wp-content\/uploads\/2024\/07\/thumbnail_Maria-Eugenia-Assis-Lins.jpg",500,481,false],"2048x2048":["https:\/\/blogopara.com.br\/wp-content\/uploads\/2024\/07\/thumbnail_Maria-Eugenia-Assis-Lins.jpg",500,481,false],"mantranews-slider-large":["https:\/\/blogopara.com.br\/wp-content\/uploads\/2024\/07\/thumbnail_Maria-Eugenia-Assis-Lins.jpg",500,481,false],"mantranews-featured-medium":["https:\/\/blogopara.com.br\/wp-content\/uploads\/2024\/07\/thumbnail_Maria-Eugenia-Assis-Lins-420x307.jpg",420,307,true],"mantranews-featured-long":["https:\/\/blogopara.com.br\/wp-content\/uploads\/2024\/07\/thumbnail_Maria-Eugenia-Assis-Lins-300x443.jpg",300,443,true],"mantranews-block-medium":["https:\/\/blogopara.com.br\/wp-content\/uploads\/2024\/07\/thumbnail_Maria-Eugenia-Assis-Lins-464x290.jpg",464,290,true],"mantranews-carousel-image":["https:\/\/blogopara.com.br\/wp-content\/uploads\/2024\/07\/thumbnail_Maria-Eugenia-Assis-Lins.jpg",500,481,false],"mantranews-block-thumb":["https:\/\/blogopara.com.br\/wp-content\/uploads\/2024\/07\/thumbnail_Maria-Eugenia-Assis-Lins-322x230.jpg",322,230,true],"mantranews-single-large":["https:\/\/blogopara.com.br\/wp-content\/uploads\/2024\/07\/thumbnail_Maria-Eugenia-Assis-Lins.jpg",500,481,false]},"uagb_author_info":{"display_name":"Reda\u00e7\u00e3o geral","author_link":"https:\/\/blogopara.com.br\/index.php\/author\/blogopara"},"uagb_comment_info":0,"uagb_excerpt":"O ex-Senador Fernando Bezerra Coelho, o deputado federal Fernando Filho, o deputado estadual Ant\u00f4nio Coelho e o ex-prefeito de Petrolina, Miguel Coelho, emitem Nota de Pesar pelo falecimento de Maria Eug\u00eania Assis Lins, aos 23 anos, filha do casal de empres\u00e1rios do ramo de combust\u00edveis, Weslley Lins e Eug\u00eania Assis Lins. Maria Eug\u00eania Assis Lins&hellip;","jetpack_sharing_enabled":true,"jetpack_likes_enabled":true,"_links":{"self":[{"href":"https:\/\/blogopara.com.br\/index.php\/wp-json\/wp\/v2\/posts\/66526","targetHints":{"allow":["GET"]}}],"collection":[{"href":"https:\/\/blogopara.com.br\/index.php\/wp-json\/wp\/v2\/posts"}],"about":[{"href":"https:\/\/blogopara.com.br\/index.php\/wp-json\/wp\/v2\/types\/post"}],"author":[{"embeddable":true,"href":"https:\/\/blogopara.com.br\/index.php\/wp-json\/wp\/v2\/users\/1"}],"replies":[{"embeddable":true,"href":"https:\/\/blogopara.com.br\/index.php\/wp-json\/wp\/v2\/comments?post=66526"}],"version-history":[{"count":1,"href":"https:\/\/blogopara.com.br\/index.php\/wp-json\/wp\/v2\/posts\/66526\/revisions"}],"predecessor-version":[{"id":66528,"href":"https:\/\/blogopara.com.br\/index.php\/wp-json\/wp\/v2\/posts\/66526\/revisions\/66528"}],"wp:featuredmedia":[{"embeddable":true,"href":"https:\/\/blogopara.com.br\/index.php\/wp-json\/wp\/v2\/media\/66527"}],"wp:attachment":[{"href":"https:\/\/blogopara.com.br\/index.php\/wp-json\/wp\/v2\/media?parent=66526"}],"wp:term":[{"taxonomy":"category","embeddable":true,"href":"https:\/\/blogopara.com.br\/index.php\/wp-json\/wp\/v2\/categories?post=66526"},{"taxonomy":"post_tag","embeddable":true,"href":"https:\/\/blogopara.com.br\/index.php\/wp-json\/wp\/v2\/tags?post=66526"}],"curies":[{"name":"wp","href":"https:\/\/api.w.org\/{rel}","templated":true}]}}