{"id":6657,"date":"2020-01-26T19:56:16","date_gmt":"2020-01-26T22:56:16","guid":{"rendered":"http:\/\/blogopara.com.br\/?p=6657"},"modified":"2020-01-26T19:59:27","modified_gmt":"2020-01-26T22:59:27","slug":"pedro-lucas-representa-petrolina-no-the-voice-kids","status":"publish","type":"post","link":"https:\/\/blogopara.com.br\/index.php\/2020\/01\/26\/pedro-lucas-representa-petrolina-no-the-voice-kids","title":{"rendered":"Pedro Lucas representa Petrolina no The Voice Kids"},"content":{"rendered":"<p style=\"text-align: justify;\">O artista mirim Pedro Lucas embarcou hoje (26) rumo ao Rio de Janeiro, onde participar\u00e1 das audi\u00e7\u00f5es \u00e0s cegas do The Voice Kids. A previs\u00e3o \u00e9 que a participa\u00e7\u00e3o dele v\u00e1 ao ar no pr\u00f3ximo domingo.<\/p>\n<p style=\"text-align: justify;\">O menino j\u00e1 faz sucesso em Petrolina e regi\u00e3o e emocionou a todos ao dividir o palco com Gustavo Lima e n\u00e3o conseguir concluir a apresenta\u00e7\u00e3o tamanha emo\u00e7\u00e3o de compartilhar esse momento com seu \u00eddolo.<\/p>\n<p style=\"text-align: justify;\">Vale a pena ressaltar que essa n\u00e3o \u00e9 a primeira vez que Petrolina tem um representante no The Voice Kids. H\u00e1 quatro anos o Vale do S\u00e3o Francisco torcia por Andr\u00e9a Vit\u00f3ria e agora as vibra\u00e7\u00f5es positivas para a Pedro Lucas. Talento tem sobra, resta agora a aprova\u00e7\u00e3o dos jurados Simone e Sim\u00e1ria, Carlinhos Brown e Cl\u00e1udia Leite<\/p>\n","protected":false},"excerpt":{"rendered":"<p>O artista mirim Pedro Lucas embarcou hoje (26) rumo ao Rio de Janeiro, onde participar\u00e1 das audi\u00e7\u00f5es \u00e0s cegas do The Voice Kids. A previs\u00e3o \u00e9 que a participa\u00e7\u00e3o dele v\u00e1 ao ar no pr\u00f3ximo domingo. O menino j\u00e1 faz sucesso em Petrolina e regi\u00e3o e emocionou a todos ao dividir o palco com Gustavo [&hellip;]<\/p>\n","protected":false},"author":1,"featured_media":6661,"comment_status":"open","ping_status":"open","sticky":false,"template":"","format":"standard","meta":{"_uag_custom_page_level_css":"","_monsterinsights_skip_tracking":false,"_monsterinsights_sitenote_active":false,"_monsterinsights_sitenote_note":"","_monsterinsights_sitenote_category":0,"jetpack_post_was_ever_published":false,"_jetpack_newsletter_access":"","_jetpack_dont_email_post_to_subs":false,"_jetpack_newsletter_tier_id":0,"_jetpack_memberships_contains_paywalled_content":false,"_jetpack_memberships_contains_paid_content":false,"footnotes":"","jetpack_publicize_message":"","jetpack_publicize_feature_enabled":true,"jetpack_social_post_already_shared":true,"jetpack_social_options":{"image_generator_settings":{"template":"highway","default_image_id":0,"font":"","enabled":false},"version":2}},"categories":[203],"tags":[],"class_list":["post-6657","post","type-post","status-publish","format-standard","has-post-thumbnail","hentry","category-juazeiro"],"jetpack_publicize_connections":[],"jetpack_featured_media_url":"https:\/\/blogopara.com.br\/wp-content\/uploads\/2020\/01\/art.jpeg","uagb_featured_image_src":{"full":["https:\/\/blogopara.com.br\/wp-content\/uploads\/2020\/01\/art.jpeg",400,496,false],"thumbnail":["https:\/\/blogopara.com.br\/wp-content\/uploads\/2020\/01\/art-150x150.jpeg",150,150,true],"medium":["https:\/\/blogopara.com.br\/wp-content\/uploads\/2020\/01\/art-242x300.jpeg",242,300,true],"medium_large":["https:\/\/blogopara.com.br\/wp-content\/uploads\/2020\/01\/art.jpeg",400,496,false],"large":["https:\/\/blogopara.com.br\/wp-content\/uploads\/2020\/01\/art.jpeg",400,496,false],"1536x1536":["https:\/\/blogopara.com.br\/wp-content\/uploads\/2020\/01\/art.jpeg",400,496,false],"2048x2048":["https:\/\/blogopara.com.br\/wp-content\/uploads\/2020\/01\/art.jpeg",400,496,false],"mantranews-slider-large":["https:\/\/blogopara.com.br\/wp-content\/uploads\/2020\/01\/art.jpeg",400,496,false],"mantranews-featured-medium":["https:\/\/blogopara.com.br\/wp-content\/uploads\/2020\/01\/art.jpeg",248,307,false],"mantranews-featured-long":["https:\/\/blogopara.com.br\/wp-content\/uploads\/2020\/01\/art.jpeg",300,372,false],"mantranews-block-medium":["https:\/\/blogopara.com.br\/wp-content\/uploads\/2020\/01\/art.jpeg",234,290,false],"mantranews-carousel-image":["https:\/\/blogopara.com.br\/wp-content\/uploads\/2020\/01\/art.jpeg",400,496,false],"mantranews-block-thumb":["https:\/\/blogopara.com.br\/wp-content\/uploads\/2020\/01\/art.jpeg",185,230,false],"mantranews-single-large":["https:\/\/blogopara.com.br\/wp-content\/uploads\/2020\/01\/art.jpeg",400,496,false]},"uagb_author_info":{"display_name":"Reda\u00e7\u00e3o geral","author_link":"https:\/\/blogopara.com.br\/index.php\/author\/blogopara"},"uagb_comment_info":0,"uagb_excerpt":"O artista mirim Pedro Lucas embarcou hoje (26) rumo ao Rio de Janeiro, onde participar\u00e1 das audi\u00e7\u00f5es \u00e0s cegas do The Voice Kids. A previs\u00e3o \u00e9 que a participa\u00e7\u00e3o dele v\u00e1 ao ar no pr\u00f3ximo domingo. O menino j\u00e1 faz sucesso em Petrolina e regi\u00e3o e emocionou a todos ao dividir o palco com Gustavo&hellip;","jetpack_sharing_enabled":true,"jetpack_likes_enabled":true,"_links":{"self":[{"href":"https:\/\/blogopara.com.br\/index.php\/wp-json\/wp\/v2\/posts\/6657","targetHints":{"allow":["GET"]}}],"collection":[{"href":"https:\/\/blogopara.com.br\/index.php\/wp-json\/wp\/v2\/posts"}],"about":[{"href":"https:\/\/blogopara.com.br\/index.php\/wp-json\/wp\/v2\/types\/post"}],"author":[{"embeddable":true,"href":"https:\/\/blogopara.com.br\/index.php\/wp-json\/wp\/v2\/users\/1"}],"replies":[{"embeddable":true,"href":"https:\/\/blogopara.com.br\/index.php\/wp-json\/wp\/v2\/comments?post=6657"}],"version-history":[{"count":1,"href":"https:\/\/blogopara.com.br\/index.php\/wp-json\/wp\/v2\/posts\/6657\/revisions"}],"predecessor-version":[{"id":6659,"href":"https:\/\/blogopara.com.br\/index.php\/wp-json\/wp\/v2\/posts\/6657\/revisions\/6659"}],"wp:featuredmedia":[{"embeddable":true,"href":"https:\/\/blogopara.com.br\/index.php\/wp-json\/wp\/v2\/media\/6661"}],"wp:attachment":[{"href":"https:\/\/blogopara.com.br\/index.php\/wp-json\/wp\/v2\/media?parent=6657"}],"wp:term":[{"taxonomy":"category","embeddable":true,"href":"https:\/\/blogopara.com.br\/index.php\/wp-json\/wp\/v2\/categories?post=6657"},{"taxonomy":"post_tag","embeddable":true,"href":"https:\/\/blogopara.com.br\/index.php\/wp-json\/wp\/v2\/tags?post=6657"}],"curies":[{"name":"wp","href":"https:\/\/api.w.org\/{rel}","templated":true}]}}