{"id":66862,"date":"2024-07-16T13:05:00","date_gmt":"2024-07-16T16:05:00","guid":{"rendered":"https:\/\/blogopara.com.br\/?p=66862"},"modified":"2024-07-16T01:07:47","modified_gmt":"2024-07-16T04:07:47","slug":"500-casas-do-minha-casa-minha-vida-confirmadas-para-petrolina-pe-pelo-ministro-das-cidades","status":"publish","type":"post","link":"https:\/\/blogopara.com.br\/index.php\/2024\/07\/16\/500-casas-do-minha-casa-minha-vida-confirmadas-para-petrolina-pe-pelo-ministro-das-cidades","title":{"rendered":"500 casas do \u2018Minha Casa Minha Vida\u2019 confirmadas para Petrolina (PE) pelo Ministro das Cidades"},"content":{"rendered":"<p style=\"text-align: justify;\">Em contato com o prefeito Sim\u00e3o Durando, o ministro das Cidades, Jader Filho, confirmou que Petrolina receber\u00e1 um grande investimento para a \u00e1rea da habita\u00e7\u00e3o. Ser\u00e3o destinados R$ 77 milh\u00f5es para a constru\u00e7\u00e3o de 500 novas habita\u00e7\u00f5es para o munic\u00edpio sertanejo atrav\u00e9s do Programa Minha Casa, Minha Vida. As unidades aprovadas ser\u00e3o direcionadas \u00e0 Faixa 1 (FAR) para fam\u00edlias com renda de at\u00e9 2 sal\u00e1rios m\u00ednimos (ou R$ 2.640,00 em valores atuais).<\/p>\n<p style=\"text-align: justify;\">O prefeito Sim\u00e3o Durando celebrou a not\u00edcia e ressaltou que essa medida vai alavancar ainda mais o acesso \u00e0 moradia digna no munic\u00edpio sertanejo. Al\u00e9m de qualidade de vida \u00e0s fam\u00edlias de baixa renda, a a\u00e7\u00e3o vai gerar mais postos de trabalho para a constru\u00e7\u00e3o civil na cidade, aquecendo a economia atrav\u00e9s da gera\u00e7\u00e3o de emprego e renda.<\/p>\n<p style=\"text-align: justify;\">\u201cS\u00e3o conquistas que chegam \u00e0 nossa cidade por meio do incans\u00e1vel trabalho da nossa for\u00e7a pol\u00edtica. Os nossos esfor\u00e7os em Bras\u00edlia, junto com o deputado federal Fernando Filho, o ministro Jader Filho e o presidente Lula, confirmam que mais avan\u00e7os chegam para a nossa gente. N\u00f3s sabemos a import\u00e2ncia dessa a\u00e7\u00e3o, principalmente, para as fam\u00edlias mais pobres. Muita gente ainda n\u00e3o tem um local adequado para viver e depende de pol\u00edticas p\u00fablicas para facilitar o acesso a essas moradias, por isso, estou muito feliz em compartilhar essa not\u00edcia\u201d, concluiu Sim\u00e3o.<\/p>\n<p style=\"text-align: justify;\"><em>Fonte: Blog Edenevaldo Alves<\/em><\/p>\n","protected":false},"excerpt":{"rendered":"<p>Em contato com o prefeito Sim\u00e3o Durando, o ministro das Cidades, Jader Filho, confirmou que Petrolina receber\u00e1 um grande investimento para a \u00e1rea da habita\u00e7\u00e3o. Ser\u00e3o destinados R$ 77 milh\u00f5es para a constru\u00e7\u00e3o de 500 novas habita\u00e7\u00f5es para o munic\u00edpio sertanejo atrav\u00e9s do Programa Minha Casa, Minha Vida. As unidades aprovadas ser\u00e3o direcionadas \u00e0 Faixa [&hellip;]<\/p>\n","protected":false},"author":1,"featured_media":66863,"comment_status":"open","ping_status":"open","sticky":false,"template":"","format":"standard","meta":{"_uag_custom_page_level_css":"","_monsterinsights_skip_tracking":false,"_monsterinsights_sitenote_active":false,"_monsterinsights_sitenote_note":"","_monsterinsights_sitenote_category":0,"jetpack_post_was_ever_published":false,"_jetpack_newsletter_access":"","_jetpack_dont_email_post_to_subs":false,"_jetpack_newsletter_tier_id":0,"_jetpack_memberships_contains_paywalled_content":false,"_jetpack_memberships_contains_paid_content":false,"footnotes":"","jetpack_publicize_message":"","jetpack_publicize_feature_enabled":true,"jetpack_social_post_already_shared":true,"jetpack_social_options":{"image_generator_settings":{"template":"highway","default_image_id":0,"font":"","enabled":false},"version":2}},"categories":[851,197],"tags":[10699,58,10828],"class_list":["post-66862","post","type-post","status-publish","format-standard","has-post-thumbnail","hentry","category-petrolina","category-politica","tag-minha-casa-minha-vida","tag-petrolina","tag-simao-durando"],"jetpack_publicize_connections":[],"jetpack_featured_media_url":"https:\/\/blogopara.com.br\/wp-content\/uploads\/2024\/07\/WhatsApp-Image-2024-07-15-at-16.48.34-1.jpg","uagb_featured_image_src":{"full":["https:\/\/blogopara.com.br\/wp-content\/uploads\/2024\/07\/WhatsApp-Image-2024-07-15-at-16.48.34-1.jpg",500,333,false],"thumbnail":["https:\/\/blogopara.com.br\/wp-content\/uploads\/2024\/07\/WhatsApp-Image-2024-07-15-at-16.48.34-1-150x150.jpg",150,150,true],"medium":["https:\/\/blogopara.com.br\/wp-content\/uploads\/2024\/07\/WhatsApp-Image-2024-07-15-at-16.48.34-1-300x200.jpg",300,200,true],"medium_large":["https:\/\/blogopara.com.br\/wp-content\/uploads\/2024\/07\/WhatsApp-Image-2024-07-15-at-16.48.34-1.jpg",500,333,false],"large":["https:\/\/blogopara.com.br\/wp-content\/uploads\/2024\/07\/WhatsApp-Image-2024-07-15-at-16.48.34-1.jpg",500,333,false],"1536x1536":["https:\/\/blogopara.com.br\/wp-content\/uploads\/2024\/07\/WhatsApp-Image-2024-07-15-at-16.48.34-1.jpg",500,333,false],"2048x2048":["https:\/\/blogopara.com.br\/wp-content\/uploads\/2024\/07\/WhatsApp-Image-2024-07-15-at-16.48.34-1.jpg",500,333,false],"mantranews-slider-large":["https:\/\/blogopara.com.br\/wp-content\/uploads\/2024\/07\/WhatsApp-Image-2024-07-15-at-16.48.34-1.jpg",500,333,false],"mantranews-featured-medium":["https:\/\/blogopara.com.br\/wp-content\/uploads\/2024\/07\/WhatsApp-Image-2024-07-15-at-16.48.34-1-420x307.jpg",420,307,true],"mantranews-featured-long":["https:\/\/blogopara.com.br\/wp-content\/uploads\/2024\/07\/WhatsApp-Image-2024-07-15-at-16.48.34-1-300x333.jpg",300,333,true],"mantranews-block-medium":["https:\/\/blogopara.com.br\/wp-content\/uploads\/2024\/07\/WhatsApp-Image-2024-07-15-at-16.48.34-1-464x290.jpg",464,290,true],"mantranews-carousel-image":["https:\/\/blogopara.com.br\/wp-content\/uploads\/2024\/07\/WhatsApp-Image-2024-07-15-at-16.48.34-1.jpg",500,333,false],"mantranews-block-thumb":["https:\/\/blogopara.com.br\/wp-content\/uploads\/2024\/07\/WhatsApp-Image-2024-07-15-at-16.48.34-1-322x230.jpg",322,230,true],"mantranews-single-large":["https:\/\/blogopara.com.br\/wp-content\/uploads\/2024\/07\/WhatsApp-Image-2024-07-15-at-16.48.34-1.jpg",500,333,false]},"uagb_author_info":{"display_name":"Reda\u00e7\u00e3o geral","author_link":"https:\/\/blogopara.com.br\/index.php\/author\/blogopara"},"uagb_comment_info":0,"uagb_excerpt":"Em contato com o prefeito Sim\u00e3o Durando, o ministro das Cidades, Jader Filho, confirmou que Petrolina receber\u00e1 um grande investimento para a \u00e1rea da habita\u00e7\u00e3o. Ser\u00e3o destinados R$ 77 milh\u00f5es para a constru\u00e7\u00e3o de 500 novas habita\u00e7\u00f5es para o munic\u00edpio sertanejo atrav\u00e9s do Programa Minha Casa, Minha Vida. As unidades aprovadas ser\u00e3o direcionadas \u00e0 Faixa&hellip;","jetpack_sharing_enabled":true,"jetpack_likes_enabled":true,"_links":{"self":[{"href":"https:\/\/blogopara.com.br\/index.php\/wp-json\/wp\/v2\/posts\/66862","targetHints":{"allow":["GET"]}}],"collection":[{"href":"https:\/\/blogopara.com.br\/index.php\/wp-json\/wp\/v2\/posts"}],"about":[{"href":"https:\/\/blogopara.com.br\/index.php\/wp-json\/wp\/v2\/types\/post"}],"author":[{"embeddable":true,"href":"https:\/\/blogopara.com.br\/index.php\/wp-json\/wp\/v2\/users\/1"}],"replies":[{"embeddable":true,"href":"https:\/\/blogopara.com.br\/index.php\/wp-json\/wp\/v2\/comments?post=66862"}],"version-history":[{"count":1,"href":"https:\/\/blogopara.com.br\/index.php\/wp-json\/wp\/v2\/posts\/66862\/revisions"}],"predecessor-version":[{"id":66864,"href":"https:\/\/blogopara.com.br\/index.php\/wp-json\/wp\/v2\/posts\/66862\/revisions\/66864"}],"wp:featuredmedia":[{"embeddable":true,"href":"https:\/\/blogopara.com.br\/index.php\/wp-json\/wp\/v2\/media\/66863"}],"wp:attachment":[{"href":"https:\/\/blogopara.com.br\/index.php\/wp-json\/wp\/v2\/media?parent=66862"}],"wp:term":[{"taxonomy":"category","embeddable":true,"href":"https:\/\/blogopara.com.br\/index.php\/wp-json\/wp\/v2\/categories?post=66862"},{"taxonomy":"post_tag","embeddable":true,"href":"https:\/\/blogopara.com.br\/index.php\/wp-json\/wp\/v2\/tags?post=66862"}],"curies":[{"name":"wp","href":"https:\/\/api.w.org\/{rel}","templated":true}]}}