{"id":66865,"date":"2024-07-16T14:08:00","date_gmt":"2024-07-16T17:08:00","guid":{"rendered":"https:\/\/blogopara.com.br\/?p=66865"},"modified":"2024-07-16T01:10:37","modified_gmt":"2024-07-16T04:10:37","slug":"bahia-cinco-pessoas-foram-atacadas-por-pitbull-em-festa-infantil","status":"publish","type":"post","link":"https:\/\/blogopara.com.br\/index.php\/2024\/07\/16\/bahia-cinco-pessoas-foram-atacadas-por-pitbull-em-festa-infantil","title":{"rendered":"Bahia: Cinco pessoas foram atacadas por pitbull em festa infantil"},"content":{"rendered":"<p>Cinco pessoas ficaram feridas ap\u00f3s serem atacadas por um pitbull durante uma festa infantil em um condom\u00ednio de casas em Feira de Santana, a 100 km de Salvador.<\/p>\n<p>O caso aconteceu no s\u00e1bado (13) e as c\u00e2meras de seguran\u00e7a filmaram o ataque.<\/p>\n<p>As v\u00edtimas s\u00e3o dois adolescentes, uma crian\u00e7a, um morador e o porteiro do condom\u00ednio. Todos eles foram atendidos pelo Servi\u00e7o de Atendimento M\u00f3vel de Urg\u00eancia (Samu) e passam bem.<\/p>\n<p>Moradores contam que o cachorro ficava sozinho em casa havia pelo menos tr\u00eas meses e s\u00f3 recebia comida uma vez por semana. A TV Suba\u00e9, afiliada da TV Bahia em Feira de Santana, tentou contato com a tutora respons\u00e1vel pelo animal, mas n\u00e3o teve retorno.<\/p>\n<p>A festa infantil acontecia na \u00e1rea de lazer do condom\u00ednio, perto da piscina e de uma \u00e1rea de estacionamento.<\/p>\n<p style=\"text-align: justify;\">No v\u00eddeo, \u00e9 poss\u00edvel ver que um grupo de adolescentes brincava de futebol de sab\u00e3o em uma estrutura montada para a festa, quando o cachorro pulou e invadiu o brinquedo.<\/p>\n<p style=\"text-align: justify;\">As c\u00e2meras de seguran\u00e7a filmaram o momento em que os garotos pularam do brinquedo e correram pelo condom\u00ednio para fugir do animal.<\/p>\n<p style=\"text-align: justify;\">C\u00e2meras filmaram quando o porteiro do condom\u00ednio foi perseguido pelo animal, caiu e foi atacado no ch\u00e3o.<\/p>\n<p style=\"text-align: justify;\">Enquanto o funcion\u00e1rio era mordido, um morador se aproximou e chutou o cachorro.<\/p>\n<p style=\"text-align: justify;\">Um v\u00eddeo mostra que outro homem foi perseguido pelo animal e precisou entrar em um carro para se proteger. Ap\u00f3s as cinco pessoas serem atacadas, o animal foi contido por moradores e preso dentro da quadra do condom\u00ednio.<\/p>\n<p style=\"text-align: justify;\">Ele ficou no local por cerca de tr\u00eas horas e tentou arrombar o port\u00e3o para fugir.<\/p>\n<p style=\"text-align: justify;\">Os moradores entraram em contato com a tutora, que n\u00e3o mora mais no local h\u00e1 cerca de tr\u00eas meses, e pediram que ela buscasse o pitbull.<\/p>\n<p style=\"text-align: justify;\">A mulher n\u00e3o foi at\u00e9 o condom\u00ednio, mas enviou um carro para levar o cachorro.<\/p>\n<p style=\"text-align: justify;\">A TV Suba\u00e9, afiliada da TV Bahia em Feira de Santana, tentou contato com a tutora, mas n\u00e3o teve retorno.<\/p>\n<p style=\"text-align: justify;\">Segundo moradores do condom\u00ednio, desde que a tutora do animal se mudou, h\u00e1 tr\u00eas meses, o pitbull vivia sozinho e era alimentado apenas uma vez na semana.<\/p>\n<p style=\"text-align: justify;\">O empres\u00e1rio Pablo Ricardo, que mora no condom\u00ednio, contou que essa n\u00e3o foi a primeira vez que o animal conseguiu se soltar e fugir da casa.<\/p>\n<p style=\"text-align: justify;\">&#8220;H\u00e1 dois anos esse cachorro se soltou, atacou meu filho, minha pet e mais dois moradores. Viemos sinalizando \u00e0 moradora e ao condom\u00ednio, falamos que seria uma trag\u00e9dia, mas n\u00e3o foi considerado&#8221;, afirmou.<\/p>\n<p style=\"text-align: justify;\">Cachorro vira-lata \u00e9 atacado por Pit Bull enquanto passeava com tutora na orla de Salvador<br \/>\nNa \u00faltima semana, em outro condom\u00ednio de Feira de Santana, um pitbull aproveitou que a porta da casa do tutor dele estava aberta, invadiu o im\u00f3vel de um vizinho e atacou e matou outro cachorro.<\/p>\n<p style=\"text-align: justify;\">No munic\u00edpio, o C\u00f3digo Municipal de Prote\u00e7\u00e3o aos Animais, promulgado em 2018, obriga o uso de coleiras, guias e focinheira em cachorros. Tamb\u00e9m responsabiliza os tutores, de formas civil e penal, em caso de ataques.<\/p>\n<p style=\"text-align: justify;\"><em>Fonte: g1 Bahia<\/em><\/p>\n","protected":false},"excerpt":{"rendered":"<p>Cinco pessoas ficaram feridas ap\u00f3s serem atacadas por um pitbull durante uma festa infantil em um condom\u00ednio de casas em Feira de Santana, a 100 km de Salvador. O caso aconteceu no s\u00e1bado (13) e as c\u00e2meras de seguran\u00e7a filmaram o ataque. As v\u00edtimas s\u00e3o dois adolescentes, uma crian\u00e7a, um morador e o porteiro do [&hellip;]<\/p>\n","protected":false},"author":1,"featured_media":66866,"comment_status":"open","ping_status":"open","sticky":false,"template":"","format":"standard","meta":{"_uag_custom_page_level_css":"","_monsterinsights_skip_tracking":false,"_monsterinsights_sitenote_active":false,"_monsterinsights_sitenote_note":"","_monsterinsights_sitenote_category":0,"jetpack_post_was_ever_published":false,"_jetpack_newsletter_access":"","_jetpack_dont_email_post_to_subs":false,"_jetpack_newsletter_tier_id":0,"_jetpack_memberships_contains_paywalled_content":false,"_jetpack_memberships_contains_paid_content":false,"footnotes":"","jetpack_publicize_message":"","jetpack_publicize_feature_enabled":true,"jetpack_social_post_already_shared":true,"jetpack_social_options":{"image_generator_settings":{"template":"highway","default_image_id":0,"font":"","enabled":false},"version":2}},"categories":[199],"tags":[11,1472],"class_list":["post-66865","post","type-post","status-publish","format-standard","has-post-thumbnail","hentry","category-bahia","tag-bahia","tag-feira-de-santana"],"jetpack_publicize_connections":[],"jetpack_featured_media_url":"https:\/\/blogopara.com.br\/wp-content\/uploads\/2024\/07\/tvbahia1.png","uagb_featured_image_src":{"full":["https:\/\/blogopara.com.br\/wp-content\/uploads\/2024\/07\/tvbahia1.png",500,351,false],"thumbnail":["https:\/\/blogopara.com.br\/wp-content\/uploads\/2024\/07\/tvbahia1-150x150.png",150,150,true],"medium":["https:\/\/blogopara.com.br\/wp-content\/uploads\/2024\/07\/tvbahia1-300x211.png",300,211,true],"medium_large":["https:\/\/blogopara.com.br\/wp-content\/uploads\/2024\/07\/tvbahia1.png",500,351,false],"large":["https:\/\/blogopara.com.br\/wp-content\/uploads\/2024\/07\/tvbahia1.png",500,351,false],"1536x1536":["https:\/\/blogopara.com.br\/wp-content\/uploads\/2024\/07\/tvbahia1.png",500,351,false],"2048x2048":["https:\/\/blogopara.com.br\/wp-content\/uploads\/2024\/07\/tvbahia1.png",500,351,false],"mantranews-slider-large":["https:\/\/blogopara.com.br\/wp-content\/uploads\/2024\/07\/tvbahia1.png",500,351,false],"mantranews-featured-medium":["https:\/\/blogopara.com.br\/wp-content\/uploads\/2024\/07\/tvbahia1-420x307.png",420,307,true],"mantranews-featured-long":["https:\/\/blogopara.com.br\/wp-content\/uploads\/2024\/07\/tvbahia1-300x351.png",300,351,true],"mantranews-block-medium":["https:\/\/blogopara.com.br\/wp-content\/uploads\/2024\/07\/tvbahia1-464x290.png",464,290,true],"mantranews-carousel-image":["https:\/\/blogopara.com.br\/wp-content\/uploads\/2024\/07\/tvbahia1.png",500,351,false],"mantranews-block-thumb":["https:\/\/blogopara.com.br\/wp-content\/uploads\/2024\/07\/tvbahia1-322x230.png",322,230,true],"mantranews-single-large":["https:\/\/blogopara.com.br\/wp-content\/uploads\/2024\/07\/tvbahia1.png",500,351,false]},"uagb_author_info":{"display_name":"Reda\u00e7\u00e3o geral","author_link":"https:\/\/blogopara.com.br\/index.php\/author\/blogopara"},"uagb_comment_info":0,"uagb_excerpt":"Cinco pessoas ficaram feridas ap\u00f3s serem atacadas por um pitbull durante uma festa infantil em um condom\u00ednio de casas em Feira de Santana, a 100 km de Salvador. O caso aconteceu no s\u00e1bado (13) e as c\u00e2meras de seguran\u00e7a filmaram o ataque. As v\u00edtimas s\u00e3o dois adolescentes, uma crian\u00e7a, um morador e o porteiro do&hellip;","jetpack_sharing_enabled":true,"jetpack_likes_enabled":true,"_links":{"self":[{"href":"https:\/\/blogopara.com.br\/index.php\/wp-json\/wp\/v2\/posts\/66865","targetHints":{"allow":["GET"]}}],"collection":[{"href":"https:\/\/blogopara.com.br\/index.php\/wp-json\/wp\/v2\/posts"}],"about":[{"href":"https:\/\/blogopara.com.br\/index.php\/wp-json\/wp\/v2\/types\/post"}],"author":[{"embeddable":true,"href":"https:\/\/blogopara.com.br\/index.php\/wp-json\/wp\/v2\/users\/1"}],"replies":[{"embeddable":true,"href":"https:\/\/blogopara.com.br\/index.php\/wp-json\/wp\/v2\/comments?post=66865"}],"version-history":[{"count":1,"href":"https:\/\/blogopara.com.br\/index.php\/wp-json\/wp\/v2\/posts\/66865\/revisions"}],"predecessor-version":[{"id":66867,"href":"https:\/\/blogopara.com.br\/index.php\/wp-json\/wp\/v2\/posts\/66865\/revisions\/66867"}],"wp:featuredmedia":[{"embeddable":true,"href":"https:\/\/blogopara.com.br\/index.php\/wp-json\/wp\/v2\/media\/66866"}],"wp:attachment":[{"href":"https:\/\/blogopara.com.br\/index.php\/wp-json\/wp\/v2\/media?parent=66865"}],"wp:term":[{"taxonomy":"category","embeddable":true,"href":"https:\/\/blogopara.com.br\/index.php\/wp-json\/wp\/v2\/categories?post=66865"},{"taxonomy":"post_tag","embeddable":true,"href":"https:\/\/blogopara.com.br\/index.php\/wp-json\/wp\/v2\/tags?post=66865"}],"curies":[{"name":"wp","href":"https:\/\/api.w.org\/{rel}","templated":true}]}}