{"id":67025,"date":"2024-07-24T17:50:26","date_gmt":"2024-07-24T20:50:26","guid":{"rendered":"https:\/\/blogopara.com.br\/?p=67025"},"modified":"2024-07-24T17:50:29","modified_gmt":"2024-07-24T20:50:29","slug":"meta-deixa-brasil-de-fora-de-lancamento-de-ia-apos-restricoes-da-autoridade-de-dados","status":"publish","type":"post","link":"https:\/\/blogopara.com.br\/index.php\/2024\/07\/24\/meta-deixa-brasil-de-fora-de-lancamento-de-ia-apos-restricoes-da-autoridade-de-dados","title":{"rendered":"Meta deixa Brasil de fora de lan\u00e7amento de IA, ap\u00f3s restri\u00e7\u00f5es da autoridade de dados"},"content":{"rendered":"<p style=\"text-align: justify;\">A Meta, dona do Instagram e do WhatsApp, anunciou nesta ter\u00e7a-feira (23) o seu novo modelo de intelig\u00eancia artificial generativa Llama 3.1. Focado em gerar texto, a IA da Meta se sai melhor do que o ChatGPT em alguns testes de desempenho l\u00f3gico e lingu\u00edstico, segundo an\u00fancio da big tech.<\/p>\n<p style=\"text-align: justify;\">O Llama 3.1 \u00e9 fluente em portugu\u00eas, espanhol e outros idiomas e estar\u00e1 integrado ao pacote Meta AI, que oferece servi\u00e7os de IA generativa nos apps da Meta \u2014Facebook, Instagram e WhatsApp\u2014 e ter\u00e1 expans\u00e3o para mais 22 pa\u00edses tamb\u00e9m nesta ter\u00e7a. O Brasil, por\u00e9m, ficou fora deste \u00faltimo lan\u00e7amento, &#8220;por incertezas regulat\u00f3rias locais&#8221;, diz a Meta.<\/p>\n<p style=\"text-align: justify;\">O gigante das redes sociais enfrenta investiga\u00e7\u00f5es de ANDP (Autoridade Nacional de Prote\u00e7\u00e3o de Dados), Cade (Conselho Administrativo de Defesa Econ\u00f4mica) e Senacon (Secretaria Nacional do Consumidor) pelo uso de dados do Instagram e do Facebook para desenvolver modelos de intelig\u00eancia artificial generativa.<\/p>\n<p style=\"text-align: justify;\">As autoridades apuram den\u00fancia do Idec (Instituto de Defesa de Consumidores) por suposta viola\u00e7\u00f5es \u00e0 Lei Geral de Prote\u00e7\u00e3o de Dados e ao C\u00f3digo de Defesa do Consumidor. Em 2 de julho, a ANPD expediu medida preventiva para impedir a big tech de usar dados dos usu\u00e1rios no treinamento de intelig\u00eancias artificiais generativas e, no dia 10, negou recurso da empresa.<\/p>\n<p style=\"text-align: justify;\">Assim, a Meta tinha at\u00e9 o \u00faltimo dia 15 para suspender no Brasil a pol\u00edtica de privacidade, atualizada em 22 de maio, que inclu\u00eda essa pr\u00e1tica. Na ocasi\u00e3o da cautelar, a big tech havia afirmado que a decis\u00e3o da ANPD &#8220;adiaria a chegada dos benef\u00edcios de IA generativa ao pa\u00eds&#8221;.<\/p>\n<p style=\"text-align: justify;\">O Meta AI passou a estar dispon\u00edvel, nesta ter\u00e7a, em 22 pa\u00edses, incluindo vizinhos da Am\u00e9rica latina, como Argentina, Chile, Col\u00f4mbia, Equador, M\u00e9xico e Peru. Em 6 de junho, o fundador da big tech, Mark Zuckerberg, havia afirmado que o pacote de IA generativa chegaria ao Brasil neste m\u00eas.<\/p>\n<p style=\"text-align: justify;\">O executivo afirma esperar que o Meta AI ultrapasse o ChatGPT nos pr\u00f3ximos meses, com o impulso das redes sociais, e &#8220;seja a plataforma de IA mais acessada do mundo nos pr\u00f3ximos meses&#8221;.<\/p>\n<p style=\"text-align: justify;\">Na Europa, onde a Meta tamb\u00e9m encontra dificuldades para justificar o uso de dados dos usu\u00e1rios de redes sociais para desenvolver modelos de intelig\u00eancia artificial, a chegada do novo modelo de intelig\u00eancia artificial tamb\u00e9m foi adiada.<\/p>\n<p style=\"text-align: justify;\">A Meta diz que continuar\u00e1 a trabalhar com as autoridades brasileiras para trazer a tecnologia ao Brasil.<\/p>\n<p style=\"text-align: justify;\">Embora o Meta AI n\u00e3o esteja dispon\u00edvel no Brasil, o Llama 3.1 ser\u00e1 lan\u00e7ado em todos os pa\u00edses do mundo. Por ter c\u00f3digo aberto, o modelo pode ser baixado e executado na pr\u00f3pria m\u00e1quina. Assim, usu\u00e1rios brasileiros ainda podem fazer download do modelo para test\u00e1-lo e desenvolver aplica\u00e7\u00f5es.<\/p>\n<p style=\"text-align: justify;\">Em carta publicada nesta ter\u00e7a, Zuckerberg diz acreditar que os modelos de c\u00f3digo aberto, que podem ser editados e adaptados por outros programadores, ditar\u00e3o o futuro da intelig\u00eancia artificial, mais do que os concorrentes com c\u00f3digo propriet\u00e1rio, como ChatGPT, da OpenAI, e Gemini, do Google.<\/p>\n<p style=\"text-align: justify;\">&#8220;No ano\u00a0passado, o Llama 2 era compar\u00e1vel apenas \u00e0 gera\u00e7\u00e3o anterior de intelig\u00eancias artificiais generativas. Neste ano, o Llama 3 \u00e9 competitivo com as tecnologias mais avan\u00e7adas e lidera em algumas \u00e1reas&#8221;, afirma Zuckerberg.<\/p>\n<p style=\"text-align: justify;\">No an\u00fancio, a Meta afirma que o Llama 3.1 405B \u00e9 o modelo aberto mais capaz j\u00e1 criado. O servi\u00e7o poder\u00e1 ser acessado via nuvens e redes sociais parceiras, como Nvidia, Groq, Databricks, AWS, Google Cloud e Azure.<\/p>\n<p style=\"text-align: justify;\">\n<p style=\"text-align: justify;\">Bahia Not\u00edcias\/Foto: Divulga\u00e7\u00e3o \/ Meta<\/p>\n","protected":false},"excerpt":{"rendered":"<p>A Meta, dona do Instagram e do WhatsApp, anunciou nesta ter\u00e7a-feira (23) o seu novo modelo de intelig\u00eancia artificial generativa Llama 3.1. Focado em gerar texto, a IA da Meta se sai melhor do que o ChatGPT em alguns testes de desempenho l\u00f3gico e lingu\u00edstico, segundo an\u00fancio da big tech. O Llama 3.1 \u00e9 fluente [&hellip;]<\/p>\n","protected":false},"author":1,"featured_media":67026,"comment_status":"open","ping_status":"open","sticky":false,"template":"","format":"standard","meta":{"_uag_custom_page_level_css":"","_monsterinsights_skip_tracking":false,"_monsterinsights_sitenote_active":false,"_monsterinsights_sitenote_note":"","_monsterinsights_sitenote_category":0,"jetpack_post_was_ever_published":false,"_jetpack_newsletter_access":"","_jetpack_dont_email_post_to_subs":false,"_jetpack_newsletter_tier_id":0,"_jetpack_memberships_contains_paywalled_content":false,"_jetpack_memberships_contains_paid_content":false,"footnotes":"","jetpack_publicize_message":"","jetpack_publicize_feature_enabled":true,"jetpack_social_post_already_shared":true,"jetpack_social_options":{"image_generator_settings":{"template":"highway","default_image_id":0,"font":"","enabled":false},"version":2}},"categories":[273],"tags":[],"class_list":["post-67025","post","type-post","status-publish","format-standard","has-post-thumbnail","hentry","category-mundo"],"jetpack_publicize_connections":[],"jetpack_featured_media_url":"https:\/\/blogopara.com.br\/wp-content\/uploads\/2024\/07\/IMAGEM_NOTICIA_9210.jpg","uagb_featured_image_src":{"full":["https:\/\/blogopara.com.br\/wp-content\/uploads\/2024\/07\/IMAGEM_NOTICIA_9210.jpg",700,367,false],"thumbnail":["https:\/\/blogopara.com.br\/wp-content\/uploads\/2024\/07\/IMAGEM_NOTICIA_9210-150x150.jpg",150,150,true],"medium":["https:\/\/blogopara.com.br\/wp-content\/uploads\/2024\/07\/IMAGEM_NOTICIA_9210-300x157.jpg",300,157,true],"medium_large":["https:\/\/blogopara.com.br\/wp-content\/uploads\/2024\/07\/IMAGEM_NOTICIA_9210.jpg",640,336,false],"large":["https:\/\/blogopara.com.br\/wp-content\/uploads\/2024\/07\/IMAGEM_NOTICIA_9210.jpg",640,336,false],"1536x1536":["https:\/\/blogopara.com.br\/wp-content\/uploads\/2024\/07\/IMAGEM_NOTICIA_9210.jpg",700,367,false],"2048x2048":["https:\/\/blogopara.com.br\/wp-content\/uploads\/2024\/07\/IMAGEM_NOTICIA_9210.jpg",700,367,false],"mantranews-slider-large":["https:\/\/blogopara.com.br\/wp-content\/uploads\/2024\/07\/IMAGEM_NOTICIA_9210.jpg",700,367,false],"mantranews-featured-medium":["https:\/\/blogopara.com.br\/wp-content\/uploads\/2024\/07\/IMAGEM_NOTICIA_9210-420x307.jpg",420,307,true],"mantranews-featured-long":["https:\/\/blogopara.com.br\/wp-content\/uploads\/2024\/07\/IMAGEM_NOTICIA_9210-300x367.jpg",300,367,true],"mantranews-block-medium":["https:\/\/blogopara.com.br\/wp-content\/uploads\/2024\/07\/IMAGEM_NOTICIA_9210-464x290.jpg",464,290,true],"mantranews-carousel-image":["https:\/\/blogopara.com.br\/wp-content\/uploads\/2024\/07\/IMAGEM_NOTICIA_9210-600x367.jpg",600,367,true],"mantranews-block-thumb":["https:\/\/blogopara.com.br\/wp-content\/uploads\/2024\/07\/IMAGEM_NOTICIA_9210-322x230.jpg",322,230,true],"mantranews-single-large":["https:\/\/blogopara.com.br\/wp-content\/uploads\/2024\/07\/IMAGEM_NOTICIA_9210.jpg",700,367,false]},"uagb_author_info":{"display_name":"Reda\u00e7\u00e3o geral","author_link":"https:\/\/blogopara.com.br\/index.php\/author\/blogopara"},"uagb_comment_info":0,"uagb_excerpt":"A Meta, dona do Instagram e do WhatsApp, anunciou nesta ter\u00e7a-feira (23) o seu novo modelo de intelig\u00eancia artificial generativa Llama 3.1. Focado em gerar texto, a IA da Meta se sai melhor do que o ChatGPT em alguns testes de desempenho l\u00f3gico e lingu\u00edstico, segundo an\u00fancio da big tech. O Llama 3.1 \u00e9 fluente&hellip;","jetpack_sharing_enabled":true,"jetpack_likes_enabled":true,"_links":{"self":[{"href":"https:\/\/blogopara.com.br\/index.php\/wp-json\/wp\/v2\/posts\/67025","targetHints":{"allow":["GET"]}}],"collection":[{"href":"https:\/\/blogopara.com.br\/index.php\/wp-json\/wp\/v2\/posts"}],"about":[{"href":"https:\/\/blogopara.com.br\/index.php\/wp-json\/wp\/v2\/types\/post"}],"author":[{"embeddable":true,"href":"https:\/\/blogopara.com.br\/index.php\/wp-json\/wp\/v2\/users\/1"}],"replies":[{"embeddable":true,"href":"https:\/\/blogopara.com.br\/index.php\/wp-json\/wp\/v2\/comments?post=67025"}],"version-history":[{"count":1,"href":"https:\/\/blogopara.com.br\/index.php\/wp-json\/wp\/v2\/posts\/67025\/revisions"}],"predecessor-version":[{"id":67027,"href":"https:\/\/blogopara.com.br\/index.php\/wp-json\/wp\/v2\/posts\/67025\/revisions\/67027"}],"wp:featuredmedia":[{"embeddable":true,"href":"https:\/\/blogopara.com.br\/index.php\/wp-json\/wp\/v2\/media\/67026"}],"wp:attachment":[{"href":"https:\/\/blogopara.com.br\/index.php\/wp-json\/wp\/v2\/media?parent=67025"}],"wp:term":[{"taxonomy":"category","embeddable":true,"href":"https:\/\/blogopara.com.br\/index.php\/wp-json\/wp\/v2\/categories?post=67025"},{"taxonomy":"post_tag","embeddable":true,"href":"https:\/\/blogopara.com.br\/index.php\/wp-json\/wp\/v2\/tags?post=67025"}],"curies":[{"name":"wp","href":"https:\/\/api.w.org\/{rel}","templated":true}]}}