{"id":6703,"date":"2020-01-27T22:11:58","date_gmt":"2020-01-28T01:11:58","guid":{"rendered":"http:\/\/blogopara.com.br\/?p=6703"},"modified":"2020-01-27T22:12:07","modified_gmt":"2020-01-28T01:12:07","slug":"coronavirus-cada-contaminado-pode-espalhar-o-virus-pra-outras-2-6-pessoas-em-media","status":"publish","type":"post","link":"https:\/\/blogopara.com.br\/index.php\/2020\/01\/27\/coronavirus-cada-contaminado-pode-espalhar-o-virus-pra-outras-2-6-pessoas-em-media","title":{"rendered":"Coronav\u00edrus cada contaminado pode espalhar o v\u00edrus pra outras 2.6 pessoas em m\u00e9dia"},"content":{"rendered":"<article>\n<div class=\"mc-column content-text active-extra-styles \" data-block-type=\"unstyled\" data-block-weight=\"52\" data-block-id=\"2\">\n<p class=\"content-text__container \" style=\"text-align: justify;\" data-track-category=\"Link no Texto\" data-track-links=\"\">A Organiza\u00e7\u00e3o Mundial da Sa\u00fade (<a href=\"https:\/\/g1.globo.com\/tudo-sobre\/organizacao-mundial-de-saude\/\">OMS<\/a>) passou a classificar como &#8220;elevado&#8221; o risco internacional de contamina\u00e7\u00e3o pelo novo coronav\u00edrus. O novo status, divulgado nesta segunda-feira (27), \u00e9 uma corre\u00e7\u00e3o na avalia\u00e7\u00e3o feita anteriormente pela pr\u00f3pria OMS. A organiza\u00e7\u00e3o esclareceu que, por um &#8220;erro de formula\u00e7\u00e3o&#8221;, havia apontado o risco como &#8220;moderado&#8221;.<\/p>\n<\/div>\n<div class=\"wall protected-content\" style=\"text-align: justify;\">\n<div class=\"mc-column content-text active-extra-styles\" data-block-type=\"raw\" data-block-weight=\"18\" data-block-id=\"3\">\n<ul class=\"content-unordered-list\">\n<li><a href=\"https:\/\/g1.globo.com\/ciencia-e-saude\/noticia\/2020\/01\/23\/o-que-se-sabe-e-o-que-ainda-e-duvida-sobre-o-coronavirus.ghtml\">O que se sabe e o que ainda \u00e9 d\u00favida sobre o novo v\u00edrus que surgiu na China<\/a><\/li>\n<\/ul>\n<\/div>\n<div class=\"mc-column content-text active-extra-styles \" data-block-type=\"unstyled\" data-block-weight=\"30\" data-block-id=\"4\">\n<p class=\"content-text__container \" data-track-category=\"Link no Texto\" data-track-links=\"\">At\u00e9 o come\u00e7o da tarde desta segunda, os dados oficiais apontavam\u00a0<a href=\"https:\/\/g1.globo.com\/ciencia-e-saude\/noticia\/2020\/01\/27\/numero-de-mortos-por-coronavirus-na-china-chega-a-81.ghtml\">81 mortes e mais de 2,7 mil pacientes infectados<\/a>. Tamb\u00e9m houve\u00a0<a href=\"https:\/\/g1.globo.com\/ciencia-e-saude\/noticia\/2020\/01\/27\/china-registra-primeira-morte-por-coronavirus-em-pequim.ghtml\">o primeiro registro de morte em Pequim<\/a>.<\/p>\n<\/div>\n<div class=\"mc-column content-text active-extra-styles \" data-block-type=\"unstyled\" data-block-weight=\"52\" data-block-id=\"5\">\n<p class=\"content-text__container \" data-track-category=\"Link no Texto\" data-track-links=\"\">Em seu relat\u00f3rio sobre a situa\u00e7\u00e3o, a OMS indica que sua &#8220;avalia\u00e7\u00e3o de risco (&#8230;) n\u00e3o mudou desde a \u00faltima atualiza\u00e7\u00e3o [22 de janeiro]: muito alto na China, alto no n\u00edvel regional e em todo o mundo&#8221;. Na pr\u00e1tica, a altera\u00e7\u00e3o da nomenclatura n\u00e3o interfere em nenhuma mudan\u00e7a de protocolo da Organiza\u00e7\u00e3o.<\/p>\n<\/div>\n<div class=\"mc-column content-text active-extra-styles\" data-block-type=\"raw\" data-block-weight=\"44\" data-block-id=\"6\">\n<blockquote class=\"content-blockquote theme-border-color-primary-before\"><p>Em relat\u00f3rios anteriores, o \u00f3rg\u00e3o das Na\u00e7\u00f5es Unidas apontou que o risco global era &#8220;moderado&#8221;. &#8220;Foi um erro de formula\u00e7\u00e3o nos relat\u00f3rios de 23, 24 e 25 de janeiro, e n\u00f3s o corrigimos&#8221;, explicou \u00e0 AFP uma porta-voz da institui\u00e7\u00e3o com sede em Genebra.<\/p><\/blockquote>\n<\/div>\n<div class=\"block-podcast\">\n<div class=\"mc-column content-media content-media--normal podcast-container\" data-block-type=\"multicontent-podcast\" data-block-id=\"7\"><iframe class=\"podcast-iframe\" src=\"https:\/\/audioglobo.globo.com\/widget\/widget.html?audio=288866&amp;podcast=702&amp;color=C4170C\" frameborder=\"0\" scrolling=\"no\" data-src=\"https:\/\/audioglobo.globo.com\/widget\/widget.html?audio=288866&amp;podcast=702&amp;color=C4170C\" data-mce-fragment=\"1\"><\/iframe><\/div>\n<\/div>\n<div class=\"content-ads content-ads--reveal\" data-block-type=\"ads\" data-block-id=\"8\"><\/div>\n<div class=\"mc-column content-text active-extra-styles \" data-block-type=\"unstyled\" data-block-weight=\"19\" data-block-id=\"9\">\n<p class=\"content-text__container \" data-track-category=\"Link no Texto\" data-track-links=\"\">Na quinta-feira (23), a OMS considerou\u00a0<a href=\"https:\/\/g1.globo.com\/ciencia-e-saude\/noticia\/2020\/01\/23\/oms-diz-que-ainda-e-cedo-de-declarar-emergencia-internacional-por-coronavirus.ghtml\">&#8220;muito cedo para falar de uma emerg\u00eancia de sa\u00fade p\u00fablica de alcance internacional&#8221;<\/a>.<\/p>\n<\/div>\n<div class=\"mc-column content-text active-extra-styles\" data-block-type=\"raw\" data-block-weight=\"20\" data-block-id=\"10\">\n<blockquote class=\"content-blockquote theme-border-color-primary-before\"><p>&#8220;Ainda n\u00e3o \u00e9 uma emerg\u00eancia de sa\u00fade global, mas pode vir a ser&#8221;, afirmou Tedros Adhanom Ghebreyesus, diretor da OMS<\/p><\/blockquote>\n<\/div>\n<div class=\"mc-column content-text active-extra-styles \" data-block-type=\"unstyled\" data-block-weight=\"47\" data-block-id=\"11\">\n<p class=\"content-text__container \" data-track-category=\"Link no Texto\" data-track-links=\"\">A OMS s\u00f3 utiliza esse termo para epidemias que exigem certa rea\u00e7\u00e3o global, como a gripe su\u00edna H1N1 em 2009, o v\u00edrus zika em 2016 e a febre ebola, que atingiu parte da \u00c1frica Ocidental entre 2014 e 2016 e a Rep\u00fablica Democr\u00e1tica do Congo desde 2018.<\/p>\n<\/div>\n<div class=\"mc-column content-text active-extra-styles \" data-block-type=\"unstyled\" data-block-weight=\"25\" data-block-id=\"12\">\n<p class=\"content-text__container \" data-track-category=\"Link no Texto\" data-track-links=\"\">Da fam\u00edlia dos coronav\u00edrus, como o SARS, o v\u00edrus 2019-nCoV causa sintomas gripais em pessoas que o contra\u00edram e pode levar \u00e0 s\u00edndrome respirat\u00f3ria grave.<\/p>\n<\/div>\n<div class=\"row medium-uncollapsed content-media content-photo\" data-block-type=\"backstage-photo\" data-block-id=\"13\">\n<div class=\"mc-column content-media__container\">\n<div class=\"progressive-img can-open-lightbox\" data-min-size=\"1008x2089\" data-min-size-url=\"https:\/\/s2.glbimg.com\/nflp6oLn7dqfNeejzLXqA5MwEbA=\/0x0:1600x3316\/1008x0\/smart\/filters:strip_icc()\/i.s3.glbimg.com\/v1\/AUTH_59edd422c0c84a879bd37670ae4f538a\/internal_photos\/bs\/2020\/1\/B\/JwxRPOQyG1sXfOZsnCPQ\/mapa-coronavirus-paises.jpg\" data-max-size=\"1600x3316\" data-max-size-url=\"https:\/\/s2.glbimg.com\/TjvVFjb2qIsjn6w1hgRflnKGKbw=\/0x0:1600x3316\/1600x0\/smart\/filters:strip_icc()\/i.s3.glbimg.com\/v1\/AUTH_59edd422c0c84a879bd37670ae4f538a\/internal_photos\/bs\/2020\/1\/B\/JwxRPOQyG1sXfOZsnCPQ\/mapa-coronavirus-paises.jpg\" data-media-index=\"0\">\n<div class=\"placeholder-container\"><\/div>\n<p><img decoding=\"async\" class=\"progressive-draft\" title=\"Casos do novo coronav\u00edrus registrados pelo mundo at\u00e9 27\/01 \u2014 Foto: Arte G1\" src=\"data:image\/jpeg;base64,\/9j\/4AAQSkZJRgABAQAAAQABAAD\/2wBDAAMCAgMCAgMDAwMEAwMEBQgFBQQEBQoHBwYIDAoMDAsKCwsNDhIQDQ4RDgsLEBYQERMUFRUVDA8XGBYUGBIUFRT\/2wBDAQMEBAUEBQkFBQkUDQsNFBQUFBQUFBQUFBQUFBQUFBQUFBQUFBQUFBQUFBQUFBQUFBQUFBQUFBQUFBQUFBQUFBT\/wgARCAA0ABkDASIAAhEBAxEB\/8QAGwAAAwEAAwEAAAAAAAAAAAAAAwQFAAECBgf\/xAAXAQEBAQEAAAAAAAAAAAAAAAACAwQA\/9oADAMBAAIQAxAAAAH7TfrDNZfopBEJiaqGnNhvBZ9HTGxj2cNAc6c9rY1H22U\/\/8QAHhAAAgMAAwADAAAAAAAAAAAAAQIAAwQREhMQFSH\/2gAIAQEAAQUC23ri0PkzIMujI2qe9disEaWki77LPHpHD7VQa9JsMp0ivPYwsNJTjhIvD28AVDqZ5JFD+l1PrmWth8Yybc7J+dJ0n\/\/EABwRAAEEAwEAAAAAAAAAAAAAAAEAAhEhAxASMf\/aAAgBAwEBPwEuaQIEJ3I8XcWE6XWq61kp51\/\/xAAbEQACAgMBAAAAAAAAAAAAAAAAARExAgMQIf\/aAAgBAgEBPwGGJNi1zZjGPhXFXP\/EAC8QAAIBAgIHBQkAAAAAAAAAAAECACEiAxEQEjEyQVGRExQjM2FCQ1JxgaGxwdH\/2gAIAQEABj8Cw8LuOK3aGjBv5LkbrGXBXxVo3poOTwZ3fOK6uiJ7wFatPNHSF8K5vhJoYeAWLqnEPAnQy515Q2gDlAC2X6nmfaMK77C1o51Ut2ZiNYtPSbi9JcKa59nhMVAKsCI\/I6FZiSxz\/M2kfWbzTeM\/\/8QAIhAAAgIBAwQDAAAAAAAAAAAAAREAIUExUWEQceHxkaHR\/9oACAEBAAE\/IXFxLAG1VrWKhQAGGUaT3MOduQ88y4UKPaOagEyGsHn9lCDF4U9o\/IAtIioCd1MMlIWzw4h40R1KpjSM8zLEoMvmXcoS6QcZJkI0A+OkuMV4KPcGU4C2t5rriKxM9QlbaPXAsfcMBBYIaApxroYujFrLaC0coQ3mjeWf\/9oADAMBAAIAAwAAABCKyCVSd6D\/xAAgEQEBAAIBAwUAAAAAAAAAAAABEQAxIRBBYZGhseHw\/9oACAEDAQE\/ECyo2159dY5VKd36MZG3LbTn2xsUh+85DABNV+en\/8QAGhEBAQEBAAMAAAAAAAAAAAAAAREAIRAxUf\/aAAgBAgEBPxABa61y5EnrpJHmqPuruyvj\/8QAJRABAQADAQAABAcBAAAAAAAAAREAITFBEFFh0XGRobHB4fDx\/9oACAEBAAE\/EJQhQ5skbF16KnSbYYqkFQNs1iWB0UhAlsKmvnFMvyYS2BBbp+euZcch4+6RJ1HKESMsNgpw5G7+BYNXAAZjokeycnmENT7Ghi0DTe7cl1YBfY7ta6F\/DP8AGYrp94T0o4m\/zxsjXUgJu2r7kHTLK\/pENrp\/v4dM0CnBSMdDtTyEMIWjTrErm6nmSExk6h7ZO+XP8l\/GWgBJE+oTp31v1ZhBlMQbQXmRwvC2utJuF+vw26glUA1BwPMVuF6F\/W4MP7H7Z\/w32z\/\/2Q==\" alt=\"Casos do novo coronav\u00edrus registrados pelo mundo at\u00e9 27\/01 \u2014 Foto: Arte G1\" \/><picture><source srcset=\"https:\/\/s2.glbimg.com\/xaGCsLeLSDxvbsGU_M6VJ_Bx1Gk=\/0x0:1600x3316\/600x0\/smart\/filters:strip_icc()\/i.s3.glbimg.com\/v1\/AUTH_59edd422c0c84a879bd37670ae4f538a\/internal_photos\/bs\/2020\/1\/B\/JwxRPOQyG1sXfOZsnCPQ\/mapa-coronavirus-paises.jpg 1x, https:\/\/s2.glbimg.com\/f832ccKbAjRCPnv5vhr4rTLuo7o=\/0x0:1600x3316\/1200x0\/smart\/filters:strip_icc()\/i.s3.glbimg.com\/v1\/AUTH_59edd422c0c84a879bd37670ae4f538a\/internal_photos\/bs\/2020\/1\/B\/JwxRPOQyG1sXfOZsnCPQ\/mapa-coronavirus-paises.jpg 2x\" media=\"(max-width: 1024px)\" data-src=\"https:\/\/s2.glbimg.com\/xaGCsLeLSDxvbsGU_M6VJ_Bx1Gk=\/0x0:1600x3316\/600x0\/smart\/filters:strip_icc()\/i.s3.glbimg.com\/v1\/AUTH_59edd422c0c84a879bd37670ae4f538a\/internal_photos\/bs\/2020\/1\/B\/JwxRPOQyG1sXfOZsnCPQ\/mapa-coronavirus-paises.jpg 1x, https:\/\/s2.glbimg.com\/f832ccKbAjRCPnv5vhr4rTLuo7o=\/0x0:1600x3316\/1200x0\/smart\/filters:strip_icc()\/i.s3.glbimg.com\/v1\/AUTH_59edd422c0c84a879bd37670ae4f538a\/internal_photos\/bs\/2020\/1\/B\/JwxRPOQyG1sXfOZsnCPQ\/mapa-coronavirus-paises.jpg 2x\" \/><source srcset=\"https:\/\/s2.glbimg.com\/hi4to1JYEx7a6QW3paB3r4i_BFE=\/0x0:1600x3316\/640x0\/smart\/filters:strip_icc()\/i.s3.glbimg.com\/v1\/AUTH_59edd422c0c84a879bd37670ae4f538a\/internal_photos\/bs\/2020\/1\/B\/JwxRPOQyG1sXfOZsnCPQ\/mapa-coronavirus-paises.jpg 1x, https:\/\/s2.glbimg.com\/O8qeSZdUbPSrAUTVOLOuBoSLpMo=\/0x0:1600x3316\/1280x0\/smart\/filters:strip_icc()\/i.s3.glbimg.com\/v1\/AUTH_59edd422c0c84a879bd37670ae4f538a\/internal_photos\/bs\/2020\/1\/B\/JwxRPOQyG1sXfOZsnCPQ\/mapa-coronavirus-paises.jpg 2x\" media=\"(max-width: 1280px)\" data-src=\"https:\/\/s2.glbimg.com\/hi4to1JYEx7a6QW3paB3r4i_BFE=\/0x0:1600x3316\/640x0\/smart\/filters:strip_icc()\/i.s3.glbimg.com\/v1\/AUTH_59edd422c0c84a879bd37670ae4f538a\/internal_photos\/bs\/2020\/1\/B\/JwxRPOQyG1sXfOZsnCPQ\/mapa-coronavirus-paises.jpg 1x, https:\/\/s2.glbimg.com\/O8qeSZdUbPSrAUTVOLOuBoSLpMo=\/0x0:1600x3316\/1280x0\/smart\/filters:strip_icc()\/i.s3.glbimg.com\/v1\/AUTH_59edd422c0c84a879bd37670ae4f538a\/internal_photos\/bs\/2020\/1\/B\/JwxRPOQyG1sXfOZsnCPQ\/mapa-coronavirus-paises.jpg 2x\" \/><source srcset=\"https:\/\/s2.glbimg.com\/vQL-LGThyYZQw5Gu9KCsz3jl4h4=\/0x0:1600x3316\/984x0\/smart\/filters:strip_icc()\/i.s3.glbimg.com\/v1\/AUTH_59edd422c0c84a879bd37670ae4f538a\/internal_photos\/bs\/2020\/1\/B\/JwxRPOQyG1sXfOZsnCPQ\/mapa-coronavirus-paises.jpg 1x, https:\/\/s2.glbimg.com\/g-5GiTB_tuwQgC14MfsX4Qt-0cU=\/0x0:1600x3316\/1968x0\/smart\/filters:strip_icc()\/i.s3.glbimg.com\/v1\/AUTH_59edd422c0c84a879bd37670ae4f538a\/internal_photos\/bs\/2020\/1\/B\/JwxRPOQyG1sXfOZsnCPQ\/mapa-coronavirus-paises.jpg 2x\" media=\"(max-width: 1360px)\" data-src=\"https:\/\/s2.glbimg.com\/vQL-LGThyYZQw5Gu9KCsz3jl4h4=\/0x0:1600x3316\/984x0\/smart\/filters:strip_icc()\/i.s3.glbimg.com\/v1\/AUTH_59edd422c0c84a879bd37670ae4f538a\/internal_photos\/bs\/2020\/1\/B\/JwxRPOQyG1sXfOZsnCPQ\/mapa-coronavirus-paises.jpg 1x, https:\/\/s2.glbimg.com\/g-5GiTB_tuwQgC14MfsX4Qt-0cU=\/0x0:1600x3316\/1968x0\/smart\/filters:strip_icc()\/i.s3.glbimg.com\/v1\/AUTH_59edd422c0c84a879bd37670ae4f538a\/internal_photos\/bs\/2020\/1\/B\/JwxRPOQyG1sXfOZsnCPQ\/mapa-coronavirus-paises.jpg 2x\" \/><source srcset=\"https:\/\/s2.glbimg.com\/ysqD9ehSPVdJVMCeOu5xO1otgiY=\/0x0:1600x3316\/1000x0\/smart\/filters:strip_icc()\/i.s3.glbimg.com\/v1\/AUTH_59edd422c0c84a879bd37670ae4f538a\/internal_photos\/bs\/2020\/1\/B\/JwxRPOQyG1sXfOZsnCPQ\/mapa-coronavirus-paises.jpg 1x, https:\/\/s2.glbimg.com\/8DHCFX8D2IC1hcqcaCEY5n9VvLA=\/0x0:1600x3316\/2000x0\/smart\/filters:strip_icc()\/i.s3.glbimg.com\/v1\/AUTH_59edd422c0c84a879bd37670ae4f538a\/internal_photos\/bs\/2020\/1\/B\/JwxRPOQyG1sXfOZsnCPQ\/mapa-coronavirus-paises.jpg 2x\" media=\"(min-width: 1361px)\" data-src=\"https:\/\/s2.glbimg.com\/ysqD9ehSPVdJVMCeOu5xO1otgiY=\/0x0:1600x3316\/1000x0\/smart\/filters:strip_icc()\/i.s3.glbimg.com\/v1\/AUTH_59edd422c0c84a879bd37670ae4f538a\/internal_photos\/bs\/2020\/1\/B\/JwxRPOQyG1sXfOZsnCPQ\/mapa-coronavirus-paises.jpg 1x, https:\/\/s2.glbimg.com\/8DHCFX8D2IC1hcqcaCEY5n9VvLA=\/0x0:1600x3316\/2000x0\/smart\/filters:strip_icc()\/i.s3.glbimg.com\/v1\/AUTH_59edd422c0c84a879bd37670ae4f538a\/internal_photos\/bs\/2020\/1\/B\/JwxRPOQyG1sXfOZsnCPQ\/mapa-coronavirus-paises.jpg 2x\" \/><source srcset=\"https:\/\/s2.glbimg.com\/vQL-LGThyYZQw5Gu9KCsz3jl4h4=\/0x0:1600x3316\/984x0\/smart\/filters:strip_icc()\/i.s3.glbimg.com\/v1\/AUTH_59edd422c0c84a879bd37670ae4f538a\/internal_photos\/bs\/2020\/1\/B\/JwxRPOQyG1sXfOZsnCPQ\/mapa-coronavirus-paises.jpg\" data-src=\"https:\/\/s2.glbimg.com\/vQL-LGThyYZQw5Gu9KCsz3jl4h4=\/0x0:1600x3316\/984x0\/smart\/filters:strip_icc()\/i.s3.glbimg.com\/v1\/AUTH_59edd422c0c84a879bd37670ae4f538a\/internal_photos\/bs\/2020\/1\/B\/JwxRPOQyG1sXfOZsnCPQ\/mapa-coronavirus-paises.jpg\" \/><img decoding=\"async\" class=\"image content-media__image progressive-loaded\" title=\"Casos do novo coronav\u00edrus registrados pelo mundo at\u00e9 27\/01 \u2014 Foto: Arte G1\" src=\"https:\/\/s2.glbimg.com\/vQL-LGThyYZQw5Gu9KCsz3jl4h4=\/0x0:1600x3316\/984x0\/smart\/filters:strip_icc()\/i.s3.glbimg.com\/v1\/AUTH_59edd422c0c84a879bd37670ae4f538a\/internal_photos\/bs\/2020\/1\/B\/JwxRPOQyG1sXfOZsnCPQ\/mapa-coronavirus-paises.jpg\" alt=\"Casos do novo coronav\u00edrus registrados pelo mundo at\u00e9 27\/01 \u2014 Foto: Arte G1\" data-src=\"https:\/\/s2.glbimg.com\/vQL-LGThyYZQw5Gu9KCsz3jl4h4=\/0x0:1600x3316\/984x0\/smart\/filters:strip_icc()\/i.s3.glbimg.com\/v1\/AUTH_59edd422c0c84a879bd37670ae4f538a\/internal_photos\/bs\/2020\/1\/B\/JwxRPOQyG1sXfOZsnCPQ\/mapa-coronavirus-paises.jpg\" \/><\/picture><\/div>\n<p class=\"content-media__description \">Casos do novo coronav\u00edrus registrados pelo mundo at\u00e9 27\/01 \u2014 Foto: Arte G1<\/p>\n<\/div>\n<\/div>\n<div class=\"mc-column content-text active-extra-styles \" data-block-type=\"unstyled\" data-block-weight=\"22\" data-block-id=\"14\">\n<p class=\"content-text__container \" data-track-category=\"Link no Texto\" data-track-links=\"\">Desde as primeiras ocorr\u00eancias, em dezembro, casos de pessoas infectadas foram registrados na \u00c1sia, na Europa, nos Estados Unidos e na Austr\u00e1lia.<\/p>\n<\/div>\n<div class=\"mc-column content-text active-extra-styles\" data-block-type=\"raw\" data-block-weight=\"10\" data-block-id=\"15\">\n<ul class=\"content-unordered-list\">\n<li><a href=\"https:\/\/g1.globo.com\/fantastico\/noticia\/2020\/01\/26\/brasileiro-conta-rotina-de-cidade-isolada-onde-surgiu-o-coronavirus.ghtml\">Brasileiro conta rotina de cidade isolada onde surgiu o coronav\u00edrus<\/a><\/li>\n<\/ul>\n<\/div>\n<div class=\"mc-column content-text active-extra-styles \" data-block-type=\"unstyled\" data-block-weight=\"25\" data-block-id=\"16\">\n<p class=\"content-text__container \" data-track-category=\"Link no Texto\" data-track-links=\"\">Na \u00e9poca do surto de SARS (2002-2003), a OMS criticou Pequim por ter demorado a alertar e tentar esconder a verdadeira extens\u00e3o da epidemia.<\/p>\n<\/div>\n<div class=\"mc-column content-text active-extra-styles \" data-block-type=\"unstyled\" data-block-weight=\"40\" data-block-id=\"17\">\n<p class=\"content-text__container \" data-track-category=\"Link no Texto\" data-track-links=\"\">A OMS tamb\u00e9m foi criticada nos \u00faltimos anos. Considerada alarmista por alguns durante a epidemia do v\u00edrus H1N1 em 2009, foi acusada, durante a epidemia de ebola na \u00c1frica Ocidental (2014), de n\u00e3o ter calibrado a verdadeira extens\u00e3o da crise.<\/p>\n<\/div>\n<div data-track-category=\"multicontent\" data-track-action=\"ultimo chunk conteudo\" data-track-noninteraction=\"false\" data-track-scroll=\"view\">\n<div class=\"mc-column content-entenda-o-caso\" data-block-type=\"entenda-o-caso\" data-block-id=\"20\">\n<h3 class=\"content-entenda-o-caso__title\">CASOS DE CORONAV\u00cdRUS NO MUNDO<\/h3>\n<ul class=\"content-entenda-o-caso__list\" data-track-category=\"multicontent\" data-track-action=\"entenda o caso\">\n<li class=\"content-entenda-o-caso__item\" data-track-click=\"Posicao 1\">\n<p class=\"content-entenda-o-caso__text\"><a class=\"content-link gui-color-primary gui-color-hover\" href=\"https:\/\/g1.globo.com\/ciencia-e-saude\/noticia\/2020\/01\/23\/o-que-se-sabe-e-o-que-ainda-e-duvida-sobre-o-coronavirus.ghtml\">Veja o que se sabe sobre o coronav\u00edrus<\/a><\/p>\n<\/li>\n<li class=\"content-entenda-o-caso__item\" data-track-click=\"Posicao 2\">\n<p class=\"content-entenda-o-caso__text\"><a class=\"content-link gui-color-primary gui-color-hover\" href=\"https:\/\/g1.globo.com\/ciencia-e-saude\/noticia\/2020\/01\/23\/novo-coronavirus-pode-ter-vindo-de-cobras-vendidas-no-mercado-de-wuhan-aponta-estudo-chines.ghtml\">V\u00edrus pode ter vindo de cobras vendidas no mercado de Wuhan<\/a><\/p>\n<\/li>\n<li class=\"content-entenda-o-caso__item\" data-track-click=\"Posicao 3\">\n<p class=\"content-entenda-o-caso__text\"><a class=\"content-link gui-color-primary gui-color-hover\" href=\"https:\/\/g1.globo.com\/ciencia-e-saude\/noticia\/2020\/01\/23\/ministerio-da-saude-afirma-que-esta-em-alerta-para-coronavirus.ghtml\">No Brasil, Minist\u00e9rio da Sa\u00fade descarta 5 casos suspeitos<\/a><\/p>\n<\/li>\n<li class=\"content-entenda-o-caso__item\" data-track-click=\"Posicao 4\">\n<p class=\"content-entenda-o-caso__text\"><a class=\"content-link gui-color-primary gui-color-hover\" href=\"https:\/\/g1.globo.com\/podcast\/o-assunto\/noticia\/2020\/01\/23\/o-assunto-107-coronavirus-o-novo-virus-que-colocou-o-mundo-em-alerta.ghtml\">O Assunto #107: Coronav\u00edrus, o novo v\u00edrus que colocou o mundo em alerta<\/a><\/p>\n<\/li>\n<li class=\"content-entenda-o-caso__item\" data-track-click=\"Posicao 5\">\n<p class=\"content-entenda-o-caso__text\"><a class=\"content-link gui-color-primary gui-color-hover\" href=\"https:\/\/g1.globo.com\/ciencia-e-saude\/noticia\/2020\/01\/23\/oms-diz-que-ainda-e-cedo-de-declarar-emergencia-internacional-por-coronavirus.ghtml\">OMS diz que \u00e9 alto o risco internacional de transmiss\u00e3o do coronav\u00edrus<\/a><\/p>\n<\/li>\n<li class=\"content-entenda-o-caso__item\" data-track-click=\"Posicao 6\">\n<p class=\"content-entenda-o-caso__text\"><a class=\"content-link gui-color-primary gui-color-hover\" href=\"https:\/\/g1.globo.com\/ciencia-e-saude\/noticia\/2020\/01\/27\/paciente-infectado-por-coronavirus-pode-transmitir-a-doenca-para-ate-tres-pessoas-diz-estudo-britanico.ghtml\">Paciente infectado pode passar a doen\u00e7a para at\u00e9 3 pessoas<\/a><\/p>\n<\/li>\n<li class=\"content-entenda-o-caso__item\" data-track-click=\"Posicao 7\">\n<p class=\"content-entenda-o-caso__text\"><a class=\"content-link gui-color-primary gui-color-hover\" href=\"https:\/\/g1.globo.com\/ciencia-e-saude\/noticia\/2020\/01\/27\/cientistas-dos-eua-devem-testar-vacinas-contra-coronavirus-em-humanos-em-ate-tres-meses.ghtml\">Vacina ser\u00e1 testada em at\u00e9 tr\u00eas meses<\/a><\/p>\n<\/li>\n<li class=\"content-entenda-o-caso__item\" data-track-click=\"Posicao 8\">\n<p class=\"content-entenda-o-caso__text\"><a class=\"content-link gui-color-primary gui-color-hover\" href=\"https:\/\/g1.globo.com\/ciencia-e-saude\/noticia\/2020\/01\/26\/china-diz-que-capacidade-de-transmissao-do-coronavirus-esta-se-fortalecendo.ghtml\">V\u00edrus pode se espalhar antes do aparecimento de sintomas<\/a><\/p>\n<\/li>\n<li class=\"content-entenda-o-caso__item\" data-track-click=\"Posicao 9\">\n<p class=\"content-entenda-o-caso__text\"><a class=\"content-link gui-color-primary gui-color-hover\" href=\"https:\/\/g1.globo.com\/ciencia-e-saude\/playlist\/videos-saiba-mais-sobre-o-coronavirus.ghtml\">V\u00cdDEOS: todas as reportagens da cobertura<\/a><\/p>\n<\/li>\n<\/ul>\n<\/div>\n<\/div>\n<\/div>\n<\/article>\n<div class=\"mc-column entities\" style=\"text-align: justify;\"><\/div>\n<div class=\"mc-column comments\">\n<div id=\"boxComentarios\" class=\"glbComentarios\">\n<div class=\"glbComentarios-header\">\n<div class=\"glbComentarios-texto-contador\" style=\"text-align: justify;\"><\/div>\n<\/div>\n<\/div>\n<\/div>\n","protected":false},"excerpt":{"rendered":"<p>Organiza\u00e7\u00e3o Mundial de Sa\u00fade divulgou, nesta segunda-feira (27), status que aumenta de &#8216;moderado&#8217; a &#8216;elevado&#8217; o risco internacional do coronav\u00edrus no mundo. Organiza\u00e7\u00e3o assume &#8216;erro de formula\u00e7\u00e3o&#8217;.<\/p>\n","protected":false},"author":1,"featured_media":6704,"comment_status":"open","ping_status":"open","sticky":false,"template":"","format":"standard","meta":{"_uag_custom_page_level_css":"","_monsterinsights_skip_tracking":false,"_monsterinsights_sitenote_active":false,"_monsterinsights_sitenote_note":"","_monsterinsights_sitenote_category":0,"jetpack_post_was_ever_published":false,"_jetpack_newsletter_access":"","_jetpack_dont_email_post_to_subs":false,"_jetpack_newsletter_tier_id":0,"_jetpack_memberships_contains_paywalled_content":false,"_jetpack_memberships_contains_paid_content":false,"footnotes":"","jetpack_publicize_message":"","jetpack_publicize_feature_enabled":true,"jetpack_social_post_already_shared":true,"jetpack_social_options":{"image_generator_settings":{"template":"highway","default_image_id":0,"font":"","enabled":false},"version":2}},"categories":[203],"tags":[],"class_list":["post-6703","post","type-post","status-publish","format-standard","has-post-thumbnail","hentry","category-juazeiro"],"jetpack_publicize_connections":[],"jetpack_featured_media_url":"https:\/\/blogopara.com.br\/wp-content\/uploads\/2020\/01\/medico-chines-pacientes-coronavirus-morre-china.jpg","uagb_featured_image_src":{"full":["https:\/\/blogopara.com.br\/wp-content\/uploads\/2020\/01\/medico-chines-pacientes-coronavirus-morre-china.jpg",642,351,false],"thumbnail":["https:\/\/blogopara.com.br\/wp-content\/uploads\/2020\/01\/medico-chines-pacientes-coronavirus-morre-china-150x150.jpg",150,150,true],"medium":["https:\/\/blogopara.com.br\/wp-content\/uploads\/2020\/01\/medico-chines-pacientes-coronavirus-morre-china-300x164.jpg",300,164,true],"medium_large":["https:\/\/blogopara.com.br\/wp-content\/uploads\/2020\/01\/medico-chines-pacientes-coronavirus-morre-china.jpg",640,350,false],"large":["https:\/\/blogopara.com.br\/wp-content\/uploads\/2020\/01\/medico-chines-pacientes-coronavirus-morre-china.jpg",640,350,false],"1536x1536":["https:\/\/blogopara.com.br\/wp-content\/uploads\/2020\/01\/medico-chines-pacientes-coronavirus-morre-china.jpg",642,351,false],"2048x2048":["https:\/\/blogopara.com.br\/wp-content\/uploads\/2020\/01\/medico-chines-pacientes-coronavirus-morre-china.jpg",642,351,false],"mantranews-slider-large":["https:\/\/blogopara.com.br\/wp-content\/uploads\/2020\/01\/medico-chines-pacientes-coronavirus-morre-china.jpg",642,351,false],"mantranews-featured-medium":["https:\/\/blogopara.com.br\/wp-content\/uploads\/2020\/01\/medico-chines-pacientes-coronavirus-morre-china.jpg",420,230,false],"mantranews-featured-long":["https:\/\/blogopara.com.br\/wp-content\/uploads\/2020\/01\/medico-chines-pacientes-coronavirus-morre-china.jpg",300,164,false],"mantranews-block-medium":["https:\/\/blogopara.com.br\/wp-content\/uploads\/2020\/01\/medico-chines-pacientes-coronavirus-morre-china.jpg",464,254,false],"mantranews-carousel-image":["https:\/\/blogopara.com.br\/wp-content\/uploads\/2020\/01\/medico-chines-pacientes-coronavirus-morre-china.jpg",600,328,false],"mantranews-block-thumb":["https:\/\/blogopara.com.br\/wp-content\/uploads\/2020\/01\/medico-chines-pacientes-coronavirus-morre-china.jpg",322,176,false],"mantranews-single-large":["https:\/\/blogopara.com.br\/wp-content\/uploads\/2020\/01\/medico-chines-pacientes-coronavirus-morre-china.jpg",642,351,false]},"uagb_author_info":{"display_name":"Reda\u00e7\u00e3o geral","author_link":"https:\/\/blogopara.com.br\/index.php\/author\/blogopara"},"uagb_comment_info":0,"uagb_excerpt":"Organiza\u00e7\u00e3o Mundial de Sa\u00fade divulgou, nesta segunda-feira (27), status que aumenta de 'moderado' a 'elevado' o risco internacional do coronav\u00edrus no mundo. Organiza\u00e7\u00e3o assume 'erro de formula\u00e7\u00e3o'.","jetpack_sharing_enabled":true,"jetpack_likes_enabled":true,"_links":{"self":[{"href":"https:\/\/blogopara.com.br\/index.php\/wp-json\/wp\/v2\/posts\/6703","targetHints":{"allow":["GET"]}}],"collection":[{"href":"https:\/\/blogopara.com.br\/index.php\/wp-json\/wp\/v2\/posts"}],"about":[{"href":"https:\/\/blogopara.com.br\/index.php\/wp-json\/wp\/v2\/types\/post"}],"author":[{"embeddable":true,"href":"https:\/\/blogopara.com.br\/index.php\/wp-json\/wp\/v2\/users\/1"}],"replies":[{"embeddable":true,"href":"https:\/\/blogopara.com.br\/index.php\/wp-json\/wp\/v2\/comments?post=6703"}],"version-history":[{"count":1,"href":"https:\/\/blogopara.com.br\/index.php\/wp-json\/wp\/v2\/posts\/6703\/revisions"}],"predecessor-version":[{"id":6705,"href":"https:\/\/blogopara.com.br\/index.php\/wp-json\/wp\/v2\/posts\/6703\/revisions\/6705"}],"wp:featuredmedia":[{"embeddable":true,"href":"https:\/\/blogopara.com.br\/index.php\/wp-json\/wp\/v2\/media\/6704"}],"wp:attachment":[{"href":"https:\/\/blogopara.com.br\/index.php\/wp-json\/wp\/v2\/media?parent=6703"}],"wp:term":[{"taxonomy":"category","embeddable":true,"href":"https:\/\/blogopara.com.br\/index.php\/wp-json\/wp\/v2\/categories?post=6703"},{"taxonomy":"post_tag","embeddable":true,"href":"https:\/\/blogopara.com.br\/index.php\/wp-json\/wp\/v2\/tags?post=6703"}],"curies":[{"name":"wp","href":"https:\/\/api.w.org\/{rel}","templated":true}]}}