{"id":67229,"date":"2024-08-03T12:19:38","date_gmt":"2024-08-03T15:19:38","guid":{"rendered":"https:\/\/blogopara.com.br\/?p=67229"},"modified":"2024-08-03T12:19:41","modified_gmt":"2024-08-03T15:19:41","slug":"datafolha-lula-chega-a-1-ano-e-8-meses-de-governo-com-avaliacao-igual-a-de-bolsonaro","status":"publish","type":"post","link":"https:\/\/blogopara.com.br\/index.php\/2024\/08\/03\/datafolha-lula-chega-a-1-ano-e-8-meses-de-governo-com-avaliacao-igual-a-de-bolsonaro","title":{"rendered":"Datafolha: Lula chega a 1 ano e 8 meses de governo com avalia\u00e7\u00e3o igual \u00e0 de Bolsonaro"},"content":{"rendered":"<p style=\"text-align: justify;\">Chegando a um ano e oito meses \u00e0 frente do Planalto pela terceira vez, o presidente Lula (PT) registra uma avalia\u00e7\u00e3o semelhante \u00e0 de seu antecessor e principal rival, Jair Bolsonaro (PL), \u00e0 mesma altura do mandato. O petista \u00e9 aprovado por 35%, reprovado por 33% e considerado regular por 30%.<\/p>\n<p style=\"text-align: justify;\">\u00c9 o que aponta nova pesquisa do Datafolha, que ouviu 2.040 pessoas com 16 anos ou mais em 146 munic\u00edpios brasileiros, de 29 a 31 de julho. A margem de erro do levantamento \u00e9 de dois pontos para mais ou menos.<\/p>\n<p style=\"text-align: justify;\">O resultado reflete em grande parte o cen\u00e1rio vivido pelo ex-presidente ao longo de seu mandato, de extrema polariza\u00e7\u00e3o no eleitorado \u2014restando \u00e0s pessoas no meio do caminho, os que avaliam os governos como regular, serem os fi\u00e9is da balan\u00e7a em c\u00e1lculos pol\u00edticos e eleitorais.<\/p>\n<p style=\"text-align: justify;\">Num ponto semelhante de seus quatro anos na Presid\u00eancia, Bolsonaro registrava 37% de \u00f3timo e bom, 34% de ruim e p\u00e9ssimo, e 27%, de regular. Considerando a margem de erro, a cis\u00e3o em tr\u00eas do pa\u00eds dos anos do capit\u00e3o reformando se espelha agora.<\/p>\n<p style=\"text-align: justify;\">A compara\u00e7\u00e3o com o segundo mandato de Lula no poder, iniciado em 2007 e encerrado no fim de 2010, traz diferen\u00e7as marcantes. O mandat\u00e1rio ostentava aprova\u00e7\u00e3o de 64%, enquanto apenas 8% o consideravam ruim ou p\u00e9ssimo. J\u00e1 a coluna do meio, do regular, tinha patamar semelhante ao atual: 28%.<\/p>\n<p style=\"text-align: justify;\">O cen\u00e1rio \u00e9 de estabilidade para Lula ante a mais recente aferi\u00e7\u00e3o do Datafolha, de 4 a 13 de junho. Ali, o petista marcava 36% de \u00f3timo e bom, ante 31% de ruim e p\u00e9ssimo e 31%, de regular.<\/p>\n<p style=\"text-align: justify;\">Como se v\u00ea, h\u00e1 uma oscila\u00e7\u00e3o na margem desfavor\u00e1vel ao presidente, que na rodada anterior havia visto a curva em seu favor, mas conv\u00e9m esperar mais uma rodada para tirar conclus\u00f5es de tend\u00eancia.<\/p>\n<p style=\"text-align: justify;\">No per\u00edodo entre os dois levantamentos, houve um relativo hiato em termos de not\u00edcias pol\u00edticas. O principal trope\u00e7o de Lula, em rela\u00e7\u00e3o \u00e0 crise na Venezuela, ocorreu quando os pesquisadores j\u00e1 estavam na rua, ent\u00e3o a percep\u00e7\u00e3o pode ter sido afetada. Ademais, pol\u00edtica externa n\u00e3o \u00e9 exatamente um tema que d\u00ea ou tire apoio a presidente brasileiro no grosso da popula\u00e7\u00e3o.<\/p>\n<p style=\"text-align: justify;\">A piora da situa\u00e7\u00e3o econ\u00f4mica, com a disparada do d\u00f3lar, ainda n\u00e3o se fez sentir porque o impacto inflacion\u00e1rio n\u00e3o \u00e9 imediato. Assim, h\u00e1 estabilidade quando o Datafolha questiona os entrevistados acerca do tema, em rela\u00e7\u00e3o \u00e0 rodada anterior.<\/p>\n<p style=\"text-align: justify;\">Acreditam que a economia piorou 42%, mas apenas 24% t\u00eam a mesma avalia\u00e7\u00e3o sobre sua situa\u00e7\u00e3o pessoal. Na mesma linha, 29% veem o cen\u00e1rio geral igual, ante 46% que acham isso de sua vida financeira. Por fim, creem que as coisas est\u00e3o melhores para o pa\u00eds 26%, n\u00famero semelhante daqueles que acham isso de forma particular (29%).<\/p>\n<p style=\"text-align: justify;\">Em rela\u00e7\u00e3o \u00e0s expectativas, creem que o Brasil viver\u00e1 um cen\u00e1rio econ\u00f4mico melhor 41%, ante 28% que acham que ele ser\u00e1 negativo e 25%, igual ao atual. No campo pessoal, os dados s\u00e3o diferentes: 58% esperam uma vida melhor, 29%, semelhante, e 11%, pior no futuro.<\/p>\n<p style=\"text-align: justify;\">Quando \u00e9 feita uma an\u00e1lise estratificada dos n\u00fameros, h\u00e1 uma grande semelhan\u00e7a no quadro geral com o que se observa no Brasil desde que Lula voltou ao poder, em janeiro de 2023.<\/p>\n<p style=\"text-align: justify;\">Ele tem melhor aprova\u00e7\u00e3o entre os nordestinos (49% de \u00f3timo\/bom), os menos escolarizados (47%), quem tem de 45 a 59 anos (42%) e os mais pobres, que ganham menos de dois sal\u00e1rios m\u00ednimos por m\u00eas (42%).<\/p>\n<p style=\"text-align: justify;\">Seus n\u00fameros s\u00e3o piores entre grupos j\u00e1 usualmente associados \u00e0 rejei\u00e7\u00e3o do petista e simp\u00e1ticos ao bolsonarismo. Seu ruim\/p\u00e9ssimo chega a 47% na classe m\u00e9dia ao estilo brasileiro que ganha de 5 a 10 m\u00ednimos, 46% entre quem leva para casa todo m\u00eas 10 m\u00ednimos, 43% no grupo com diploma superior, 41% nos mais bolsonaristas evang\u00e9licos, 40% no Centro-Oeste e 39%, no populoso Sudeste.<\/p>\n<p style=\"text-align: justify;\">No geral, acreditam que a vida est\u00e1 melhor depois da posse de Lula, que derrotou Bolsonaro em 2022, 26% das pessoas ouvidas. Veem o cen\u00e1rio pior um contingente semelhante, 23%, enquanto a acomoda\u00e7\u00e3o do \u201cest\u00e1 igual\u201d impera com 51% das men\u00e7\u00f5es.<\/p>\n<p style=\"text-align: justify;\">\n<p style=\"text-align: justify;\"><span class=\"assinatura_exclusiva\">Igor Gielow\/Folhapress<\/span><\/p>\n","protected":false},"excerpt":{"rendered":"<p>Chegando a um ano e oito meses \u00e0 frente do Planalto pela terceira vez, o presidente Lula (PT) registra uma avalia\u00e7\u00e3o semelhante \u00e0 de seu antecessor e principal rival, Jair Bolsonaro (PL), \u00e0 mesma altura do mandato. O petista \u00e9 aprovado por 35%, reprovado por 33% e considerado regular por 30%. \u00c9 o que aponta [&hellip;]<\/p>\n","protected":false},"author":1,"featured_media":33441,"comment_status":"open","ping_status":"open","sticky":false,"template":"","format":"standard","meta":{"_uag_custom_page_level_css":"","_monsterinsights_skip_tracking":false,"_monsterinsights_sitenote_active":false,"_monsterinsights_sitenote_note":"","_monsterinsights_sitenote_category":0,"jetpack_post_was_ever_published":false,"_jetpack_newsletter_access":"","_jetpack_dont_email_post_to_subs":false,"_jetpack_newsletter_tier_id":0,"_jetpack_memberships_contains_paywalled_content":false,"_jetpack_memberships_contains_paid_content":false,"footnotes":"","jetpack_publicize_message":"","jetpack_publicize_feature_enabled":true,"jetpack_social_post_already_shared":true,"jetpack_social_options":{"image_generator_settings":{"template":"highway","default_image_id":0,"font":"","enabled":false},"version":2}},"categories":[197],"tags":[],"class_list":["post-67229","post","type-post","status-publish","format-standard","has-post-thumbnail","hentry","category-politica"],"jetpack_publicize_connections":[],"jetpack_featured_media_url":"https:\/\/blogopara.com.br\/wp-content\/uploads\/2022\/02\/Lula-e-Jair-Bolsonaro.jpg","uagb_featured_image_src":{"full":["https:\/\/blogopara.com.br\/wp-content\/uploads\/2022\/02\/Lula-e-Jair-Bolsonaro.jpg",500,281,false],"thumbnail":["https:\/\/blogopara.com.br\/wp-content\/uploads\/2022\/02\/Lula-e-Jair-Bolsonaro-150x150.jpg",150,150,true],"medium":["https:\/\/blogopara.com.br\/wp-content\/uploads\/2022\/02\/Lula-e-Jair-Bolsonaro-300x169.jpg",300,169,true],"medium_large":["https:\/\/blogopara.com.br\/wp-content\/uploads\/2022\/02\/Lula-e-Jair-Bolsonaro.jpg",500,281,false],"large":["https:\/\/blogopara.com.br\/wp-content\/uploads\/2022\/02\/Lula-e-Jair-Bolsonaro.jpg",500,281,false],"1536x1536":["https:\/\/blogopara.com.br\/wp-content\/uploads\/2022\/02\/Lula-e-Jair-Bolsonaro.jpg",500,281,false],"2048x2048":["https:\/\/blogopara.com.br\/wp-content\/uploads\/2022\/02\/Lula-e-Jair-Bolsonaro.jpg",500,281,false],"mantranews-slider-large":["https:\/\/blogopara.com.br\/wp-content\/uploads\/2022\/02\/Lula-e-Jair-Bolsonaro.jpg",500,281,false],"mantranews-featured-medium":["https:\/\/blogopara.com.br\/wp-content\/uploads\/2022\/02\/Lula-e-Jair-Bolsonaro-420x281.jpg",420,281,true],"mantranews-featured-long":["https:\/\/blogopara.com.br\/wp-content\/uploads\/2022\/02\/Lula-e-Jair-Bolsonaro-300x281.jpg",300,281,true],"mantranews-block-medium":["https:\/\/blogopara.com.br\/wp-content\/uploads\/2022\/02\/Lula-e-Jair-Bolsonaro-464x281.jpg",464,281,true],"mantranews-carousel-image":["https:\/\/blogopara.com.br\/wp-content\/uploads\/2022\/02\/Lula-e-Jair-Bolsonaro.jpg",500,281,false],"mantranews-block-thumb":["https:\/\/blogopara.com.br\/wp-content\/uploads\/2022\/02\/Lula-e-Jair-Bolsonaro-322x230.jpg",322,230,true],"mantranews-single-large":["https:\/\/blogopara.com.br\/wp-content\/uploads\/2022\/02\/Lula-e-Jair-Bolsonaro.jpg",500,281,false]},"uagb_author_info":{"display_name":"Reda\u00e7\u00e3o geral","author_link":"https:\/\/blogopara.com.br\/index.php\/author\/blogopara"},"uagb_comment_info":0,"uagb_excerpt":"Chegando a um ano e oito meses \u00e0 frente do Planalto pela terceira vez, o presidente Lula (PT) registra uma avalia\u00e7\u00e3o semelhante \u00e0 de seu antecessor e principal rival, Jair Bolsonaro (PL), \u00e0 mesma altura do mandato. O petista \u00e9 aprovado por 35%, reprovado por 33% e considerado regular por 30%. \u00c9 o que aponta&hellip;","jetpack_sharing_enabled":true,"jetpack_likes_enabled":true,"_links":{"self":[{"href":"https:\/\/blogopara.com.br\/index.php\/wp-json\/wp\/v2\/posts\/67229","targetHints":{"allow":["GET"]}}],"collection":[{"href":"https:\/\/blogopara.com.br\/index.php\/wp-json\/wp\/v2\/posts"}],"about":[{"href":"https:\/\/blogopara.com.br\/index.php\/wp-json\/wp\/v2\/types\/post"}],"author":[{"embeddable":true,"href":"https:\/\/blogopara.com.br\/index.php\/wp-json\/wp\/v2\/users\/1"}],"replies":[{"embeddable":true,"href":"https:\/\/blogopara.com.br\/index.php\/wp-json\/wp\/v2\/comments?post=67229"}],"version-history":[{"count":1,"href":"https:\/\/blogopara.com.br\/index.php\/wp-json\/wp\/v2\/posts\/67229\/revisions"}],"predecessor-version":[{"id":67230,"href":"https:\/\/blogopara.com.br\/index.php\/wp-json\/wp\/v2\/posts\/67229\/revisions\/67230"}],"wp:featuredmedia":[{"embeddable":true,"href":"https:\/\/blogopara.com.br\/index.php\/wp-json\/wp\/v2\/media\/33441"}],"wp:attachment":[{"href":"https:\/\/blogopara.com.br\/index.php\/wp-json\/wp\/v2\/media?parent=67229"}],"wp:term":[{"taxonomy":"category","embeddable":true,"href":"https:\/\/blogopara.com.br\/index.php\/wp-json\/wp\/v2\/categories?post=67229"},{"taxonomy":"post_tag","embeddable":true,"href":"https:\/\/blogopara.com.br\/index.php\/wp-json\/wp\/v2\/tags?post=67229"}],"curies":[{"name":"wp","href":"https:\/\/api.w.org\/{rel}","templated":true}]}}