{"id":67231,"date":"2024-08-03T14:19:00","date_gmt":"2024-08-03T17:19:00","guid":{"rendered":"https:\/\/blogopara.com.br\/?p=67231"},"modified":"2024-08-03T12:22:52","modified_gmt":"2024-08-03T15:22:52","slug":"ministra-das-mulheres-afirma-que-conversara-com-lula-sobre-falas-machistas","status":"publish","type":"post","link":"https:\/\/blogopara.com.br\/index.php\/2024\/08\/03\/ministra-das-mulheres-afirma-que-conversara-com-lula-sobre-falas-machistas","title":{"rendered":"Ministra das Mulheres afirma que conversar\u00e1 com Lula sobre falas machistas"},"content":{"rendered":"<p style=\"text-align: justify;\">A ministra das Mulheres, Cida Gon\u00e7alves, afirmou nesta sexta-feira (2) que n\u00e3o se pode aceitar \u201cpiadinha\u201d machista nem do presidente da Rep\u00fablica. Ela disse que pretende conversar com o presidente Lula (PT) a respeito do tema na pr\u00f3xima vez que se encontrar com ele.<\/p>\n<p style=\"text-align: justify;\">\u201cEu vou falar para ele, quando eu encontrar com ele. Acho que a [primeira-dama] Janja j\u00e1 falou. E muitas mulheres tamb\u00e9m devem ter falado. Mas n\u00f3s precisamos fazer uma mudan\u00e7a de comportamento e de postura\u201d, disse.<\/p>\n<p style=\"text-align: justify;\">A declara\u00e7\u00e3o foi dada em um caf\u00e9 da manh\u00e3 com jornalistas.<\/p>\n<p style=\"text-align: justify;\">Em 17 de julho, por exemplo, Lula abordou o tema da viol\u00eancia dom\u00e9stica, durante reuni\u00e3o com empres\u00e1rios, e disse: \u201cHoje eu fiquei sabendo uma not\u00edcia triste. Tem pesquisa, Haddad, que mostra que depois de um jogo de futebol aumenta a viol\u00eancia contra a mulher. Inacredit\u00e1vel. Se o cara \u00e9 corintiano, tudo bem, como eu. Mas eu n\u00e3o fico nervoso quando perde, eu lamento profundamente\u201d.<\/p>\n<p style=\"text-align: justify;\">Em nota divulgada pelo Pal\u00e1cio do Planalto depois do discurso, o governo afirmou que \u201cem nenhum momento o presidente Lula endossa ou endossou\u201d a viol\u00eancia contra as mulheres.<\/p>\n<p style=\"text-align: justify;\">Nesta sexta, Cida Gon\u00e7alves disse que j\u00e1 foi perguntada sobre o tema. \u201cAs pessoas, e eu quero incluir todos e todas n\u00f3s, quando um tema nos incomoda muito, decidem fazer uma piadinha, porque acham que melhora as coisas, diminui impacto da not\u00edcia do que est\u00e1 dando. Mas piadinha nem do presidente da Rep\u00fablica\u201d, disse.<\/p>\n<p style=\"text-align: justify;\">Segundo a chefe da pasta, a preven\u00e7\u00e3o contra a viol\u00eancia contra as mulheres passa por essa discuss\u00e3o.<\/p>\n<p style=\"text-align: justify;\">\u201cN\u00e3o se brinca com aquilo que \u00e9 a vida das pessoas. \u00c9 um processo que a gente vai ter que reconstruir no pa\u00eds, com os nossos homens, nossas lideran\u00e7as. E eu, como ministra das Mulheres, tamb\u00e9m com o presidente da Rep\u00fablica\u201d, afirmou.<\/p>\n<p style=\"text-align: justify;\">Tamb\u00e9m disse: \u201cSe n\u00e3o consegue falar n\u00e3o fala, mas n\u00e3o faz piada\u201d, disse.<\/p>\n<p style=\"text-align: justify;\">Nesta sexta-feira, j\u00e1 ap\u00f3s a fala da ministra, Lula afirmou em evento no Cear\u00e1: \u201cUma mulher sem profiss\u00e3o vai ficar a vida inteira dependente dos outros. Vai casar e, se n\u00e3o tomar cuidado, o marido vai agredi-la e ela vai ficar com ele porque precisa dar comida para os filhos. Ningu\u00e9m pode viver com algu\u00e9m que seja violento contra mulher\u201d.<\/p>\n<p style=\"text-align: justify;\">O encontro da ministra nesta sexta faz parte das a\u00e7\u00f5es da Articula\u00e7\u00e3o Nacional pelo Feminic\u00eddio Zero e teve tamb\u00e9m a presen\u00e7a da secret\u00e1ria-executiva da pasta, Maria Helena Guarezi. Ao todo, 23 jornalistas mulheres participaram do evento.<\/p>\n<p style=\"text-align: justify;\">Entre os temas abordados, estava a apresenta\u00e7\u00e3o da mobiliza\u00e7\u00e3o nacional coordenada pelo Minist\u00e9rio das Mulheres para o enfrentamento \u00e0 viol\u00eancia contra as mulheres, em especial aos feminic\u00eddios. Outras pol\u00edticas da pasta, como a Casa da Mulher Brasileira, tamb\u00e9m foram tema no encontro.<\/p>\n<p style=\"text-align: justify;\">Segundo ela, o combate ao feminic\u00eddio passa inclusive pela mudan\u00e7a de comportamento de n\u00e3o aceita\u00e7\u00e3o de piadas que minimizem o tema.<\/p>\n<p style=\"text-align: justify;\">\u201cN\u00f3s precisamos investir enquanto governo. Sabemos da nossa responsabilidade e vamos continuar fazendo isso, mesmo com o contingenciamento. Mas s\u00f3 o governo, a pol\u00edtica p\u00fablica, hoje, n\u00e3o vai dar conta de enfrentar a viol\u00eancia contra as mulheres. Ou n\u00f3s mobilizamos a sociedade para criar uma nova cultura, outros espa\u00e7os, outras formas de mobiliza\u00e7\u00e3o, ou n\u00f3s n\u00e3o vamos conseguir\u201d, afirmou a ministra.<\/p>\n<p style=\"text-align: justify;\">\n<p style=\"text-align: justify;\"><span class=\"assinatura_exclusiva\">Ana Pompeu\/Folhapress<\/span><\/p>\n","protected":false},"excerpt":{"rendered":"<p>A ministra das Mulheres, Cida Gon\u00e7alves, afirmou nesta sexta-feira (2) que n\u00e3o se pode aceitar \u201cpiadinha\u201d machista nem do presidente da Rep\u00fablica. Ela disse que pretende conversar com o presidente Lula (PT) a respeito do tema na pr\u00f3xima vez que se encontrar com ele. \u201cEu vou falar para ele, quando eu encontrar com ele. Acho [&hellip;]<\/p>\n","protected":false},"author":1,"featured_media":51401,"comment_status":"open","ping_status":"open","sticky":false,"template":"","format":"standard","meta":{"_uag_custom_page_level_css":"","_monsterinsights_skip_tracking":false,"_monsterinsights_sitenote_active":false,"_monsterinsights_sitenote_note":"","_monsterinsights_sitenote_category":0,"jetpack_post_was_ever_published":false,"_jetpack_newsletter_access":"","_jetpack_dont_email_post_to_subs":false,"_jetpack_newsletter_tier_id":0,"_jetpack_memberships_contains_paywalled_content":false,"_jetpack_memberships_contains_paid_content":false,"footnotes":"","jetpack_publicize_message":"","jetpack_publicize_feature_enabled":true,"jetpack_social_post_already_shared":true,"jetpack_social_options":{"image_generator_settings":{"template":"highway","default_image_id":0,"font":"","enabled":false},"version":2}},"categories":[200],"tags":[],"class_list":["post-67231","post","type-post","status-publish","format-standard","has-post-thumbnail","hentry","category-brasil"],"jetpack_publicize_connections":[],"jetpack_featured_media_url":"https:\/\/blogopara.com.br\/wp-content\/uploads\/2023\/04\/WhatsApp-Image-2023-04-11-at-20.20.31.jpeg","uagb_featured_image_src":{"full":["https:\/\/blogopara.com.br\/wp-content\/uploads\/2023\/04\/WhatsApp-Image-2023-04-11-at-20.20.31.jpeg",500,333,false],"thumbnail":["https:\/\/blogopara.com.br\/wp-content\/uploads\/2023\/04\/WhatsApp-Image-2023-04-11-at-20.20.31-150x150.jpeg",150,150,true],"medium":["https:\/\/blogopara.com.br\/wp-content\/uploads\/2023\/04\/WhatsApp-Image-2023-04-11-at-20.20.31-300x200.jpeg",300,200,true],"medium_large":["https:\/\/blogopara.com.br\/wp-content\/uploads\/2023\/04\/WhatsApp-Image-2023-04-11-at-20.20.31.jpeg",500,333,false],"large":["https:\/\/blogopara.com.br\/wp-content\/uploads\/2023\/04\/WhatsApp-Image-2023-04-11-at-20.20.31.jpeg",500,333,false],"1536x1536":["https:\/\/blogopara.com.br\/wp-content\/uploads\/2023\/04\/WhatsApp-Image-2023-04-11-at-20.20.31.jpeg",500,333,false],"2048x2048":["https:\/\/blogopara.com.br\/wp-content\/uploads\/2023\/04\/WhatsApp-Image-2023-04-11-at-20.20.31.jpeg",500,333,false],"mantranews-slider-large":["https:\/\/blogopara.com.br\/wp-content\/uploads\/2023\/04\/WhatsApp-Image-2023-04-11-at-20.20.31.jpeg",500,333,false],"mantranews-featured-medium":["https:\/\/blogopara.com.br\/wp-content\/uploads\/2023\/04\/WhatsApp-Image-2023-04-11-at-20.20.31-420x307.jpeg",420,307,true],"mantranews-featured-long":["https:\/\/blogopara.com.br\/wp-content\/uploads\/2023\/04\/WhatsApp-Image-2023-04-11-at-20.20.31-300x333.jpeg",300,333,true],"mantranews-block-medium":["https:\/\/blogopara.com.br\/wp-content\/uploads\/2023\/04\/WhatsApp-Image-2023-04-11-at-20.20.31-464x290.jpeg",464,290,true],"mantranews-carousel-image":["https:\/\/blogopara.com.br\/wp-content\/uploads\/2023\/04\/WhatsApp-Image-2023-04-11-at-20.20.31.jpeg",500,333,false],"mantranews-block-thumb":["https:\/\/blogopara.com.br\/wp-content\/uploads\/2023\/04\/WhatsApp-Image-2023-04-11-at-20.20.31-322x230.jpeg",322,230,true],"mantranews-single-large":["https:\/\/blogopara.com.br\/wp-content\/uploads\/2023\/04\/WhatsApp-Image-2023-04-11-at-20.20.31.jpeg",500,333,false]},"uagb_author_info":{"display_name":"Reda\u00e7\u00e3o geral","author_link":"https:\/\/blogopara.com.br\/index.php\/author\/blogopara"},"uagb_comment_info":0,"uagb_excerpt":"A ministra das Mulheres, Cida Gon\u00e7alves, afirmou nesta sexta-feira (2) que n\u00e3o se pode aceitar \u201cpiadinha\u201d machista nem do presidente da Rep\u00fablica. Ela disse que pretende conversar com o presidente Lula (PT) a respeito do tema na pr\u00f3xima vez que se encontrar com ele. \u201cEu vou falar para ele, quando eu encontrar com ele. Acho&hellip;","jetpack_sharing_enabled":true,"jetpack_likes_enabled":true,"_links":{"self":[{"href":"https:\/\/blogopara.com.br\/index.php\/wp-json\/wp\/v2\/posts\/67231","targetHints":{"allow":["GET"]}}],"collection":[{"href":"https:\/\/blogopara.com.br\/index.php\/wp-json\/wp\/v2\/posts"}],"about":[{"href":"https:\/\/blogopara.com.br\/index.php\/wp-json\/wp\/v2\/types\/post"}],"author":[{"embeddable":true,"href":"https:\/\/blogopara.com.br\/index.php\/wp-json\/wp\/v2\/users\/1"}],"replies":[{"embeddable":true,"href":"https:\/\/blogopara.com.br\/index.php\/wp-json\/wp\/v2\/comments?post=67231"}],"version-history":[{"count":1,"href":"https:\/\/blogopara.com.br\/index.php\/wp-json\/wp\/v2\/posts\/67231\/revisions"}],"predecessor-version":[{"id":67232,"href":"https:\/\/blogopara.com.br\/index.php\/wp-json\/wp\/v2\/posts\/67231\/revisions\/67232"}],"wp:featuredmedia":[{"embeddable":true,"href":"https:\/\/blogopara.com.br\/index.php\/wp-json\/wp\/v2\/media\/51401"}],"wp:attachment":[{"href":"https:\/\/blogopara.com.br\/index.php\/wp-json\/wp\/v2\/media?parent=67231"}],"wp:term":[{"taxonomy":"category","embeddable":true,"href":"https:\/\/blogopara.com.br\/index.php\/wp-json\/wp\/v2\/categories?post=67231"},{"taxonomy":"post_tag","embeddable":true,"href":"https:\/\/blogopara.com.br\/index.php\/wp-json\/wp\/v2\/tags?post=67231"}],"curies":[{"name":"wp","href":"https:\/\/api.w.org\/{rel}","templated":true}]}}