{"id":67233,"date":"2024-08-03T12:26:07","date_gmt":"2024-08-03T15:26:07","guid":{"rendered":"https:\/\/blogopara.com.br\/?p=67233"},"modified":"2024-08-03T12:26:11","modified_gmt":"2024-08-03T15:26:11","slug":"xv-feira-do-bode-de-pinhoes-acontece-de-02-a-04-de-agosto-no-parque-jose-hugo-felix-borges","status":"publish","type":"post","link":"https:\/\/blogopara.com.br\/index.php\/2024\/08\/03\/xv-feira-do-bode-de-pinhoes-acontece-de-02-a-04-de-agosto-no-parque-jose-hugo-felix-borges","title":{"rendered":"XV Feira do Bode de Pinh\u00f5es acontece de 02 a 04 de agosto no Parque Jos\u00e9 Hugo Felix Borges"},"content":{"rendered":"<div style=\"text-align: justify;\">A XV Feira do Bode de Pinh\u00f5es, um dos mais importantes eventos da caprinovinocultura de Juazeiro\/BA, ser\u00e1 realizada neste final de semana, de 02 a 04 de agosto, no Parque Jos\u00e9 Hugo Felix Borges. A feira \u00e9 uma iniciativa da Prefeitura de Juazeiro\/BA, atrav\u00e9s da Ag\u00eancia de Desenvolvimento Econ\u00f4mico, Agricultura e Pecu\u00e1ria (Adeap), em parceria com a Associa\u00e7\u00e3o de Desenvolvimento e A\u00e7\u00e3o Comunit\u00e1ria (ADAC), a Comiss\u00e3o Organizadora do Distrito de Pinh\u00f5es e a Associa\u00e7\u00e3o Comunit\u00e1ria dos Produtores Rurais de Pinh\u00f5es (ACPRP).<\/div>\n<div style=\"text-align: justify;\"><\/div>\n<div style=\"text-align: justify;\">O evento contar\u00e1 com a participa\u00e7\u00e3o de diversos expositores e trar\u00e1 uma rica programa\u00e7\u00e3o que inclui exposi\u00e7\u00e3o e comercializa\u00e7\u00e3o de animais, produtos artesanais, apresenta\u00e7\u00f5es culturais e competi\u00e7\u00f5es, como o torneio leiteiro e de pista. Entre os destaques da programa\u00e7\u00e3o est\u00e3o apresenta\u00e7\u00f5es culturais e shows musicais, al\u00e9m de atividades t\u00e9cnicas promovidas pela UNIVASF e LIBVASF. A feira \u00e9 gratuita e aberta ao p\u00fablico e conta com o patroc\u00ednio do Banco do Nordeste do Brasil e do Governo Federal.<\/div>\n<div style=\"text-align: justify;\"><\/div>\n<div style=\"text-align: justify;\">Programa\u00e7\u00e3o<\/div>\n<div style=\"text-align: justify;\"><\/div>\n<div style=\"text-align: justify;\">Sexta-feira (02\/08)<\/div>\n<div style=\"text-align: justify;\">&#8211; 16:00h &#8211; Abertura do parque para a recep\u00e7\u00e3o dos animais<\/div>\n<div style=\"text-align: justify;\">&#8211; 17:00h &#8211; Acolhida dos expositores<\/div>\n<div style=\"text-align: justify;\">&#8211; 18:00h &#8211; Solenidade de abertura<\/div>\n<div style=\"text-align: justify;\">&#8211; 18:10h &#8211; Apresenta\u00e7\u00e3o cultural \u201cSou Raimundo Clementino, compreendendo, incluindo e respeitando os povos ind\u00edgenas e afrodescendentes!\u201d<\/div>\n<div style=\"text-align: justify;\">&#8211; 20:00h &#8211; Inscri\u00e7\u00e3o das cabras que ir\u00e3o participar do Torneio Leiteiro<\/div>\n<div style=\"text-align: justify;\">&#8211; 20:00h &#8211; Shows musicais (Leo Lima, Joanderson e Banda Pegada Quente)<\/div>\n<div style=\"text-align: justify;\">&#8211; 02:00h &#8211; Fechamento do parque<\/div>\n<div style=\"text-align: justify;\"><\/div>\n<div style=\"text-align: justify;\">S\u00e1bado (03\/08)<\/div>\n<div style=\"text-align: justify;\">&#8211; 07:00h &#8211; Abertura do parque &#8211; Recep\u00e7\u00e3o de animais<\/div>\n<div style=\"text-align: justify;\">&#8211; 08:00h &#8211; Exposi\u00e7\u00e3o e comercializa\u00e7\u00e3o de animais, artesanatos, produtos da culin\u00e1ria local, outros produtos afins e trabalhos tecnol\u00f3gicos<\/div>\n<div style=\"text-align: justify;\">&#8211; 08:30h &#8211; Primeira ordenha do Torneio Leiteiro (Momento Tem\u00e1tico)<\/div>\n<div style=\"text-align: justify;\">&#8211; 10:00h &#8211; Atividades t\u00e9cnicas \u2013 UNIVASF \u2013 LIBVASF<\/div>\n<div style=\"text-align: justify;\">&#8211; 11:00h &#8211; Inscri\u00e7\u00e3o dos animais para o Torneio de Pista (Ra\u00e7as)<\/div>\n<div style=\"text-align: justify;\">&#8211; 14:00h &#8211; Torneio de Pista<\/div>\n<div style=\"text-align: justify;\">&#8211; 18:30h &#8211; Apresenta\u00e7\u00e3o cultural \u201cSou Raimundo Clementino, compreendendo, incluindo e respeitando os povos ind\u00edgenas e afrodescendentes!\u201d<\/div>\n<div style=\"text-align: justify;\">&#8211; 19:00h &#8211; Shows musicais (Matheus do Acordeom e Maur\u00edcio do Vaneir\u00e3o)<\/div>\n<div style=\"text-align: justify;\">&#8211; 20:30h &#8211; Segunda ordenha do Torneio Leiteiro<\/div>\n<div style=\"text-align: justify;\">&#8211; 03:00h &#8211; Fechamento do parque<\/div>\n<div style=\"text-align: justify;\"><\/div>\n<div style=\"text-align: justify;\">Domingo (04\/08)<\/div>\n<div style=\"text-align: justify;\">&#8211; 07:00h &#8211; Abertura do parque<\/div>\n<div style=\"text-align: justify;\">&#8211; 08:00h &#8211; Exposi\u00e7\u00e3o e comercializa\u00e7\u00e3o de animais, artesanatos, produtos da culin\u00e1ria local e outros produtos afins e trabalhos tecnol\u00f3gicos<\/div>\n<div style=\"text-align: justify;\">&#8211; 08:30h &#8211; Terceira ordenha do Torneio Leiteiro<\/div>\n<div style=\"text-align: justify;\">&#8211; 10:00h &#8211; Homenagem aos produtores e organizadores pioneiros da Feira do Bode de Pinh\u00f5es<\/div>\n<div style=\"text-align: justify;\">&#8211; 11:00h &#8211; Entrega de brindes e premia\u00e7\u00e3o do Torneio de Pista<\/div>\n<div style=\"text-align: justify;\">&#8211; 15:00h \u00e0s 21:00h &#8211; Shows musicais (J\u00falio do Acordeom e Tarc\u00edsio Maia)<\/div>\n","protected":false},"excerpt":{"rendered":"<p>A XV Feira do Bode de Pinh\u00f5es, um dos mais importantes eventos da caprinovinocultura de Juazeiro\/BA, ser\u00e1 realizada neste final de semana, de 02 a 04 de agosto, no Parque Jos\u00e9 Hugo Felix Borges. A feira \u00e9 uma iniciativa da Prefeitura de Juazeiro\/BA, atrav\u00e9s da Ag\u00eancia de Desenvolvimento Econ\u00f4mico, Agricultura e Pecu\u00e1ria (Adeap), em parceria [&hellip;]<\/p>\n","protected":false},"author":1,"featured_media":67234,"comment_status":"open","ping_status":"open","sticky":false,"template":"","format":"standard","meta":{"_uag_custom_page_level_css":"","_monsterinsights_skip_tracking":false,"_monsterinsights_sitenote_active":false,"_monsterinsights_sitenote_note":"","_monsterinsights_sitenote_category":0,"jetpack_post_was_ever_published":false,"_jetpack_newsletter_access":"","_jetpack_dont_email_post_to_subs":false,"_jetpack_newsletter_tier_id":0,"_jetpack_memberships_contains_paywalled_content":false,"_jetpack_memberships_contains_paid_content":false,"footnotes":"","jetpack_publicize_message":"","jetpack_publicize_feature_enabled":true,"jetpack_social_post_already_shared":true,"jetpack_social_options":{"image_generator_settings":{"template":"highway","default_image_id":0,"font":"","enabled":false},"version":2}},"categories":[217,213],"tags":[],"class_list":["post-67233","post","type-post","status-publish","format-standard","has-post-thumbnail","hentry","category-juremal","category-pinhoes"],"jetpack_publicize_connections":[],"jetpack_featured_media_url":"https:\/\/blogopara.com.br\/wp-content\/uploads\/2024\/08\/thumbnail_WhatsApp-Image-2024-07-30-at-09.05.12.jpg","uagb_featured_image_src":{"full":["https:\/\/blogopara.com.br\/wp-content\/uploads\/2024\/08\/thumbnail_WhatsApp-Image-2024-07-30-at-09.05.12.jpg",501,609,false],"thumbnail":["https:\/\/blogopara.com.br\/wp-content\/uploads\/2024\/08\/thumbnail_WhatsApp-Image-2024-07-30-at-09.05.12-150x150.jpg",150,150,true],"medium":["https:\/\/blogopara.com.br\/wp-content\/uploads\/2024\/08\/thumbnail_WhatsApp-Image-2024-07-30-at-09.05.12-247x300.jpg",247,300,true],"medium_large":["https:\/\/blogopara.com.br\/wp-content\/uploads\/2024\/08\/thumbnail_WhatsApp-Image-2024-07-30-at-09.05.12.jpg",501,609,false],"large":["https:\/\/blogopara.com.br\/wp-content\/uploads\/2024\/08\/thumbnail_WhatsApp-Image-2024-07-30-at-09.05.12.jpg",501,609,false],"1536x1536":["https:\/\/blogopara.com.br\/wp-content\/uploads\/2024\/08\/thumbnail_WhatsApp-Image-2024-07-30-at-09.05.12.jpg",501,609,false],"2048x2048":["https:\/\/blogopara.com.br\/wp-content\/uploads\/2024\/08\/thumbnail_WhatsApp-Image-2024-07-30-at-09.05.12.jpg",501,609,false],"mantranews-slider-large":["https:\/\/blogopara.com.br\/wp-content\/uploads\/2024\/08\/thumbnail_WhatsApp-Image-2024-07-30-at-09.05.12.jpg",501,609,false],"mantranews-featured-medium":["https:\/\/blogopara.com.br\/wp-content\/uploads\/2024\/08\/thumbnail_WhatsApp-Image-2024-07-30-at-09.05.12-420x307.jpg",420,307,true],"mantranews-featured-long":["https:\/\/blogopara.com.br\/wp-content\/uploads\/2024\/08\/thumbnail_WhatsApp-Image-2024-07-30-at-09.05.12-300x443.jpg",300,443,true],"mantranews-block-medium":["https:\/\/blogopara.com.br\/wp-content\/uploads\/2024\/08\/thumbnail_WhatsApp-Image-2024-07-30-at-09.05.12-464x290.jpg",464,290,true],"mantranews-carousel-image":["https:\/\/blogopara.com.br\/wp-content\/uploads\/2024\/08\/thumbnail_WhatsApp-Image-2024-07-30-at-09.05.12-501x500.jpg",501,500,true],"mantranews-block-thumb":["https:\/\/blogopara.com.br\/wp-content\/uploads\/2024\/08\/thumbnail_WhatsApp-Image-2024-07-30-at-09.05.12-322x230.jpg",322,230,true],"mantranews-single-large":["https:\/\/blogopara.com.br\/wp-content\/uploads\/2024\/08\/thumbnail_WhatsApp-Image-2024-07-30-at-09.05.12.jpg",501,609,false]},"uagb_author_info":{"display_name":"Reda\u00e7\u00e3o geral","author_link":"https:\/\/blogopara.com.br\/index.php\/author\/blogopara"},"uagb_comment_info":0,"uagb_excerpt":"A XV Feira do Bode de Pinh\u00f5es, um dos mais importantes eventos da caprinovinocultura de Juazeiro\/BA, ser\u00e1 realizada neste final de semana, de 02 a 04 de agosto, no Parque Jos\u00e9 Hugo Felix Borges. A feira \u00e9 uma iniciativa da Prefeitura de Juazeiro\/BA, atrav\u00e9s da Ag\u00eancia de Desenvolvimento Econ\u00f4mico, Agricultura e Pecu\u00e1ria (Adeap), em parceria&hellip;","jetpack_sharing_enabled":true,"jetpack_likes_enabled":true,"_links":{"self":[{"href":"https:\/\/blogopara.com.br\/index.php\/wp-json\/wp\/v2\/posts\/67233","targetHints":{"allow":["GET"]}}],"collection":[{"href":"https:\/\/blogopara.com.br\/index.php\/wp-json\/wp\/v2\/posts"}],"about":[{"href":"https:\/\/blogopara.com.br\/index.php\/wp-json\/wp\/v2\/types\/post"}],"author":[{"embeddable":true,"href":"https:\/\/blogopara.com.br\/index.php\/wp-json\/wp\/v2\/users\/1"}],"replies":[{"embeddable":true,"href":"https:\/\/blogopara.com.br\/index.php\/wp-json\/wp\/v2\/comments?post=67233"}],"version-history":[{"count":1,"href":"https:\/\/blogopara.com.br\/index.php\/wp-json\/wp\/v2\/posts\/67233\/revisions"}],"predecessor-version":[{"id":67235,"href":"https:\/\/blogopara.com.br\/index.php\/wp-json\/wp\/v2\/posts\/67233\/revisions\/67235"}],"wp:featuredmedia":[{"embeddable":true,"href":"https:\/\/blogopara.com.br\/index.php\/wp-json\/wp\/v2\/media\/67234"}],"wp:attachment":[{"href":"https:\/\/blogopara.com.br\/index.php\/wp-json\/wp\/v2\/media?parent=67233"}],"wp:term":[{"taxonomy":"category","embeddable":true,"href":"https:\/\/blogopara.com.br\/index.php\/wp-json\/wp\/v2\/categories?post=67233"},{"taxonomy":"post_tag","embeddable":true,"href":"https:\/\/blogopara.com.br\/index.php\/wp-json\/wp\/v2\/tags?post=67233"}],"curies":[{"name":"wp","href":"https:\/\/api.w.org\/{rel}","templated":true}]}}