{"id":67241,"date":"2024-08-03T12:46:03","date_gmt":"2024-08-03T15:46:03","guid":{"rendered":"https:\/\/blogopara.com.br\/?p=67241"},"modified":"2024-08-03T12:46:06","modified_gmt":"2024-08-03T15:46:06","slug":"pivo-do-caso-das-rachadinhas-queiroz-se-candidata-a-vereador","status":"publish","type":"post","link":"https:\/\/blogopara.com.br\/index.php\/2024\/08\/03\/pivo-do-caso-das-rachadinhas-queiroz-se-candidata-a-vereador","title":{"rendered":"Piv\u00f4 do caso das \u2018rachadinhas\u2019, Queiroz se candidata a vereador"},"content":{"rendered":"<p style=\"text-align: justify;\">Piv\u00f4 do caso das \u201crachadinhas\u201d, o ex-assessor parlamentar de Fl\u00e1vio Bolsonaro (PL-RJ), Fabr\u00edcio Queiroz (PL) vai disputar as elei\u00e7\u00f5es e pleiteia uma das cadeiras da C\u00e2mara de Vereadores de Saquarema, no Rio de Janeiro. \u00c9 a segunda vez que ele tenta cargo pol\u00edtico. Em 2022, disputou a elei\u00e7\u00e3o para deputado estadual pelo Rio pelo antigo PTB, mas n\u00e3o n\u00e3o teve sucesso.<\/p>\n<p style=\"text-align: justify;\">O ex-assessor tem ao menos quatro processos contra ele em andamento. Como n\u00e3o h\u00e1 nenhuma condena\u00e7\u00e3o at\u00e9 o momento, n\u00e3o h\u00e1 impedimento \u00e0 candidatura dele. A Justi\u00e7a Eleitoral, Queiroz disse ter patrim\u00f4nio de R$ 674,7 mil. O valor \u00e9 menor do que o declarado em 2022, quando era de R$ 690 mil. Atualmente, o maior bem de Queiroz \u00e9 um apartamento na planta, no valor de R$ 420 mil.<\/p>\n<p style=\"text-align: justify;\"><strong>Pris\u00e3o<\/strong>\u00a0\u2013 O ex-assessor chegou a ser preso em 2020, suspeito de ter comandado um suposto esquema de \u201crachadinha\u201d no gabinete de Fl\u00e1vio Bolsonaro na Alerj (Assembleia Legislativa do Rio de Janeiro). Ele foi solto em 2021, e no ano seguinte, o caso foi arquivado pela Justi\u00e7a.<\/p>\n<p style=\"text-align: justify;\">Recentemente, o processo voltou aos holofotes ap\u00f3s a divulga\u00e7\u00e3o de \u00e1udios de uma reuni\u00e3o do ex-presidente Jair Bolsonaro (PL) com o ex-presidente da Abin (Ag\u00eancia Brasileira de Intelig\u00eancia), Alexandre Ramagem (PL-RJ). Na grava\u00e7\u00e3o, os dois discutem uma estrat\u00e9gia para anular a investiga\u00e7\u00e3o contra Fl\u00e1vio.<\/p>\n","protected":false},"excerpt":{"rendered":"<p>Piv\u00f4 do caso das \u201crachadinhas\u201d, o ex-assessor parlamentar de Fl\u00e1vio Bolsonaro (PL-RJ), Fabr\u00edcio Queiroz (PL) vai disputar as elei\u00e7\u00f5es e pleiteia uma das cadeiras da C\u00e2mara de Vereadores de Saquarema, no Rio de Janeiro. \u00c9 a segunda vez que ele tenta cargo pol\u00edtico. Em 2022, disputou a elei\u00e7\u00e3o para deputado estadual pelo Rio pelo antigo [&hellip;]<\/p>\n","protected":false},"author":1,"featured_media":11844,"comment_status":"open","ping_status":"open","sticky":false,"template":"","format":"standard","meta":{"_uag_custom_page_level_css":"","_monsterinsights_skip_tracking":false,"_monsterinsights_sitenote_active":false,"_monsterinsights_sitenote_note":"","_monsterinsights_sitenote_category":0,"jetpack_post_was_ever_published":false,"_jetpack_newsletter_access":"","_jetpack_dont_email_post_to_subs":false,"_jetpack_newsletter_tier_id":0,"_jetpack_memberships_contains_paywalled_content":false,"_jetpack_memberships_contains_paid_content":false,"footnotes":"","jetpack_publicize_message":"","jetpack_publicize_feature_enabled":true,"jetpack_social_post_already_shared":true,"jetpack_social_options":{"image_generator_settings":{"template":"highway","default_image_id":0,"font":"","enabled":false},"version":2}},"categories":[200],"tags":[],"class_list":["post-67241","post","type-post","status-publish","format-standard","has-post-thumbnail","hentry","category-brasil"],"jetpack_publicize_connections":[],"jetpack_featured_media_url":"https:\/\/blogopara.com.br\/wp-content\/uploads\/2020\/06\/queiroz.jpg","uagb_featured_image_src":{"full":["https:\/\/blogopara.com.br\/wp-content\/uploads\/2020\/06\/queiroz.jpg",500,334,false],"thumbnail":["https:\/\/blogopara.com.br\/wp-content\/uploads\/2020\/06\/queiroz-150x150.jpg",150,150,true],"medium":["https:\/\/blogopara.com.br\/wp-content\/uploads\/2020\/06\/queiroz-300x200.jpg",300,200,true],"medium_large":["https:\/\/blogopara.com.br\/wp-content\/uploads\/2020\/06\/queiroz.jpg",500,334,false],"large":["https:\/\/blogopara.com.br\/wp-content\/uploads\/2020\/06\/queiroz.jpg",500,334,false],"1536x1536":["https:\/\/blogopara.com.br\/wp-content\/uploads\/2020\/06\/queiroz.jpg",500,334,false],"2048x2048":["https:\/\/blogopara.com.br\/wp-content\/uploads\/2020\/06\/queiroz.jpg",500,334,false],"mantranews-slider-large":["https:\/\/blogopara.com.br\/wp-content\/uploads\/2020\/06\/queiroz.jpg",500,334,false],"mantranews-featured-medium":["https:\/\/blogopara.com.br\/wp-content\/uploads\/2020\/06\/queiroz-420x307.jpg",420,307,true],"mantranews-featured-long":["https:\/\/blogopara.com.br\/wp-content\/uploads\/2020\/06\/queiroz-300x334.jpg",300,334,true],"mantranews-block-medium":["https:\/\/blogopara.com.br\/wp-content\/uploads\/2020\/06\/queiroz-464x290.jpg",464,290,true],"mantranews-carousel-image":["https:\/\/blogopara.com.br\/wp-content\/uploads\/2020\/06\/queiroz.jpg",500,334,false],"mantranews-block-thumb":["https:\/\/blogopara.com.br\/wp-content\/uploads\/2020\/06\/queiroz.jpg",322,215,false],"mantranews-single-large":["https:\/\/blogopara.com.br\/wp-content\/uploads\/2020\/06\/queiroz.jpg",500,334,false]},"uagb_author_info":{"display_name":"Reda\u00e7\u00e3o geral","author_link":"https:\/\/blogopara.com.br\/index.php\/author\/blogopara"},"uagb_comment_info":0,"uagb_excerpt":"Piv\u00f4 do caso das \u201crachadinhas\u201d, o ex-assessor parlamentar de Fl\u00e1vio Bolsonaro (PL-RJ), Fabr\u00edcio Queiroz (PL) vai disputar as elei\u00e7\u00f5es e pleiteia uma das cadeiras da C\u00e2mara de Vereadores de Saquarema, no Rio de Janeiro. \u00c9 a segunda vez que ele tenta cargo pol\u00edtico. Em 2022, disputou a elei\u00e7\u00e3o para deputado estadual pelo Rio pelo antigo&hellip;","jetpack_sharing_enabled":true,"jetpack_likes_enabled":true,"_links":{"self":[{"href":"https:\/\/blogopara.com.br\/index.php\/wp-json\/wp\/v2\/posts\/67241","targetHints":{"allow":["GET"]}}],"collection":[{"href":"https:\/\/blogopara.com.br\/index.php\/wp-json\/wp\/v2\/posts"}],"about":[{"href":"https:\/\/blogopara.com.br\/index.php\/wp-json\/wp\/v2\/types\/post"}],"author":[{"embeddable":true,"href":"https:\/\/blogopara.com.br\/index.php\/wp-json\/wp\/v2\/users\/1"}],"replies":[{"embeddable":true,"href":"https:\/\/blogopara.com.br\/index.php\/wp-json\/wp\/v2\/comments?post=67241"}],"version-history":[{"count":1,"href":"https:\/\/blogopara.com.br\/index.php\/wp-json\/wp\/v2\/posts\/67241\/revisions"}],"predecessor-version":[{"id":67242,"href":"https:\/\/blogopara.com.br\/index.php\/wp-json\/wp\/v2\/posts\/67241\/revisions\/67242"}],"wp:featuredmedia":[{"embeddable":true,"href":"https:\/\/blogopara.com.br\/index.php\/wp-json\/wp\/v2\/media\/11844"}],"wp:attachment":[{"href":"https:\/\/blogopara.com.br\/index.php\/wp-json\/wp\/v2\/media?parent=67241"}],"wp:term":[{"taxonomy":"category","embeddable":true,"href":"https:\/\/blogopara.com.br\/index.php\/wp-json\/wp\/v2\/categories?post=67241"},{"taxonomy":"post_tag","embeddable":true,"href":"https:\/\/blogopara.com.br\/index.php\/wp-json\/wp\/v2\/tags?post=67241"}],"curies":[{"name":"wp","href":"https:\/\/api.w.org\/{rel}","templated":true}]}}