{"id":67376,"date":"2024-08-09T17:46:42","date_gmt":"2024-08-09T20:46:42","guid":{"rendered":"https:\/\/blogopara.com.br\/?p=67376"},"modified":"2024-08-09T17:46:45","modified_gmt":"2024-08-09T20:46:45","slug":"suzana-ramos-anuncia-vitoria-bandeira-como-vice-e-consolida-o-apoio-incondicional-de-joseph-bandeira-a-sua-reeleicao-em-juazeiro","status":"publish","type":"post","link":"https:\/\/blogopara.com.br\/index.php\/2024\/08\/09\/suzana-ramos-anuncia-vitoria-bandeira-como-vice-e-consolida-o-apoio-incondicional-de-joseph-bandeira-a-sua-reeleicao-em-juazeiro","title":{"rendered":"Suzana Ramos anuncia Vit\u00f3ria Bandeira como vice e consolida o apoio incondicional de Joseph Bandeira a sua reelei\u00e7\u00e3o em Juazeiro"},"content":{"rendered":"<p style=\"text-align: justify;\">A candidata \u00e0 reelei\u00e7\u00e3o de Juazeiro Suzana Ramos (PSDB-BA), anunciou que Vit\u00f3ria Bandeira (Solidariedade) ser\u00e1 a sua vice na chapa que concorre \u00e0 reelei\u00e7\u00e3o para a Prefeitura. O an\u00fancio oficial ser\u00e1 realizado nas pr\u00f3ximas horas e j\u00e1 est\u00e1 movimentando o processo eleitoral na cidade.<\/p>\n<p style=\"text-align: justify;\">&#8220;Estamos muito felizes em anunciar que Vit\u00f3ria Bandeira estar\u00e1 ao nosso lado nessa caminhada pela reelei\u00e7\u00e3o. Ela traz uma energia renovada para somar ao nosso time&#8221;, afirmou Suzana Ramos durante o an\u00fancio, destacando que &#8220;juntas, vamos continuar trabalhando para o desenvolvimento de Juazeiro e para atender \u00e0s necessidades da nossa popula\u00e7\u00e3o&#8221;.<\/p>\n<p style=\"text-align: justify;\">A chegada de Vit\u00f3ria no time de Suzana mostra que a escolha do grupo pol\u00edtico, encabe\u00e7ado pelo PSDB e mais outros oito partidos (Uni\u00e3o Brasil (UNI\u00c3O); Cidadania; Partido da Mulher Brasileira (PMB); Partido Democr\u00e1tico Trabalhista (PDT); Republicanos; Partido Renovador Trabalhista Brasileiro (PRTB); Solidariedade e Democracia Crist\u00e3 (DC)), fortalece ainda mais sua candidatura e refor\u00e7a o compromisso com Juazeiro, colocando as mulheres como protagonistas no cen\u00e1rio pol\u00edtico e evidenciando a for\u00e7a e a uni\u00e3o delas.<\/p>\n<p style=\"text-align: justify;\">&#8220;\u00c9 uma honra estar ao lado de Suzana Ramos nessa jornada. Acredito que juntas podemos vencer todos os desafios e fazer muito mais pela nossa cidade, trazendo inova\u00e7\u00f5es, ideias, colocando Juazeiro em um cen\u00e1rio nacional, cen\u00e1rio digno da import\u00e2ncia de nossa cidade. Esta \u00e9 uma uni\u00e3o que mostra a for\u00e7a das mulheres e a capacidade que temos de liderar com compet\u00eancia e dedica\u00e7\u00e3o&#8221;, pontuou Vit\u00f3ria Bandeira.<\/p>\n<p style=\"text-align: justify;\">Apoio<br \/>\nA uni\u00e3o de Suzana Ramos e Vit\u00f3ria Bandeira consolida o apoio incondicional de Joseph Bandeira a chapa, mostrando que as duas fam\u00edlias, com largo hist\u00f3rico na pol\u00edtica local, seguem firmes no prop\u00f3sito de levar ainda mais desenvolvimento \u00e0s fam\u00edlias juazeirenses.<\/p>\n<p style=\"text-align: justify;\">For\u00e7a feminina<br \/>\nA parceria entre Suzana Ramos e Vit\u00f3ria Bandeira j\u00e1 come\u00e7a fazendo hist\u00f3ria, uma vez que pela primeira vez a cidade ter\u00e1 uma chapa formada s\u00f3 por mulheres na majorit\u00e1ria, o que traz um novo vigor \u00e0 campanha eleitoral, refor\u00e7ando a import\u00e2ncia da representatividade feminina e o compromisso com todos em Juazeiro.<\/p>\n<p style=\"text-align: justify;\">A vice<br \/>\nVit\u00f3ria R\u00e9gia Cordeiro Bandeira Brito, tem 47 anos, \u00e9 advogada e traz na sua ess\u00eancia a determina\u00e7\u00e3o, integridade, dedica\u00e7\u00e3o e a solidariedade.<\/p>\n<p style=\"text-align: justify;\">Ascom Suzana Ramos<\/p>\n","protected":false},"excerpt":{"rendered":"<p>A candidata \u00e0 reelei\u00e7\u00e3o de Juazeiro Suzana Ramos (PSDB-BA), anunciou que Vit\u00f3ria Bandeira (Solidariedade) ser\u00e1 a sua vice na chapa que concorre \u00e0 reelei\u00e7\u00e3o para a Prefeitura. O an\u00fancio oficial ser\u00e1 realizado nas pr\u00f3ximas horas e j\u00e1 est\u00e1 movimentando o processo eleitoral na cidade. &#8220;Estamos muito felizes em anunciar que Vit\u00f3ria Bandeira estar\u00e1 ao nosso [&hellip;]<\/p>\n","protected":false},"author":1,"featured_media":67377,"comment_status":"open","ping_status":"open","sticky":false,"template":"","format":"standard","meta":{"_uag_custom_page_level_css":"","_monsterinsights_skip_tracking":false,"_monsterinsights_sitenote_active":false,"_monsterinsights_sitenote_note":"","_monsterinsights_sitenote_category":0,"jetpack_post_was_ever_published":false,"_jetpack_newsletter_access":"","_jetpack_dont_email_post_to_subs":false,"_jetpack_newsletter_tier_id":0,"_jetpack_memberships_contains_paywalled_content":false,"_jetpack_memberships_contains_paid_content":false,"footnotes":"","jetpack_publicize_message":"","jetpack_publicize_feature_enabled":true,"jetpack_social_post_already_shared":true,"jetpack_social_options":{"image_generator_settings":{"template":"highway","default_image_id":0,"font":"","enabled":false},"version":2}},"categories":[203],"tags":[1103,5195,1508],"class_list":["post-67376","post","type-post","status-publish","format-standard","has-post-thumbnail","hentry","category-juazeiro","tag-joseph-bandeira","tag-prefeita-suzana-ramos","tag-suzana-ramos"],"jetpack_publicize_connections":[],"jetpack_featured_media_url":"https:\/\/blogopara.com.br\/wp-content\/uploads\/2024\/08\/WhatsApp-Image-2024-08-07-at-12.09.23.jpeg","uagb_featured_image_src":{"full":["https:\/\/blogopara.com.br\/wp-content\/uploads\/2024\/08\/WhatsApp-Image-2024-08-07-at-12.09.23.jpeg",500,312,false],"thumbnail":["https:\/\/blogopara.com.br\/wp-content\/uploads\/2024\/08\/WhatsApp-Image-2024-08-07-at-12.09.23-150x150.jpeg",150,150,true],"medium":["https:\/\/blogopara.com.br\/wp-content\/uploads\/2024\/08\/WhatsApp-Image-2024-08-07-at-12.09.23-300x187.jpeg",300,187,true],"medium_large":["https:\/\/blogopara.com.br\/wp-content\/uploads\/2024\/08\/WhatsApp-Image-2024-08-07-at-12.09.23.jpeg",500,312,false],"large":["https:\/\/blogopara.com.br\/wp-content\/uploads\/2024\/08\/WhatsApp-Image-2024-08-07-at-12.09.23.jpeg",500,312,false],"1536x1536":["https:\/\/blogopara.com.br\/wp-content\/uploads\/2024\/08\/WhatsApp-Image-2024-08-07-at-12.09.23.jpeg",500,312,false],"2048x2048":["https:\/\/blogopara.com.br\/wp-content\/uploads\/2024\/08\/WhatsApp-Image-2024-08-07-at-12.09.23.jpeg",500,312,false],"mantranews-slider-large":["https:\/\/blogopara.com.br\/wp-content\/uploads\/2024\/08\/WhatsApp-Image-2024-08-07-at-12.09.23.jpeg",500,312,false],"mantranews-featured-medium":["https:\/\/blogopara.com.br\/wp-content\/uploads\/2024\/08\/WhatsApp-Image-2024-08-07-at-12.09.23-420x307.jpeg",420,307,true],"mantranews-featured-long":["https:\/\/blogopara.com.br\/wp-content\/uploads\/2024\/08\/WhatsApp-Image-2024-08-07-at-12.09.23-300x312.jpeg",300,312,true],"mantranews-block-medium":["https:\/\/blogopara.com.br\/wp-content\/uploads\/2024\/08\/WhatsApp-Image-2024-08-07-at-12.09.23-464x290.jpeg",464,290,true],"mantranews-carousel-image":["https:\/\/blogopara.com.br\/wp-content\/uploads\/2024\/08\/WhatsApp-Image-2024-08-07-at-12.09.23.jpeg",500,312,false],"mantranews-block-thumb":["https:\/\/blogopara.com.br\/wp-content\/uploads\/2024\/08\/WhatsApp-Image-2024-08-07-at-12.09.23-322x230.jpeg",322,230,true],"mantranews-single-large":["https:\/\/blogopara.com.br\/wp-content\/uploads\/2024\/08\/WhatsApp-Image-2024-08-07-at-12.09.23.jpeg",500,312,false]},"uagb_author_info":{"display_name":"Reda\u00e7\u00e3o geral","author_link":"https:\/\/blogopara.com.br\/index.php\/author\/blogopara"},"uagb_comment_info":0,"uagb_excerpt":"A candidata \u00e0 reelei\u00e7\u00e3o de Juazeiro Suzana Ramos (PSDB-BA), anunciou que Vit\u00f3ria Bandeira (Solidariedade) ser\u00e1 a sua vice na chapa que concorre \u00e0 reelei\u00e7\u00e3o para a Prefeitura. O an\u00fancio oficial ser\u00e1 realizado nas pr\u00f3ximas horas e j\u00e1 est\u00e1 movimentando o processo eleitoral na cidade. &#8220;Estamos muito felizes em anunciar que Vit\u00f3ria Bandeira estar\u00e1 ao nosso&hellip;","jetpack_sharing_enabled":true,"jetpack_likes_enabled":true,"_links":{"self":[{"href":"https:\/\/blogopara.com.br\/index.php\/wp-json\/wp\/v2\/posts\/67376","targetHints":{"allow":["GET"]}}],"collection":[{"href":"https:\/\/blogopara.com.br\/index.php\/wp-json\/wp\/v2\/posts"}],"about":[{"href":"https:\/\/blogopara.com.br\/index.php\/wp-json\/wp\/v2\/types\/post"}],"author":[{"embeddable":true,"href":"https:\/\/blogopara.com.br\/index.php\/wp-json\/wp\/v2\/users\/1"}],"replies":[{"embeddable":true,"href":"https:\/\/blogopara.com.br\/index.php\/wp-json\/wp\/v2\/comments?post=67376"}],"version-history":[{"count":1,"href":"https:\/\/blogopara.com.br\/index.php\/wp-json\/wp\/v2\/posts\/67376\/revisions"}],"predecessor-version":[{"id":67378,"href":"https:\/\/blogopara.com.br\/index.php\/wp-json\/wp\/v2\/posts\/67376\/revisions\/67378"}],"wp:featuredmedia":[{"embeddable":true,"href":"https:\/\/blogopara.com.br\/index.php\/wp-json\/wp\/v2\/media\/67377"}],"wp:attachment":[{"href":"https:\/\/blogopara.com.br\/index.php\/wp-json\/wp\/v2\/media?parent=67376"}],"wp:term":[{"taxonomy":"category","embeddable":true,"href":"https:\/\/blogopara.com.br\/index.php\/wp-json\/wp\/v2\/categories?post=67376"},{"taxonomy":"post_tag","embeddable":true,"href":"https:\/\/blogopara.com.br\/index.php\/wp-json\/wp\/v2\/tags?post=67376"}],"curies":[{"name":"wp","href":"https:\/\/api.w.org\/{rel}","templated":true}]}}