{"id":67546,"date":"2024-08-17T08:57:40","date_gmt":"2024-08-17T11:57:40","guid":{"rendered":"https:\/\/blogopara.com.br\/?p=67546"},"modified":"2024-08-17T08:57:43","modified_gmt":"2024-08-17T11:57:43","slug":"com-investimento-de-r-16-milhoes-nova-escola-de-tempo-integral-e-inaugurada-em-ibipeba","status":"publish","type":"post","link":"https:\/\/blogopara.com.br\/index.php\/2024\/08\/17\/com-investimento-de-r-16-milhoes-nova-escola-de-tempo-integral-e-inaugurada-em-ibipeba","title":{"rendered":"Com investimento de R$ 16 milh\u00f5es, nova escola de tempo integral \u00e9 inaugurada em Ibipeba"},"content":{"rendered":"<p style=\"text-align: justify;\">Com uma estrutura moderna e capacidade para atender mais de 400 estudantes, a nova sede do Col\u00e9gio de Tempo Integral Professora C\u00e9lia Oliveira Leite foi inaugurada nesta sexta-feira (16), em Ibipeba, pelo governador Jer\u00f4nimo Rodrigues.<\/p>\n<p style=\"text-align: justify;\">Durante a visita ao munic\u00edpio, o chefe do Executivo tamb\u00e9m entregou um \u00f4nibus escolar, para facilitar o transporte dos estudantes da zona rural, refor\u00e7ando o desenvolvimento da educa\u00e7\u00e3o na regi\u00e3o.<\/p>\n<p style=\"text-align: justify;\">A nova unidade de ensino em Ibipeba conta com dez salas de aula, laborat\u00f3rios de ci\u00eancias e inform\u00e1tica, biblioteca, teatro com capacidade para 200 pessoas, restaurante estudantil, quadra poliesportiva coberta, vesti\u00e1rio, campo de futebol society com pista de atletismo, al\u00e9m de guarita e subesta\u00e7\u00e3o. O equipamento recebeu um investimento de mais de R$ 16 milh\u00f5es.<\/p>\n<p style=\"text-align: justify;\">&#8220;Em rela\u00e7\u00e3o ao pr\u00e9dio antigo, a nova estrutura melhorou muito as condi\u00e7\u00f5es de aprendizado para meus colegas e para mim. Agora, temos um ambiente que nos motiva a estudar e sonhar mais alto&#8221;, afirmou o estudante Matheus Miranda, destacando a import\u00e2ncia das novas instala\u00e7\u00f5es para a comunidade escolar.<\/p>\n<p style=\"text-align: justify;\">Al\u00e9m disso, foi autorizada a pavimenta\u00e7\u00e3o asf\u00e1ltica no acesso ao Col\u00e9gio Estadual do Campo de Tempo Integral de Miror\u00f3s, no distrito de Miror\u00f3s, facilitando o deslocamento dos estudantes. A secret\u00e1ria da Educa\u00e7\u00e3o, Rowenna Brito, destacou que esses investimentos contribu\u00edram para o recente aumento no \u00cdndice de Desenvolvimento da Educa\u00e7\u00e3o B\u00e1sica (Ideb) da Bahia, que subiu de 3,2, em 2019, para 3,7 em 2023.<\/p>\n<p style=\"text-align: justify;\">O governador lembrou do compromisso assumido na cidade em outra ocasi\u00e3o: &#8220;eu estive aqui como secret\u00e1rio de Educa\u00e7\u00e3o e me comprometi a trabalhar para entregar duas escolas, uma na sede e outra no distrito de Miror\u00f3, que \u00e9 um importante polo econ\u00f4mico de fruticultura e irriga\u00e7\u00e3o. Ent\u00e3o, a escola da sede est\u00e1 pronta, entregamos hoje, a outra n\u00f3s entregaremos nos pr\u00f3ximos dias&#8221;.<\/p>\n<p style=\"text-align: justify;\">&#8220;As novas escolas de tempo integral que est\u00e3o sendo inauguradas na Bahia, como a de Ibipeba, e as que ser\u00e3o constru\u00eddas em outros munic\u00edpios, t\u00eam revolucionado a educa\u00e7\u00e3o no estado, oferecendo uma forma\u00e7\u00e3o mais completa e preparando melhor nossos jovens para o futuro&#8221;, afirmou a secret\u00e1ria.<\/p>\n<p style=\"text-align: justify;\">Outras a\u00e7\u00f5es realizadas em Ibipeba<\/p>\n<p style=\"text-align: justify;\">Obras de pavimenta\u00e7\u00e3o em paralelep\u00edpedos foram inauguradas em ruas da sede do munic\u00edpio, com um investimento de R$ 1,1 milh\u00e3o. Trata-se de uma parceria entre a Secretaria de Desenvolvimento Urbano (Sedur), Companhia de Desenvolvimento Urbano do Estado da Bahia (Conder) e a prefeitura.<\/p>\n<p style=\"text-align: justify;\">Tamb\u00e9m foram entregues sistemas de abastecimento de \u00e1gua em oito localidades do munic\u00edpio, beneficiando 1.200 habitantes. O investimento de R$ 907 mil foi realizado em parceria entre a Secretaria de Infraestrutura H\u00eddrica e Saneamento (Sihs) e a Empresa Baiana de \u00c1guas e Saneamento (Embasa). Foi entregue, ainda, um sistema simplificado de abastecimento de \u00e1gua na localidade de Barro Vermelho, a 20 km da sede, com um investimento de R$ 175 mil.<\/p>\n<p style=\"text-align: justify;\">O governador assinou, tamb\u00e9m, a ordem de servi\u00e7o para a implanta\u00e7\u00e3o de um novo sistema de abastecimento de \u00e1gua nas localidades de Morro do Gomes, Olhos D&#8217;\u00c1gua dos Batata, Recife, P\u00f3 de Tocas e Segredo. A a\u00e7\u00e3o aimpliar\u00e1 o acesso \u00e0 \u00e1gua pot\u00e1vel para mais fam\u00edlias na regi\u00e3o.<\/p>\n<p style=\"text-align: justify;\">Na \u00e1rea da infraestrutura, foi autorizada a implanta\u00e7\u00e3o e pavimenta\u00e7\u00e3o no acesso ao povoado de Boa Esperan\u00e7a, a partir do entroncamento da BA-148, em Ibipeba. A extens\u00e3o do trecho \u00e9 de 3,7 km.<\/p>\n<p style=\"text-align: justify;\">Por fim, 15 t\u00edtulos de terra do projeto Bahia Mais Forte Terra Legal foram entregues a agricultores familiares, povos e comunidades tradicionais de Ibipeba. O investimento de R$ 22,5 mil garante a regulariza\u00e7\u00e3o fundi\u00e1ria de diversas propriedades na regi\u00e3o.<\/p>\n<p style=\"text-align: justify;\">\n<p style=\"text-align: justify;\">T\u00e1cio Santos\/GOVBA\/Fotos Jo\u00e1 SouzaGOVBA<\/p>\n","protected":false},"excerpt":{"rendered":"<p>Com uma estrutura moderna e capacidade para atender mais de 400 estudantes, a nova sede do Col\u00e9gio de Tempo Integral Professora C\u00e9lia Oliveira Leite foi inaugurada nesta sexta-feira (16), em Ibipeba, pelo governador Jer\u00f4nimo Rodrigues. Durante a visita ao munic\u00edpio, o chefe do Executivo tamb\u00e9m entregou um \u00f4nibus escolar, para facilitar o transporte dos estudantes [&hellip;]<\/p>\n","protected":false},"author":1,"featured_media":67547,"comment_status":"open","ping_status":"open","sticky":false,"template":"","format":"standard","meta":{"_uag_custom_page_level_css":"","_monsterinsights_skip_tracking":false,"_monsterinsights_sitenote_active":false,"_monsterinsights_sitenote_note":"","_monsterinsights_sitenote_category":0,"jetpack_post_was_ever_published":false,"_jetpack_newsletter_access":"","_jetpack_dont_email_post_to_subs":false,"_jetpack_newsletter_tier_id":0,"_jetpack_memberships_contains_paywalled_content":false,"_jetpack_memberships_contains_paid_content":false,"footnotes":"","jetpack_publicize_message":"","jetpack_publicize_feature_enabled":true,"jetpack_social_post_already_shared":true,"jetpack_social_options":{"image_generator_settings":{"template":"highway","default_image_id":0,"font":"","enabled":false},"version":2}},"categories":[199],"tags":[],"class_list":["post-67546","post","type-post","status-publish","format-standard","has-post-thumbnail","hentry","category-bahia"],"jetpack_publicize_connections":[],"jetpack_featured_media_url":"https:\/\/blogopara.com.br\/wp-content\/uploads\/2024\/08\/Fotos-Joa-SouzaGOVBA-8.jpeg","uagb_featured_image_src":{"full":["https:\/\/blogopara.com.br\/wp-content\/uploads\/2024\/08\/Fotos-Joa-SouzaGOVBA-8.jpeg",500,332,false],"thumbnail":["https:\/\/blogopara.com.br\/wp-content\/uploads\/2024\/08\/Fotos-Joa-SouzaGOVBA-8-150x150.jpeg",150,150,true],"medium":["https:\/\/blogopara.com.br\/wp-content\/uploads\/2024\/08\/Fotos-Joa-SouzaGOVBA-8-300x199.jpeg",300,199,true],"medium_large":["https:\/\/blogopara.com.br\/wp-content\/uploads\/2024\/08\/Fotos-Joa-SouzaGOVBA-8.jpeg",500,332,false],"large":["https:\/\/blogopara.com.br\/wp-content\/uploads\/2024\/08\/Fotos-Joa-SouzaGOVBA-8.jpeg",500,332,false],"1536x1536":["https:\/\/blogopara.com.br\/wp-content\/uploads\/2024\/08\/Fotos-Joa-SouzaGOVBA-8.jpeg",500,332,false],"2048x2048":["https:\/\/blogopara.com.br\/wp-content\/uploads\/2024\/08\/Fotos-Joa-SouzaGOVBA-8.jpeg",500,332,false],"mantranews-slider-large":["https:\/\/blogopara.com.br\/wp-content\/uploads\/2024\/08\/Fotos-Joa-SouzaGOVBA-8.jpeg",500,332,false],"mantranews-featured-medium":["https:\/\/blogopara.com.br\/wp-content\/uploads\/2024\/08\/Fotos-Joa-SouzaGOVBA-8-420x307.jpeg",420,307,true],"mantranews-featured-long":["https:\/\/blogopara.com.br\/wp-content\/uploads\/2024\/08\/Fotos-Joa-SouzaGOVBA-8-300x332.jpeg",300,332,true],"mantranews-block-medium":["https:\/\/blogopara.com.br\/wp-content\/uploads\/2024\/08\/Fotos-Joa-SouzaGOVBA-8-464x290.jpeg",464,290,true],"mantranews-carousel-image":["https:\/\/blogopara.com.br\/wp-content\/uploads\/2024\/08\/Fotos-Joa-SouzaGOVBA-8.jpeg",500,332,false],"mantranews-block-thumb":["https:\/\/blogopara.com.br\/wp-content\/uploads\/2024\/08\/Fotos-Joa-SouzaGOVBA-8-322x230.jpeg",322,230,true],"mantranews-single-large":["https:\/\/blogopara.com.br\/wp-content\/uploads\/2024\/08\/Fotos-Joa-SouzaGOVBA-8.jpeg",500,332,false]},"uagb_author_info":{"display_name":"Reda\u00e7\u00e3o geral","author_link":"https:\/\/blogopara.com.br\/index.php\/author\/blogopara"},"uagb_comment_info":0,"uagb_excerpt":"Com uma estrutura moderna e capacidade para atender mais de 400 estudantes, a nova sede do Col\u00e9gio de Tempo Integral Professora C\u00e9lia Oliveira Leite foi inaugurada nesta sexta-feira (16), em Ibipeba, pelo governador Jer\u00f4nimo Rodrigues. Durante a visita ao munic\u00edpio, o chefe do Executivo tamb\u00e9m entregou um \u00f4nibus escolar, para facilitar o transporte dos estudantes&hellip;","jetpack_sharing_enabled":true,"jetpack_likes_enabled":true,"_links":{"self":[{"href":"https:\/\/blogopara.com.br\/index.php\/wp-json\/wp\/v2\/posts\/67546","targetHints":{"allow":["GET"]}}],"collection":[{"href":"https:\/\/blogopara.com.br\/index.php\/wp-json\/wp\/v2\/posts"}],"about":[{"href":"https:\/\/blogopara.com.br\/index.php\/wp-json\/wp\/v2\/types\/post"}],"author":[{"embeddable":true,"href":"https:\/\/blogopara.com.br\/index.php\/wp-json\/wp\/v2\/users\/1"}],"replies":[{"embeddable":true,"href":"https:\/\/blogopara.com.br\/index.php\/wp-json\/wp\/v2\/comments?post=67546"}],"version-history":[{"count":1,"href":"https:\/\/blogopara.com.br\/index.php\/wp-json\/wp\/v2\/posts\/67546\/revisions"}],"predecessor-version":[{"id":67548,"href":"https:\/\/blogopara.com.br\/index.php\/wp-json\/wp\/v2\/posts\/67546\/revisions\/67548"}],"wp:featuredmedia":[{"embeddable":true,"href":"https:\/\/blogopara.com.br\/index.php\/wp-json\/wp\/v2\/media\/67547"}],"wp:attachment":[{"href":"https:\/\/blogopara.com.br\/index.php\/wp-json\/wp\/v2\/media?parent=67546"}],"wp:term":[{"taxonomy":"category","embeddable":true,"href":"https:\/\/blogopara.com.br\/index.php\/wp-json\/wp\/v2\/categories?post=67546"},{"taxonomy":"post_tag","embeddable":true,"href":"https:\/\/blogopara.com.br\/index.php\/wp-json\/wp\/v2\/tags?post=67546"}],"curies":[{"name":"wp","href":"https:\/\/api.w.org\/{rel}","templated":true}]}}