{"id":67575,"date":"2024-08-18T16:49:05","date_gmt":"2024-08-18T19:49:05","guid":{"rendered":"https:\/\/blogopara.com.br\/?p=67575"},"modified":"2024-08-18T16:49:36","modified_gmt":"2024-08-18T19:49:36","slug":"suzana-ramos-e-vitoria-bandeira-realizam-visitas-a-bairros-e-distrito-de-juazeiro-recebendo-apoio-da-populacao","status":"publish","type":"post","link":"https:\/\/blogopara.com.br\/index.php\/2024\/08\/18\/suzana-ramos-e-vitoria-bandeira-realizam-visitas-a-bairros-e-distrito-de-juazeiro-recebendo-apoio-da-populacao","title":{"rendered":"Suzana Ramos e Vit\u00f3ria Bandeira realizam visitas a bairros e distrito de Juazeiro, recebendo apoio da popula\u00e7\u00e3o"},"content":{"rendered":"<p style=\"text-align: justify;\">A candidata \u00e0 reelei\u00e7\u00e3o em Juazeiro (BA), Suzana Ramos, e sua vice, Vit\u00f3ria Bandeira, deram in\u00edcio \u00e0 campanha para as pr\u00f3ximas elei\u00e7\u00f5es com uma s\u00e9rie de visitas pela sede e pelo interior do munic\u00edpio.<\/p>\n<p style=\"text-align: justify;\">Neste s\u00e1bado (17), as candidatas percorreram os bairros Alto da Maravilha, Jardim Fl\u00f3rida e o distrito de Carna\u00edba do Sert\u00e3o.<\/p>\n<p style=\"text-align: justify;\">Acompanhadas pelo ex-prefeito Joseph Bandeira, Suzana e Vit\u00f3ria se envolveram diretamente com os eleitores, ouvindo suas necessidades e apresentando suas propostas para o futuro de Juazeiro.<\/p>\n<p style=\"text-align: justify;\">As visitas foram recebidas com calorosos aplausos por parte dos moradores, refletindo a determina\u00e7\u00e3o de Suzana e Vit\u00f3ria em se conectar com a comunidade e apresentar suas vis\u00f5es para o desenvolvimento local e o reconhecimento do trabalho realizado pela gest\u00e3o Suzana Ramos nos \u00faltimos 4 anos.<\/p>\n<p style=\"text-align: justify;\">Os candidatos a vereador Maur\u00edcio Brotherzinho, Berg da Carna\u00edba e Marcos Passos receberam as candidatas em suas comunidades. \u201cNossa campanha come\u00e7ou e a onda verde j\u00e1 tomou conta de Juazeiro. Nossa cidade continuar\u00e1 avan\u00e7ando e o trabalho n\u00e3o vai parar. Por onde passamos, recebemos demonstra\u00e7\u00f5es de carinho e apoio pelo reconhecimento do nosso trabalho, e no pr\u00f3ximo dia 6 de outubro, Juazeiro vai com o 45 mais uma vez\u201d, declarou Suzana Ramos.<\/p>\n<p style=\"text-align: justify;\">Durante as visitas, Suzana e Vit\u00f3ria destacaram suas prioridades para cada \u00e1rea, demonstrando conhecimento das necessidades locais e propondo solu\u00e7\u00f5es pr\u00e1ticas, al\u00e9m de mostrar os avan\u00e7os alcan\u00e7ados ao longo do mandato de Suzana Ramos.<\/p>\n<p style=\"text-align: justify;\">\n<p style=\"text-align: justify;\">Lucas Lima &#8211; Ascom\/Suzana Ramos e Vit\u00f3ria Bandeira<\/p>\n","protected":false},"excerpt":{"rendered":"<p>A candidata \u00e0 reelei\u00e7\u00e3o em Juazeiro (BA), Suzana Ramos, e sua vice, Vit\u00f3ria Bandeira, deram in\u00edcio \u00e0 campanha para as pr\u00f3ximas elei\u00e7\u00f5es com uma s\u00e9rie de visitas pela sede e pelo interior do munic\u00edpio. Neste s\u00e1bado (17), as candidatas percorreram os bairros Alto da Maravilha, Jardim Fl\u00f3rida e o distrito de Carna\u00edba do Sert\u00e3o. Acompanhadas [&hellip;]<\/p>\n","protected":false},"author":1,"featured_media":67577,"comment_status":"open","ping_status":"open","sticky":false,"template":"","format":"standard","meta":{"_uag_custom_page_level_css":"","_monsterinsights_skip_tracking":false,"_monsterinsights_sitenote_active":false,"_monsterinsights_sitenote_note":"","_monsterinsights_sitenote_category":0,"jetpack_post_was_ever_published":false,"_jetpack_newsletter_access":"","_jetpack_dont_email_post_to_subs":false,"_jetpack_newsletter_tier_id":0,"_jetpack_memberships_contains_paywalled_content":false,"_jetpack_memberships_contains_paid_content":false,"footnotes":"","jetpack_publicize_message":"","jetpack_publicize_feature_enabled":true,"jetpack_social_post_already_shared":true,"jetpack_social_options":{"image_generator_settings":{"template":"highway","default_image_id":0,"font":"","enabled":false},"version":2}},"categories":[11604],"tags":[],"class_list":["post-67575","post","type-post","status-publish","format-standard","has-post-thumbnail","hentry","category-eleicoes-2024"],"jetpack_publicize_connections":[],"jetpack_featured_media_url":"https:\/\/blogopara.com.br\/wp-content\/uploads\/2024\/08\/WhatsApp-Image-2024-08-18-at-00_56_34.jpeg","uagb_featured_image_src":{"full":["https:\/\/blogopara.com.br\/wp-content\/uploads\/2024\/08\/WhatsApp-Image-2024-08-18-at-00_56_34.jpeg",500,332,false],"thumbnail":["https:\/\/blogopara.com.br\/wp-content\/uploads\/2024\/08\/WhatsApp-Image-2024-08-18-at-00_56_34-150x150.jpeg",150,150,true],"medium":["https:\/\/blogopara.com.br\/wp-content\/uploads\/2024\/08\/WhatsApp-Image-2024-08-18-at-00_56_34-300x199.jpeg",300,199,true],"medium_large":["https:\/\/blogopara.com.br\/wp-content\/uploads\/2024\/08\/WhatsApp-Image-2024-08-18-at-00_56_34.jpeg",500,332,false],"large":["https:\/\/blogopara.com.br\/wp-content\/uploads\/2024\/08\/WhatsApp-Image-2024-08-18-at-00_56_34.jpeg",500,332,false],"1536x1536":["https:\/\/blogopara.com.br\/wp-content\/uploads\/2024\/08\/WhatsApp-Image-2024-08-18-at-00_56_34.jpeg",500,332,false],"2048x2048":["https:\/\/blogopara.com.br\/wp-content\/uploads\/2024\/08\/WhatsApp-Image-2024-08-18-at-00_56_34.jpeg",500,332,false],"mantranews-slider-large":["https:\/\/blogopara.com.br\/wp-content\/uploads\/2024\/08\/WhatsApp-Image-2024-08-18-at-00_56_34.jpeg",500,332,false],"mantranews-featured-medium":["https:\/\/blogopara.com.br\/wp-content\/uploads\/2024\/08\/WhatsApp-Image-2024-08-18-at-00_56_34-420x307.jpeg",420,307,true],"mantranews-featured-long":["https:\/\/blogopara.com.br\/wp-content\/uploads\/2024\/08\/WhatsApp-Image-2024-08-18-at-00_56_34-300x332.jpeg",300,332,true],"mantranews-block-medium":["https:\/\/blogopara.com.br\/wp-content\/uploads\/2024\/08\/WhatsApp-Image-2024-08-18-at-00_56_34-464x290.jpeg",464,290,true],"mantranews-carousel-image":["https:\/\/blogopara.com.br\/wp-content\/uploads\/2024\/08\/WhatsApp-Image-2024-08-18-at-00_56_34.jpeg",500,332,false],"mantranews-block-thumb":["https:\/\/blogopara.com.br\/wp-content\/uploads\/2024\/08\/WhatsApp-Image-2024-08-18-at-00_56_34-322x230.jpeg",322,230,true],"mantranews-single-large":["https:\/\/blogopara.com.br\/wp-content\/uploads\/2024\/08\/WhatsApp-Image-2024-08-18-at-00_56_34.jpeg",500,332,false]},"uagb_author_info":{"display_name":"Reda\u00e7\u00e3o geral","author_link":"https:\/\/blogopara.com.br\/index.php\/author\/blogopara"},"uagb_comment_info":0,"uagb_excerpt":"A candidata \u00e0 reelei\u00e7\u00e3o em Juazeiro (BA), Suzana Ramos, e sua vice, Vit\u00f3ria Bandeira, deram in\u00edcio \u00e0 campanha para as pr\u00f3ximas elei\u00e7\u00f5es com uma s\u00e9rie de visitas pela sede e pelo interior do munic\u00edpio. Neste s\u00e1bado (17), as candidatas percorreram os bairros Alto da Maravilha, Jardim Fl\u00f3rida e o distrito de Carna\u00edba do Sert\u00e3o. Acompanhadas&hellip;","jetpack_sharing_enabled":true,"jetpack_likes_enabled":true,"_links":{"self":[{"href":"https:\/\/blogopara.com.br\/index.php\/wp-json\/wp\/v2\/posts\/67575","targetHints":{"allow":["GET"]}}],"collection":[{"href":"https:\/\/blogopara.com.br\/index.php\/wp-json\/wp\/v2\/posts"}],"about":[{"href":"https:\/\/blogopara.com.br\/index.php\/wp-json\/wp\/v2\/types\/post"}],"author":[{"embeddable":true,"href":"https:\/\/blogopara.com.br\/index.php\/wp-json\/wp\/v2\/users\/1"}],"replies":[{"embeddable":true,"href":"https:\/\/blogopara.com.br\/index.php\/wp-json\/wp\/v2\/comments?post=67575"}],"version-history":[{"count":2,"href":"https:\/\/blogopara.com.br\/index.php\/wp-json\/wp\/v2\/posts\/67575\/revisions"}],"predecessor-version":[{"id":67579,"href":"https:\/\/blogopara.com.br\/index.php\/wp-json\/wp\/v2\/posts\/67575\/revisions\/67579"}],"wp:featuredmedia":[{"embeddable":true,"href":"https:\/\/blogopara.com.br\/index.php\/wp-json\/wp\/v2\/media\/67577"}],"wp:attachment":[{"href":"https:\/\/blogopara.com.br\/index.php\/wp-json\/wp\/v2\/media?parent=67575"}],"wp:term":[{"taxonomy":"category","embeddable":true,"href":"https:\/\/blogopara.com.br\/index.php\/wp-json\/wp\/v2\/categories?post=67575"},{"taxonomy":"post_tag","embeddable":true,"href":"https:\/\/blogopara.com.br\/index.php\/wp-json\/wp\/v2\/tags?post=67575"}],"curies":[{"name":"wp","href":"https:\/\/api.w.org\/{rel}","templated":true}]}}