{"id":6767,"date":"2020-01-30T08:31:07","date_gmt":"2020-01-30T11:31:07","guid":{"rendered":"http:\/\/blogopara.com.br\/?p=6767"},"modified":"2020-01-30T13:53:01","modified_gmt":"2020-01-30T16:53:01","slug":"apos-video-vazado-leo-dias-pensou-em-tirar-a-propria-vida","status":"publish","type":"post","link":"https:\/\/blogopara.com.br\/index.php\/2020\/01\/30\/apos-video-vazado-leo-dias-pensou-em-tirar-a-propria-vida","title":{"rendered":"Ap\u00f3s v\u00eddeo vazado, L\u00e9o Dias pensou em tirar a pr\u00f3pria vida"},"content":{"rendered":"<p style=\"text-align: justify;\">o Dias usou as redes sociais na manh\u00e3 desta ter\u00e7a-feira (28\/01\/2020) para desabafar ap\u00f3s ter v\u00eddeo vazado.&nbsp;<a href=\"https:\/\/www.metropoles.com\/colunas-blogs\/pipocando\/jornalista-acusa-fabia-oliveira-de-trair-leo-dias\" target=\"_blank\" rel=\"noopener noreferrer\">Nas imagens<\/a>, que come\u00e7aram a circular no Twitter, o jornalista aparece usando drogas.<\/p>\n<div class=\"m-banner-wrap m-banner-rectangle m-publicity-content-middle\">\n<div id=\"div-gpt-ad-colunas-blogs-quadrado-1\" class=\"ad-quadrado ad-quadrado-1\" data-google-query-id=\"CIH4rNKbq-cCFQUEuQYdhLcHxw\">\n<div id=\"google_ads_iframe_\/123935210\/colunas-blogs-quadrado-1_0__container__\">\n<p style=\"text-align: justify;\">Em longo relato,&nbsp;<a href=\"https:\/\/www.metropoles.com\/tag\/leo-dias\" target=\"_blank\" rel=\"noopener noreferrer\">Dias<\/a> exp\u00f5e seus sentimentos com rela\u00e7\u00e3o ao uso de drogas. Ele j\u00e1 confirmou, em diversas ocasi\u00f5es, ser dependente qu\u00edmico. No desabafo ele afirma que pensou em tirar a pr\u00f3pria vida ap\u00f3s a divulga\u00e7\u00e3o das imagens.<\/p>\n<p style=\"text-align: justify;\">\u201cDesde as primeiras not\u00edcias envolvendo F\u00e1bio Assun\u00e7\u00e3o por consequ\u00eancia de sua depend\u00eancia qu\u00edmica, eu me privei de falar. N\u00e3o por ter a mesma doen\u00e7a. Simplesmente porque \u00e9 uma doen\u00e7a. Numa era em que tanto fala-se de compaix\u00e3o e empatia, foi uma maneira clara de se solidarizar com a dor do outro. Se colocar no lugar do outro vale mais do que clique. Um outro epis\u00f3dio que marcou a minha carreira foi o v\u00eddeo do ator com transsexuais. Muita gente me recriminou. E eu contestei. Se fosse uma loirinha ou moreninha, estava \u00f3timo pra ele. Mas porque ele n\u00e3o pode ter prefer\u00eancia por trans? Qual problema? Tes\u00e3o cada um tem o seu\u201d, afirma o jornalista.<\/p>\n<p style=\"text-align: justify;\">Dias continua o desabafo e fala sobre a associa\u00e7\u00e3o do v\u00edcio, al\u00e9m do tratamento que faz para que consiga viver sem as drogas. Ele tamb\u00e9m culpa a pessoa que estava na casa dele e que filmou toda a a\u00e7\u00e3o.<\/p>\n<blockquote><p>\u201cE at\u00e9 que chegou o meu dia de ser o alvo. Sexo n\u00e3o \u00e9 intimidade, amor, sim. Por isso as chances de errarmos quem levamos pra cama \u00e9 bem maior do que quem levamos pro altar. Errei ao levar para a minha casa um ser t\u00e3o mal car\u00e1ter. Mas estava entre quatro paredes, na intimidade do meu lar. O intruso ali n\u00e3o era eu. Mas eu tenho que admitir que tudo isso \u00e9 consequ\u00eancia da droga. Na terapia, aprendi que a coca\u00edna sempre se associa a algo para viciar mais: muitos associam o \u00e1lcool \u00e0 coca\u00edna, outros o trabalho, outros (como eu) ao sexo. \u00c9 isso \u00e9 grav\u00edssimo. O grande perigo da coca\u00edna \u00e9 que ela \u00e9 facilmente adapt\u00e1vel em v\u00e1rios ambientes, diferentemente de outras drogas\u201d.<\/p><\/blockquote>\n<p style=\"text-align: justify;\">No fim do relato, Leo confirma a veracidade das imagens. \u201cEu soube da exist\u00eancia desse v\u00eddeo no domingo, via Twitter,&nbsp;<a href=\"https:\/\/www.metropoles.com\/colunas-blogs\/pipocando\/jornalista-acusa-fabia-oliveira-de-trair-leo-dias\" target=\"_blank\" rel=\"noopener noreferrer\">um dia antes dele viralizar numa rede de conte\u00fado duvidoso<\/a>&nbsp;e aquilo me deixou t\u00e3o mal, mas t\u00e3o mal que eu pensei em por fim a minha vida, por vergonha. Pedi perd\u00e3o a Deus e que Deus tenha piedade desse senhor que se intitula jornalista. Mas como eu j\u00e1 expus o meu melhor e o pior de mim, estou aqui, de peito aberto, para falar de v\u00e1rios tabus da sociedade\u201d, finaliza.<\/p>\n<pre>Fonte: Metr\u00f3poles<\/pre>\n<\/div>\n<\/div>\n<\/div>\n","protected":false},"excerpt":{"rendered":"<p>O jornalista usou as redes sociais para desabafar sobre depend\u00eancia qu\u00edmica e exposi\u00e7\u00e3o<\/p>\n","protected":false},"author":1,"featured_media":6795,"comment_status":"open","ping_status":"open","sticky":false,"template":"","format":"standard","meta":{"_uag_custom_page_level_css":"","_monsterinsights_skip_tracking":false,"_monsterinsights_sitenote_active":false,"_monsterinsights_sitenote_note":"","_monsterinsights_sitenote_category":0,"jetpack_post_was_ever_published":false,"_jetpack_newsletter_access":"","_jetpack_dont_email_post_to_subs":false,"_jetpack_newsletter_tier_id":0,"_jetpack_memberships_contains_paywalled_content":false,"_jetpack_memberships_contains_paid_content":false,"footnotes":"","jetpack_publicize_message":"","jetpack_publicize_feature_enabled":true,"jetpack_social_post_already_shared":true,"jetpack_social_options":{"image_generator_settings":{"template":"highway","default_image_id":0,"font":"","enabled":false},"version":2}},"categories":[200],"tags":[],"class_list":["post-6767","post","type-post","status-publish","format-standard","has-post-thumbnail","hentry","category-brasil"],"jetpack_publicize_connections":[],"jetpack_featured_media_url":"https:\/\/blogopara.com.br\/wp-content\/uploads\/2020\/01\/leo-dias-video-drogas.jpg","uagb_featured_image_src":{"full":["https:\/\/blogopara.com.br\/wp-content\/uploads\/2020\/01\/leo-dias-video-drogas.jpg",500,281,false],"thumbnail":["https:\/\/blogopara.com.br\/wp-content\/uploads\/2020\/01\/leo-dias-video-drogas-150x150.jpg",150,150,true],"medium":["https:\/\/blogopara.com.br\/wp-content\/uploads\/2020\/01\/leo-dias-video-drogas-300x169.jpg",300,169,true],"medium_large":["https:\/\/blogopara.com.br\/wp-content\/uploads\/2020\/01\/leo-dias-video-drogas.jpg",500,281,false],"large":["https:\/\/blogopara.com.br\/wp-content\/uploads\/2020\/01\/leo-dias-video-drogas.jpg",500,281,false],"1536x1536":["https:\/\/blogopara.com.br\/wp-content\/uploads\/2020\/01\/leo-dias-video-drogas.jpg",500,281,false],"2048x2048":["https:\/\/blogopara.com.br\/wp-content\/uploads\/2020\/01\/leo-dias-video-drogas.jpg",500,281,false],"mantranews-slider-large":["https:\/\/blogopara.com.br\/wp-content\/uploads\/2020\/01\/leo-dias-video-drogas.jpg",500,281,false],"mantranews-featured-medium":["https:\/\/blogopara.com.br\/wp-content\/uploads\/2020\/01\/leo-dias-video-drogas.jpg",420,236,false],"mantranews-featured-long":["https:\/\/blogopara.com.br\/wp-content\/uploads\/2020\/01\/leo-dias-video-drogas.jpg",300,169,false],"mantranews-block-medium":["https:\/\/blogopara.com.br\/wp-content\/uploads\/2020\/01\/leo-dias-video-drogas.jpg",464,261,false],"mantranews-carousel-image":["https:\/\/blogopara.com.br\/wp-content\/uploads\/2020\/01\/leo-dias-video-drogas.jpg",500,281,false],"mantranews-block-thumb":["https:\/\/blogopara.com.br\/wp-content\/uploads\/2020\/01\/leo-dias-video-drogas.jpg",322,181,false],"mantranews-single-large":["https:\/\/blogopara.com.br\/wp-content\/uploads\/2020\/01\/leo-dias-video-drogas.jpg",500,281,false]},"uagb_author_info":{"display_name":"Reda\u00e7\u00e3o geral","author_link":"https:\/\/blogopara.com.br\/index.php\/author\/blogopara"},"uagb_comment_info":0,"uagb_excerpt":"O jornalista usou as redes sociais para desabafar sobre depend\u00eancia qu\u00edmica e exposi\u00e7\u00e3o","jetpack_sharing_enabled":true,"jetpack_likes_enabled":true,"_links":{"self":[{"href":"https:\/\/blogopara.com.br\/index.php\/wp-json\/wp\/v2\/posts\/6767","targetHints":{"allow":["GET"]}}],"collection":[{"href":"https:\/\/blogopara.com.br\/index.php\/wp-json\/wp\/v2\/posts"}],"about":[{"href":"https:\/\/blogopara.com.br\/index.php\/wp-json\/wp\/v2\/types\/post"}],"author":[{"embeddable":true,"href":"https:\/\/blogopara.com.br\/index.php\/wp-json\/wp\/v2\/users\/1"}],"replies":[{"embeddable":true,"href":"https:\/\/blogopara.com.br\/index.php\/wp-json\/wp\/v2\/comments?post=6767"}],"version-history":[{"count":3,"href":"https:\/\/blogopara.com.br\/index.php\/wp-json\/wp\/v2\/posts\/6767\/revisions"}],"predecessor-version":[{"id":6797,"href":"https:\/\/blogopara.com.br\/index.php\/wp-json\/wp\/v2\/posts\/6767\/revisions\/6797"}],"wp:featuredmedia":[{"embeddable":true,"href":"https:\/\/blogopara.com.br\/index.php\/wp-json\/wp\/v2\/media\/6795"}],"wp:attachment":[{"href":"https:\/\/blogopara.com.br\/index.php\/wp-json\/wp\/v2\/media?parent=6767"}],"wp:term":[{"taxonomy":"category","embeddable":true,"href":"https:\/\/blogopara.com.br\/index.php\/wp-json\/wp\/v2\/categories?post=6767"},{"taxonomy":"post_tag","embeddable":true,"href":"https:\/\/blogopara.com.br\/index.php\/wp-json\/wp\/v2\/tags?post=6767"}],"curies":[{"name":"wp","href":"https:\/\/api.w.org\/{rel}","templated":true}]}}