{"id":67900,"date":"2024-08-30T11:25:43","date_gmt":"2024-08-30T14:25:43","guid":{"rendered":"https:\/\/blogopara.com.br\/?p=67900"},"modified":"2024-08-30T11:25:53","modified_gmt":"2024-08-30T14:25:53","slug":"professores-da-uneb-rejeitam-proposta-do-governo-e-aprovam-paralisacao-no-dia-11-de-setembro","status":"publish","type":"post","link":"https:\/\/blogopara.com.br\/index.php\/2024\/08\/30\/professores-da-uneb-rejeitam-proposta-do-governo-e-aprovam-paralisacao-no-dia-11-de-setembro","title":{"rendered":"Professores da UNEB rejeitam proposta do governo e aprovam paralisa\u00e7\u00e3o no dia 11 de setembro"},"content":{"rendered":"<p style=\"text-align: justify;\">Professores da UNEB reunidos em assembleia geral h\u00edbrida, no final da tarde desta quinta-feira (29), rejeitaram a nova proposta do Governo do Estado de recomposi\u00e7\u00e3o salarial \u00e0 categoria. Al\u00e9m de negar a proposi\u00e7\u00e3o, como maneira de intensificar a mobiliza\u00e7\u00e3o, foi aprovada uma paralisa\u00e7\u00e3o das atividades acad\u00eamicas, por 24 horas e com os port\u00f5es fechados, nos 27 campi da universidade, espalhados em todas as regi\u00f5es do Estado.<\/p>\n<p style=\"text-align: justify;\">Segundo a Associa\u00e7\u00e3o dos Docentes da UNEB (ADUNEB), as perdas salariais em decorr\u00eancia da falta de recomposi\u00e7\u00e3o da infla\u00e7\u00e3o, desde 2015, chegam a 35%. A atual proposta do governo, refutada pelos professores, previa o pagamento, dento como base o teto da infla\u00e7\u00e3o de 4,5% (estipulada pelo Comit\u00ea Monet\u00e1rio Nacional), mais um acr\u00e9scimo de 1,2%. Assim, o reajuste de 5,7% seria pago em tr\u00eas parcelas de (jan\/2025, jan\/2026 e dez\/2026). A proposta n\u00e3o inclui nenhum adendo caso a infla\u00e7\u00e3o ultrapasse o teto estipulado.<\/p>\n<p style=\"text-align: justify;\">A categoria considerou, no m\u00ednimo, desrespeitoso o \u00edndice de reajuste proposto. \u201cDe fato, o que o governo colocou \u00e0 mesa foi uma recomposi\u00e7\u00e3o salarial de apenas tr\u00eas parcelas de 1,15%, o restante apenas cobre a infla\u00e7\u00e3o do ano anterior. Se lembrarmos que a defasagem \u00e9 de 35%, n\u00e3o podemos nem mesmo caracterizar como um plano de recomposi\u00e7\u00e3o salarial, afirmou Cl\u00f3vis Pi\u00e1u, Coordenador Geral da ADUNEB.<\/p>\n<p style=\"text-align: justify;\">Para a coordena\u00e7\u00e3o da ADUNEB, a gest\u00e3o estadual avan\u00e7ou ao realizar a mesa de negocia\u00e7\u00e3o, mas o fato s\u00f3 ocorreu ap\u00f3s os professores as quatro universidades estaduais da Bahia (UNEB, UEFS, UESB e UESC) decretarem indicativo de greve, em abril deste ano. A dire\u00e7\u00e3o do sindicato considera ainda que, at\u00e9 o momento, n\u00e3o foi apresentada nenhuma proposta satisfat\u00f3ria de recomposi\u00e7\u00e3o salarial. Al\u00e9m disso, docentes enfatizaram a disponibilidade e a flexibilidade do movimento na negocia\u00e7\u00e3o, que tem estabelecido amplo di\u00e1logo sobre os percentuais de reajuste e sobre termos muito aqu\u00e9m da defasagem salarial, buscando avan\u00e7ar com di\u00e1logo e acenando para o governo a disponibilidade para negociar.<\/p>\n<p style=\"text-align: justify;\">Reuni\u00e3o com o governo<\/p>\n<p style=\"text-align: justify;\">A pr\u00f3xima reuni\u00e3o com o governo ser\u00e1 realizada em 11 de setembro, mesmo dia da paralisa\u00e7\u00e3o. Na ocasi\u00e3o, uma contraproposta, a ser realizada em consenso pelos sindicatos dos professores das UEBAs, ser\u00e1 apresentada aos representantes do governador Jer\u00f4nimo Rodrigues. Docentes da UNEB seguem com disposi\u00e7\u00e3o para a luta, inclusive, indicando uma poss\u00edvel greve, caso o Governo da Bahia siga apresentando propostas com percentuais considerados lament\u00e1veis pela categoria.<\/p>\n","protected":false},"excerpt":{"rendered":"<p>Professores da UNEB reunidos em assembleia geral h\u00edbrida, no final da tarde desta quinta-feira (29), rejeitaram a nova proposta do Governo do Estado de recomposi\u00e7\u00e3o salarial \u00e0 categoria. Al\u00e9m de negar a proposi\u00e7\u00e3o, como maneira de intensificar a mobiliza\u00e7\u00e3o, foi aprovada uma paralisa\u00e7\u00e3o das atividades acad\u00eamicas, por 24 horas e com os port\u00f5es fechados, nos [&hellip;]<\/p>\n","protected":false},"author":1,"featured_media":35805,"comment_status":"open","ping_status":"open","sticky":false,"template":"","format":"standard","meta":{"_uag_custom_page_level_css":"","_monsterinsights_skip_tracking":false,"_monsterinsights_sitenote_active":false,"_monsterinsights_sitenote_note":"","_monsterinsights_sitenote_category":0,"jetpack_post_was_ever_published":false,"_jetpack_newsletter_access":"","_jetpack_dont_email_post_to_subs":false,"_jetpack_newsletter_tier_id":0,"_jetpack_memberships_contains_paywalled_content":false,"_jetpack_memberships_contains_paid_content":false,"footnotes":"","jetpack_publicize_message":"","jetpack_publicize_feature_enabled":true,"jetpack_social_post_already_shared":true,"jetpack_social_options":{"image_generator_settings":{"template":"highway","default_image_id":0,"font":"","enabled":false},"version":2}},"categories":[199],"tags":[],"class_list":["post-67900","post","type-post","status-publish","format-standard","has-post-thumbnail","hentry","category-bahia"],"jetpack_publicize_connections":[],"jetpack_featured_media_url":"https:\/\/blogopara.com.br\/wp-content\/uploads\/2022\/04\/uneb-e1725925693116.webp","uagb_featured_image_src":{"full":["https:\/\/blogopara.com.br\/wp-content\/uploads\/2022\/04\/uneb-e1725925693116.webp",450,300,false],"thumbnail":["https:\/\/blogopara.com.br\/wp-content\/uploads\/2022\/04\/uneb-150x150.webp",150,150,true],"medium":["https:\/\/blogopara.com.br\/wp-content\/uploads\/2022\/04\/uneb-300x200.webp",300,200,true],"medium_large":["https:\/\/blogopara.com.br\/wp-content\/uploads\/2022\/04\/uneb-768x512.webp",640,427,true],"large":["https:\/\/blogopara.com.br\/wp-content\/uploads\/2022\/04\/uneb-e1725925693116.webp",450,300,false],"1536x1536":["https:\/\/blogopara.com.br\/wp-content\/uploads\/2022\/04\/uneb-e1725925693116.webp",450,300,false],"2048x2048":["https:\/\/blogopara.com.br\/wp-content\/uploads\/2022\/04\/uneb-e1725925693116.webp",450,300,false],"mantranews-slider-large":["https:\/\/blogopara.com.br\/wp-content\/uploads\/2022\/04\/uneb-e1725925693116.webp",450,300,false],"mantranews-featured-medium":["https:\/\/blogopara.com.br\/wp-content\/uploads\/2022\/04\/uneb-420x307.webp",420,307,true],"mantranews-featured-long":["https:\/\/blogopara.com.br\/wp-content\/uploads\/2022\/04\/uneb-300x443.webp",300,443,true],"mantranews-block-medium":["https:\/\/blogopara.com.br\/wp-content\/uploads\/2022\/04\/uneb-464x290.webp",464,290,true],"mantranews-carousel-image":["https:\/\/blogopara.com.br\/wp-content\/uploads\/2022\/04\/uneb-600x500.webp",600,500,true],"mantranews-block-thumb":["https:\/\/blogopara.com.br\/wp-content\/uploads\/2022\/04\/uneb-322x230.webp",322,230,true],"mantranews-single-large":["https:\/\/blogopara.com.br\/wp-content\/uploads\/2022\/04\/uneb-984x642.webp",984,642,true]},"uagb_author_info":{"display_name":"Reda\u00e7\u00e3o geral","author_link":"https:\/\/blogopara.com.br\/index.php\/author\/blogopara"},"uagb_comment_info":0,"uagb_excerpt":"Professores da UNEB reunidos em assembleia geral h\u00edbrida, no final da tarde desta quinta-feira (29), rejeitaram a nova proposta do Governo do Estado de recomposi\u00e7\u00e3o salarial \u00e0 categoria. Al\u00e9m de negar a proposi\u00e7\u00e3o, como maneira de intensificar a mobiliza\u00e7\u00e3o, foi aprovada uma paralisa\u00e7\u00e3o das atividades acad\u00eamicas, por 24 horas e com os port\u00f5es fechados, nos&hellip;","jetpack_sharing_enabled":true,"jetpack_likes_enabled":true,"_links":{"self":[{"href":"https:\/\/blogopara.com.br\/index.php\/wp-json\/wp\/v2\/posts\/67900","targetHints":{"allow":["GET"]}}],"collection":[{"href":"https:\/\/blogopara.com.br\/index.php\/wp-json\/wp\/v2\/posts"}],"about":[{"href":"https:\/\/blogopara.com.br\/index.php\/wp-json\/wp\/v2\/types\/post"}],"author":[{"embeddable":true,"href":"https:\/\/blogopara.com.br\/index.php\/wp-json\/wp\/v2\/users\/1"}],"replies":[{"embeddable":true,"href":"https:\/\/blogopara.com.br\/index.php\/wp-json\/wp\/v2\/comments?post=67900"}],"version-history":[{"count":1,"href":"https:\/\/blogopara.com.br\/index.php\/wp-json\/wp\/v2\/posts\/67900\/revisions"}],"predecessor-version":[{"id":67901,"href":"https:\/\/blogopara.com.br\/index.php\/wp-json\/wp\/v2\/posts\/67900\/revisions\/67901"}],"wp:featuredmedia":[{"embeddable":true,"href":"https:\/\/blogopara.com.br\/index.php\/wp-json\/wp\/v2\/media\/35805"}],"wp:attachment":[{"href":"https:\/\/blogopara.com.br\/index.php\/wp-json\/wp\/v2\/media?parent=67900"}],"wp:term":[{"taxonomy":"category","embeddable":true,"href":"https:\/\/blogopara.com.br\/index.php\/wp-json\/wp\/v2\/categories?post=67900"},{"taxonomy":"post_tag","embeddable":true,"href":"https:\/\/blogopara.com.br\/index.php\/wp-json\/wp\/v2\/tags?post=67900"}],"curies":[{"name":"wp","href":"https:\/\/api.w.org\/{rel}","templated":true}]}}