{"id":67926,"date":"2024-09-01T11:58:43","date_gmt":"2024-09-01T14:58:43","guid":{"rendered":"https:\/\/blogopara.com.br\/?p=67926"},"modified":"2024-09-01T11:58:47","modified_gmt":"2024-09-01T14:58:47","slug":"mortos-em-incendio-eram-pai-filho-bebe-e-enteado-de-3-anos","status":"publish","type":"post","link":"https:\/\/blogopara.com.br\/index.php\/2024\/09\/01\/mortos-em-incendio-eram-pai-filho-bebe-e-enteado-de-3-anos","title":{"rendered":"Mortos em inc\u00eandio eram pai, filho beb\u00ea e enteado de 3 anos"},"content":{"rendered":"<div class=\"container--component-block\">\n<p id=\"paragrafo-tvq9zhafjs\" class=\"component--paragrafo\" style=\"text-align: justify;\">Os tr\u00eas mortos em um inc\u00eandio em Lauro de Freitas, na Regi\u00e3o Metropolitana de Salvador, eram um homem, o filho de apenas um m\u00eas de vida e o enteado de 3 anos. Os nomes das v\u00edtimas n\u00e3o foram divulgados. O fogo destruiu a pequena casa de madeira em que apenas os tr\u00eas estavam na noite da sexta-feira (30), na comunidade de Quingoma.<\/p>\n<\/div>\n<div class=\"container--component-block\" style=\"text-align: justify;\">\n<p id=\"paragrafo-bccx8sg36l\" class=\"component--paragrafo\">O fogo s\u00f3 foi controlado completamente na manh\u00e3 do s\u00e1bado, quando as tr\u00eas v\u00edtimas j\u00e1 estavam mortas. Os corpos carbonizados foram resgatados do local pelo Corpo de Bombeiros.<\/p>\n<\/div>\n<div class=\"container--component-block\" style=\"text-align: justify;\">\n<p id=\"paragrafo-uao7yi423o\" class=\"component--paragrafo\">Segundo informa\u00e7\u00f5es da TV Bahia, h\u00e1 uma suspeita de que uma vela deu in\u00edcio ao fogo. O Corpo de Bombeiros diz que a causa do inc\u00eandio ainda \u00e9 investigada e ser\u00e1 definida por uma per\u00edcia. A reportagem afirma que Joelma, 36 anos, m\u00e3e e esposa das v\u00edtimas, estava fora de casa com o filho mais velho quando o incidente aconteceu. Ela foi consolada por vizinhos, que relataram que ela tinha sa\u00eddo de casa para buscar o filho na igreja e deixou o marido e as duas crian\u00e7as dormindo.<\/p>\n<\/div>\n<div class=\"container--component-block\">\n<p id=\"paragrafo-m0cm6rqfbz\" class=\"component--paragrafo\" style=\"text-align: justify;\">Os vizinhos notaram que o local estava pegando fogo quando as chamas j\u00e1 tomavam conta. &#8220;Tentaram se aproximar do barraco para tentar entrar, mas a chama alta n\u00e3o deixava&#8221;, lamentou um deles, \u00e0 TV Bahia. Eles contaram que o homem morto trabalhava como pedreiro.<\/p>\n<\/div>\n","protected":false},"excerpt":{"rendered":"<p>Os tr\u00eas mortos em um inc\u00eandio em Lauro de Freitas, na Regi\u00e3o Metropolitana de Salvador, eram um homem, o filho de apenas um m\u00eas de vida e o enteado de 3 anos. Os nomes das v\u00edtimas n\u00e3o foram divulgados. O fogo destruiu a pequena casa de madeira em que apenas os tr\u00eas estavam na noite [&hellip;]<\/p>\n","protected":false},"author":1,"featured_media":67927,"comment_status":"open","ping_status":"open","sticky":false,"template":"","format":"standard","meta":{"_uag_custom_page_level_css":"","_monsterinsights_skip_tracking":false,"_monsterinsights_sitenote_active":false,"_monsterinsights_sitenote_note":"","_monsterinsights_sitenote_category":0,"jetpack_post_was_ever_published":false,"_jetpack_newsletter_access":"","_jetpack_dont_email_post_to_subs":false,"_jetpack_newsletter_tier_id":0,"_jetpack_memberships_contains_paywalled_content":false,"_jetpack_memberships_contains_paid_content":false,"footnotes":"","jetpack_publicize_message":"","jetpack_publicize_feature_enabled":true,"jetpack_social_post_already_shared":true,"jetpack_social_options":{"image_generator_settings":{"template":"highway","default_image_id":0,"font":"","enabled":false},"version":2}},"categories":[199],"tags":[],"class_list":["post-67926","post","type-post","status-publish","format-standard","has-post-thumbnail","hentry","category-bahia"],"jetpack_publicize_connections":[],"jetpack_featured_media_url":"https:\/\/blogopara.com.br\/wp-content\/uploads\/2024\/09\/incendio-destruiu-barraco-2407240-article.jpg","uagb_featured_image_src":{"full":["https:\/\/blogopara.com.br\/wp-content\/uploads\/2024\/09\/incendio-destruiu-barraco-2407240-article.jpg",500,375,false],"thumbnail":["https:\/\/blogopara.com.br\/wp-content\/uploads\/2024\/09\/incendio-destruiu-barraco-2407240-article-150x150.jpg",150,150,true],"medium":["https:\/\/blogopara.com.br\/wp-content\/uploads\/2024\/09\/incendio-destruiu-barraco-2407240-article-300x225.jpg",300,225,true],"medium_large":["https:\/\/blogopara.com.br\/wp-content\/uploads\/2024\/09\/incendio-destruiu-barraco-2407240-article.jpg",500,375,false],"large":["https:\/\/blogopara.com.br\/wp-content\/uploads\/2024\/09\/incendio-destruiu-barraco-2407240-article.jpg",500,375,false],"1536x1536":["https:\/\/blogopara.com.br\/wp-content\/uploads\/2024\/09\/incendio-destruiu-barraco-2407240-article.jpg",500,375,false],"2048x2048":["https:\/\/blogopara.com.br\/wp-content\/uploads\/2024\/09\/incendio-destruiu-barraco-2407240-article.jpg",500,375,false],"mantranews-slider-large":["https:\/\/blogopara.com.br\/wp-content\/uploads\/2024\/09\/incendio-destruiu-barraco-2407240-article.jpg",500,375,false],"mantranews-featured-medium":["https:\/\/blogopara.com.br\/wp-content\/uploads\/2024\/09\/incendio-destruiu-barraco-2407240-article-420x307.jpg",420,307,true],"mantranews-featured-long":["https:\/\/blogopara.com.br\/wp-content\/uploads\/2024\/09\/incendio-destruiu-barraco-2407240-article-300x375.jpg",300,375,true],"mantranews-block-medium":["https:\/\/blogopara.com.br\/wp-content\/uploads\/2024\/09\/incendio-destruiu-barraco-2407240-article-464x290.jpg",464,290,true],"mantranews-carousel-image":["https:\/\/blogopara.com.br\/wp-content\/uploads\/2024\/09\/incendio-destruiu-barraco-2407240-article.jpg",500,375,false],"mantranews-block-thumb":["https:\/\/blogopara.com.br\/wp-content\/uploads\/2024\/09\/incendio-destruiu-barraco-2407240-article-322x230.jpg",322,230,true],"mantranews-single-large":["https:\/\/blogopara.com.br\/wp-content\/uploads\/2024\/09\/incendio-destruiu-barraco-2407240-article.jpg",500,375,false]},"uagb_author_info":{"display_name":"Reda\u00e7\u00e3o geral","author_link":"https:\/\/blogopara.com.br\/index.php\/author\/blogopara"},"uagb_comment_info":0,"uagb_excerpt":"Os tr\u00eas mortos em um inc\u00eandio em Lauro de Freitas, na Regi\u00e3o Metropolitana de Salvador, eram um homem, o filho de apenas um m\u00eas de vida e o enteado de 3 anos. Os nomes das v\u00edtimas n\u00e3o foram divulgados. O fogo destruiu a pequena casa de madeira em que apenas os tr\u00eas estavam na noite&hellip;","jetpack_sharing_enabled":true,"jetpack_likes_enabled":true,"_links":{"self":[{"href":"https:\/\/blogopara.com.br\/index.php\/wp-json\/wp\/v2\/posts\/67926","targetHints":{"allow":["GET"]}}],"collection":[{"href":"https:\/\/blogopara.com.br\/index.php\/wp-json\/wp\/v2\/posts"}],"about":[{"href":"https:\/\/blogopara.com.br\/index.php\/wp-json\/wp\/v2\/types\/post"}],"author":[{"embeddable":true,"href":"https:\/\/blogopara.com.br\/index.php\/wp-json\/wp\/v2\/users\/1"}],"replies":[{"embeddable":true,"href":"https:\/\/blogopara.com.br\/index.php\/wp-json\/wp\/v2\/comments?post=67926"}],"version-history":[{"count":1,"href":"https:\/\/blogopara.com.br\/index.php\/wp-json\/wp\/v2\/posts\/67926\/revisions"}],"predecessor-version":[{"id":67928,"href":"https:\/\/blogopara.com.br\/index.php\/wp-json\/wp\/v2\/posts\/67926\/revisions\/67928"}],"wp:featuredmedia":[{"embeddable":true,"href":"https:\/\/blogopara.com.br\/index.php\/wp-json\/wp\/v2\/media\/67927"}],"wp:attachment":[{"href":"https:\/\/blogopara.com.br\/index.php\/wp-json\/wp\/v2\/media?parent=67926"}],"wp:term":[{"taxonomy":"category","embeddable":true,"href":"https:\/\/blogopara.com.br\/index.php\/wp-json\/wp\/v2\/categories?post=67926"},{"taxonomy":"post_tag","embeddable":true,"href":"https:\/\/blogopara.com.br\/index.php\/wp-json\/wp\/v2\/tags?post=67926"}],"curies":[{"name":"wp","href":"https:\/\/api.w.org\/{rel}","templated":true}]}}