{"id":6802,"date":"2020-01-31T07:57:36","date_gmt":"2020-01-31T10:57:36","guid":{"rendered":"http:\/\/blogopara.com.br\/?p=6802"},"modified":"2020-01-31T07:57:44","modified_gmt":"2020-01-31T10:57:44","slug":"culto-nao-e-lugar-de-pedir-apoio-politico","status":"publish","type":"post","link":"https:\/\/blogopara.com.br\/index.php\/2020\/01\/31\/culto-nao-e-lugar-de-pedir-apoio-politico","title":{"rendered":"Culto n\u00e3o \u00e9 lugar de pedir apoio pol\u00edtico"},"content":{"rendered":"<p style=\"text-align: justify;\">Na pr\u00e1tica os pol\u00edticos n\u00e3o tem uma religi\u00e3o crist\u00e3, a religi\u00e3o deles \u00e9 a pol\u00edtica, \u00e9 para tal que eles vivem e adoram, mas no jogo politico muitos fazem declara\u00e7\u00f5es fervorosas de devo\u00e7\u00e3o e de obedi\u00eancia a Deus.<\/p>\n<p style=\"text-align: justify;\">Quando lemos a carta de Tiago no cap\u00edtulo 3.1-12, vemos que os pecados verbais n\u00e3o deixar\u00e3o de ser julgados. No entanto, especificamente no verso 1, vemos que os mestres \u2013 e aqui podemos incluir os pastores \u2013 sofrer\u00e3o um ju\u00edzo mais duro, considerando a responsabilidade que possuem perante Deus e sua Igreja.<\/p>\n<p style=\"text-align: justify;\">O pastor Emerson Patriota ter\u00e1 de rever seus conceitos pra ontem, pois o que ele fez \u00e9 passivo at\u00e9 mesmo de uma disciplina dentro da Institui\u00e7\u00e3o Presbiteriana \u2013 ou ao menos deveria ser.<\/p>\n<div class=\"pp-box-adunit pp-ad-loading pp-type-intext\">\n<div class=\"pp-adunit\">\n<div class=\"pp-ad\">\n<div id=\"P_GOSPEL_PRIME_INTEXT_01013941433526325775\" data-premium=\"\" data-adunit=\"GOSPEL_PRIME_INTEXT_01\" data-sizes-mobile=\"[[336,280],[300,250]] \" data-sizes-desktop=\"[[336,280],[300,250]]\" data-type=\"intext\" data-premium-load=\"\" data-fetch=\"true\" data-google-query-id=\"CNXhvrLTrecCFboFuQYd520CNg\">\n<div id=\"mvp-content-body\" class=\"left relative\" style=\"text-align: justify;\">\n<div id=\"mvp-content-body-top\" class=\"left relative\">\n<div id=\"mvp-content-main\" class=\"left relative\">\n<p>Pedir do p\u00falpito que os irm\u00e3os participem da cria\u00e7\u00e3o de um partido pol\u00edtico?<\/p>\n<p>A pergunta que fa\u00e7o \u00e9: quem discipulou este pastor? Porque a falha no discipulado \u00e9 evidente, uma vez que um l\u00edder da Igreja compromete a pureza da mesma em casos como este, misturando f\u00e9 com pol\u00edtica da maneira mais perversa poss\u00edvel.<\/p>\n<p>O p\u00falpito n\u00e3o \u00e9 lugar de proselitismo pol\u00edtico-partid\u00e1rio. N\u00e3o se d\u00e1 voz a pol\u00edtico no p\u00falpito do Senhor. O p\u00falpito crist\u00e3o \u00e9 o lugar da prega\u00e7\u00e3o do evangelho!<\/p>\n<p>\u00c9 simplesmente inaceit\u00e1vel que um pastor de uma igreja t\u00e3o hist\u00f3rica se preste a um papel desses. Seja qual for o contexto, se \u00e9 porque um dos membros \u00e9 deputado federal e pediu ajuda, ou ainda que um grupo formado na igreja fizesse uma requisi\u00e7\u00e3o do g\u00eanero ou por qualquer outra raz\u00e3o, \u00e9 altamente descabido o \u201caceite\u201d pastoral e o endosso no espa\u00e7o e no hor\u00e1rio da reuni\u00e3o dos santos. Tal atitude revela uma compreens\u00e3o eclesiol\u00f3gica adoecida pelo esp\u00edrito do tempo.<\/p>\n<p>Em tempos de polariza\u00e7\u00e3o pol\u00edtica e de uma s\u00e9rie de acusa\u00e7\u00f5es por parte de progressistas \u2013 crist\u00e3os ou n\u00e3o \u2013 de que a Igreja como um todo prestou apoio acr\u00edtico e institucional \u00e0 campanha e elei\u00e7\u00e3o do atual presidente, tudo o que n\u00e3o precis\u00e1vamos era de um v\u00eddeo t\u00e3o absurdo como este.<\/p>\n<p>Uma coisa \u00e9 o l\u00edder usar o p\u00falpito para pregar a Palavra e ensinar a Igreja sobre qual \u00e9 a rela\u00e7\u00e3o do crist\u00e3o e a pol\u00edtica, ou se um crist\u00e3o pode assumir cargo eletivo ou coisa do g\u00eanero. O que n\u00e3o pode ser normatizado \u00e9 um pastor que defende a tradi\u00e7\u00e3o protestante ignorar a democracia (que \u00e9 um dos frutos da cosmovis\u00e3o b\u00edblica e reformada) e instrumentalizar o pr\u00f3prio poder eclesi\u00e1stico para fazer pol\u00edtica \u201cem nome de Jesus\u201d, e ainda dizendo que o deputado tem uma \u201cmiss\u00e3o\u201d, como se fosse um mission\u00e1rio transcultural.<\/p>\n<p>Sou crist\u00e3o, de pensamento pol\u00edtico conservador e liberal na economia, contudo n\u00e3o posso aceitar este tipo de postura, ainda mais vindo de um pastor. Como seminarista, aproveito um fato como este para aprender sobre\u00a0<strong>o que n\u00e3o se deve fazer<\/strong>\u00a0no exerc\u00edcio do of\u00edcio pastoral.<\/p>\n<p>Soube que a IPB j\u00e1 se posicionou em suas m\u00eddias sociais, ainda que tardiamente, pois um acontecimento como este, em tempos em que as not\u00edcias correm \u201cfull time\u201d, a resposta b\u00edblica e coerente deve ser dada quase horas depois do v\u00eddeo ter viralizado. E ainda espero algum tipo de atitude para com o pastor, que precisa no m\u00ednimo se arrepender publicamente do pecado verbal que cometeu.<\/p>\n<p>Esperamos que os pastores sejam mais respons\u00e1veis e tementes a Deus. Esperamos que n\u00e3o vilipendiem o p\u00falpito do Senhor e que fa\u00e7am do mesmo um lugar de se pregar Cristo, e este crucificado.<\/p>\n<p>Quer ser pol\u00edtico, pastor Patriota? Filie-se a um partido, fa\u00e7a sua assinatura na constru\u00e7\u00e3o deste que apoias, mas n\u00e3o, n\u00e3o meta a Igreja de Jesus nisso.<\/p>\n<div class=\"pp-box-adunit pp-ad-loading pp-type-outstream\">\n<div class=\"pp-adunit\">\n<div class=\"pp-ad\">\n<div id=\"P_GOSPEL_PRIME_OUTSTREAM04349717906103374\" data-premium=\"\" data-adunit=\"GOSPEL_PRIME_OUTSTREAM\" data-sizes-mobile=\"[[336,280],[300,250]] \" data-sizes-desktop=\"[[336,280],[300,250]]\" data-type=\"outstream\" data-premium-load=\"\" data-fetch=\"true\" data-google-query-id=\"CKvzxszTrecCFcgGuQYdMr4JxA\">\n<div class=\"teads-inread xs-screen\">\n<div>\n<div id=\"teads0\" class=\"teads-player\"><\/div>\n<\/div>\n<\/div>\n<\/div>\n<\/div>\n<\/div>\n<\/div>\n<div class=\"code-block code-block-13\"><\/div>\n<\/div>\n<div id=\"mvp-content-bot\" class=\"left\">\n<div id=\"mvp-author-box-wrap\" class=\"left relative\">\n<div class=\"mvp-author-box-out right relative\">\n<div id=\"mvp-author-box-img\" class=\"left relative\"><img loading=\"lazy\" decoding=\"async\" class=\"avatar avatar-60 wp-user-avatar wp-user-avatar-60 alignnone photo lazyloaded\" src=\"https:\/\/www.gospelprime.com.br\/wp-content\/uploads\/2019\/05\/maycson-rodrigues-1-80x80.jpg\" alt=\"Maycson Rodrigues\" width=\"60\" height=\"60\" data-lazy-src=\"https:\/\/www.gospelprime.com.br\/wp-content\/uploads\/2019\/05\/maycson-rodrigues-1-80x80.jpg\" data-was-processed=\"true\" \/><\/div>\n<div class=\"mvp-author-box-in\">\n<div id=\"mvp-author-box-head\" class=\"left relative\"><span class=\"mvp-author-box-name left relative\"><a title=\"Posts de Maycson Rodrigues\" href=\"https:\/\/www.gospelprime.com.br\/maycson-rodrigues\/\" rel=\"author\">Maycson Rodrigues<\/a><\/span><\/p>\n<div id=\"mvp-author-box-soc-wrap\" class=\"left relative\"><\/div>\n<\/div>\n<\/div>\n<\/div>\n<div id=\"mvp-author-box-text\" class=\"left relative\">\n<p>Casado com Ana Talita, seminarista e colunista no site Gospel Prime. \u00c9 pregador do evangelho, palestrante para fam\u00edlia e casais, compositor, escritor, m\u00fasico, serve no minist\u00e9rio dos adolescentes e dos homens da Bet\u00e2nia Igreja Batista (Sulacap &#8211; RJ) e no minist\u00e9rio paraeclesi\u00e1stico chamado Entre Jovens. Em 2016, publicou um livro intitulado \u201cAos maridos: princ\u00edpios do casamento para quem deseja ouvir\u201d.<\/p>\n<\/div>\n<\/div>\n<\/div>\n<\/div>\n<\/div>\n<div class=\"mvp-blog-story-out relative\">\n<div class=\"mvp-blog-story-in\">\n<div class=\"mvp-blog-story-text left relative\">\n<div class=\"mvp-cat-date-wrap left relative\" style=\"text-align: justify;\"><\/div>\n<\/div>\n<\/div>\n<\/div>\n<\/div>\n<\/div>\n<\/div>\n<\/div>\n","protected":false},"excerpt":{"rendered":"<p>Esperamos que os pastores sejam mais respons\u00e1veis e tementes a Deus. Esperamos que n\u00e3o vilipendiem o p\u00falpito do Senhor e que fa\u00e7am do mesmo um lugar de se pregar Cristo, e este crucificado.<\/p>\n","protected":false},"author":1,"featured_media":6803,"comment_status":"open","ping_status":"open","sticky":false,"template":"","format":"standard","meta":{"_uag_custom_page_level_css":"","_monsterinsights_skip_tracking":false,"_monsterinsights_sitenote_active":false,"_monsterinsights_sitenote_note":"","_monsterinsights_sitenote_category":0,"jetpack_post_was_ever_published":false,"_jetpack_newsletter_access":"","_jetpack_dont_email_post_to_subs":false,"_jetpack_newsletter_tier_id":0,"_jetpack_memberships_contains_paywalled_content":false,"_jetpack_memberships_contains_paid_content":false,"footnotes":"","jetpack_publicize_message":"","jetpack_publicize_feature_enabled":true,"jetpack_social_post_already_shared":true,"jetpack_social_options":{"image_generator_settings":{"template":"highway","default_image_id":0,"font":"","enabled":false},"version":2}},"categories":[200],"tags":[],"class_list":["post-6802","post","type-post","status-publish","format-standard","has-post-thumbnail","hentry","category-brasil"],"jetpack_publicize_connections":[],"jetpack_featured_media_url":"https:\/\/blogopara.com.br\/wp-content\/uploads\/2020\/01\/unnamed.jpg","uagb_featured_image_src":{"full":["https:\/\/blogopara.com.br\/wp-content\/uploads\/2020\/01\/unnamed.jpg",512,280,false],"thumbnail":["https:\/\/blogopara.com.br\/wp-content\/uploads\/2020\/01\/unnamed-150x150.jpg",150,150,true],"medium":["https:\/\/blogopara.com.br\/wp-content\/uploads\/2020\/01\/unnamed-300x164.jpg",300,164,true],"medium_large":["https:\/\/blogopara.com.br\/wp-content\/uploads\/2020\/01\/unnamed.jpg",512,280,false],"large":["https:\/\/blogopara.com.br\/wp-content\/uploads\/2020\/01\/unnamed.jpg",512,280,false],"1536x1536":["https:\/\/blogopara.com.br\/wp-content\/uploads\/2020\/01\/unnamed.jpg",512,280,false],"2048x2048":["https:\/\/blogopara.com.br\/wp-content\/uploads\/2020\/01\/unnamed.jpg",512,280,false],"mantranews-slider-large":["https:\/\/blogopara.com.br\/wp-content\/uploads\/2020\/01\/unnamed.jpg",512,280,false],"mantranews-featured-medium":["https:\/\/blogopara.com.br\/wp-content\/uploads\/2020\/01\/unnamed.jpg",420,230,false],"mantranews-featured-long":["https:\/\/blogopara.com.br\/wp-content\/uploads\/2020\/01\/unnamed.jpg",300,164,false],"mantranews-block-medium":["https:\/\/blogopara.com.br\/wp-content\/uploads\/2020\/01\/unnamed.jpg",464,254,false],"mantranews-carousel-image":["https:\/\/blogopara.com.br\/wp-content\/uploads\/2020\/01\/unnamed.jpg",512,280,false],"mantranews-block-thumb":["https:\/\/blogopara.com.br\/wp-content\/uploads\/2020\/01\/unnamed.jpg",322,176,false],"mantranews-single-large":["https:\/\/blogopara.com.br\/wp-content\/uploads\/2020\/01\/unnamed.jpg",512,280,false]},"uagb_author_info":{"display_name":"Reda\u00e7\u00e3o geral","author_link":"https:\/\/blogopara.com.br\/index.php\/author\/blogopara"},"uagb_comment_info":0,"uagb_excerpt":"Esperamos que os pastores sejam mais respons\u00e1veis e tementes a Deus. Esperamos que n\u00e3o vilipendiem o p\u00falpito do Senhor e que fa\u00e7am do mesmo um lugar de se pregar Cristo, e este crucificado.","jetpack_sharing_enabled":true,"jetpack_likes_enabled":true,"_links":{"self":[{"href":"https:\/\/blogopara.com.br\/index.php\/wp-json\/wp\/v2\/posts\/6802","targetHints":{"allow":["GET"]}}],"collection":[{"href":"https:\/\/blogopara.com.br\/index.php\/wp-json\/wp\/v2\/posts"}],"about":[{"href":"https:\/\/blogopara.com.br\/index.php\/wp-json\/wp\/v2\/types\/post"}],"author":[{"embeddable":true,"href":"https:\/\/blogopara.com.br\/index.php\/wp-json\/wp\/v2\/users\/1"}],"replies":[{"embeddable":true,"href":"https:\/\/blogopara.com.br\/index.php\/wp-json\/wp\/v2\/comments?post=6802"}],"version-history":[{"count":1,"href":"https:\/\/blogopara.com.br\/index.php\/wp-json\/wp\/v2\/posts\/6802\/revisions"}],"predecessor-version":[{"id":6804,"href":"https:\/\/blogopara.com.br\/index.php\/wp-json\/wp\/v2\/posts\/6802\/revisions\/6804"}],"wp:featuredmedia":[{"embeddable":true,"href":"https:\/\/blogopara.com.br\/index.php\/wp-json\/wp\/v2\/media\/6803"}],"wp:attachment":[{"href":"https:\/\/blogopara.com.br\/index.php\/wp-json\/wp\/v2\/media?parent=6802"}],"wp:term":[{"taxonomy":"category","embeddable":true,"href":"https:\/\/blogopara.com.br\/index.php\/wp-json\/wp\/v2\/categories?post=6802"},{"taxonomy":"post_tag","embeddable":true,"href":"https:\/\/blogopara.com.br\/index.php\/wp-json\/wp\/v2\/tags?post=6802"}],"curies":[{"name":"wp","href":"https:\/\/api.w.org\/{rel}","templated":true}]}}