{"id":68144,"date":"2024-09-13T18:27:05","date_gmt":"2024-09-13T21:27:05","guid":{"rendered":"https:\/\/blogopara.com.br\/?p=68144"},"modified":"2024-09-13T18:27:06","modified_gmt":"2024-09-13T21:27:06","slug":"geraldo-junior-e-o-o-candidato-a-prefeito-de-salvador-com-maior-rejeicao-em-todos-os-cenarios-da-pesquisa-p-confira-os-numeros","status":"publish","type":"post","link":"https:\/\/blogopara.com.br\/index.php\/2024\/09\/13\/geraldo-junior-e-o-o-candidato-a-prefeito-de-salvador-com-maior-rejeicao-em-todos-os-cenarios-da-pesquisa-p-confira-os-numeros","title":{"rendered":"Geraldo J\u00fanior \u00e9 o o candidato a prefeito de Salvador com maior rejei\u00e7\u00e3o em todos os cen\u00e1rios da pesquisa P&#038;A\/Pol\u00edtica Livre; confira os n\u00fameros"},"content":{"rendered":"<p style=\"text-align: justify;\">Al\u00e9m de aparecer bem atr\u00e1s do prefeito Bruno Reis (Uni\u00e3o) na disputa eleitoral em Salvador (clique aqui para ver), o vice-governador Geraldo J\u00fanior (MDB) tamb\u00e9m figura como o candidato com a maior rejei\u00e7\u00e3o em todos os cen\u00e1rios levantados pela pesquisa P&amp;A\/<strong>Pol\u00edtica Livre<\/strong>.<\/p>\n<p style=\"text-align: justify;\">No cen\u00e1rio geral, 43,5% dos eleitores entrevistados disseram n\u00e3o votar em Geraldo J\u00fanior em hip\u00f3tese alguma. O segundo mais rejeitado \u00e9 Kleber Rosa, do PSOL, com 23%. Entre os tr\u00eas principais nomes da disputa, Bruno Reis \u00e9 o que tem a menor rejei\u00e7\u00e3o, com 14,9%.<\/p>\n<p style=\"text-align: justify;\">A lista \u00e9 completada por Eslane Paix\u00e3o (UP), com 21,8%, Victor Marinho (PSTU), com 21,3%, Giovani Damico (PCB), com 20,8% e Silvano Alves (PCO), com 0,5%. Outros 10,7% n\u00e3o souberam responder e 23,7% responderam n\u00e3o rejeitar nenhum postulante. A soma dos percentuais supera 100% porque os entrevistados deram m\u00faltiplas respostas.<\/p>\n<p style=\"text-align: justify;\">No publico segmentado, a rejei\u00e7\u00e3o a Geraldo J\u00fanior \u00e9 maior entre os eleitores que ganham acima de 20 sal\u00e1rios m\u00ednimos (75%). Entretanto, o emedebista \u00e9 o mais rejeitado tamb\u00e9m entre aqueles que ganham at\u00e9 um sal\u00e1rio m\u00ednimo (31,5%).<\/p>\n<p style=\"text-align: justify;\">Geraldo J\u00fanior tamb\u00e9m \u00e9 o mais rejeitado entre os homens (46,4%) e as mulheres (41,2%) e em todos os segmentos religiosos \u2013 nesse caso, o percentual maior \u00e9 entre os esp\u00edritas, com 61,5%.<\/p>\n<p style=\"text-align: justify;\">O emedebista segue liderando entre os que n\u00e3o votariam nele de jeito que se declararam brancos (43,4%), pardos (42,4%) e negro (44,5%), e aqueles que moram nas regi\u00f5es da cidade divididas pelas Prefeituras-Bairro \u2013 nesse caso, a rejei\u00e7\u00e3o \u00e9 maior na \u00e1rea de abrang\u00eancia da unidade da Pituba\/Barra (50%).<\/p>\n<p style=\"text-align: justify;\">\n","protected":false},"excerpt":{"rendered":"<p>Al\u00e9m de aparecer bem atr\u00e1s do prefeito Bruno Reis (Uni\u00e3o) na disputa eleitoral em Salvador (clique aqui para ver), o vice-governador Geraldo J\u00fanior (MDB) tamb\u00e9m figura como o candidato com a maior rejei\u00e7\u00e3o em todos os cen\u00e1rios levantados pela pesquisa P&amp;A\/Pol\u00edtica Livre. No cen\u00e1rio geral, 43,5% dos eleitores entrevistados disseram n\u00e3o votar em Geraldo J\u00fanior [&hellip;]<\/p>\n","protected":false},"author":1,"featured_media":52147,"comment_status":"open","ping_status":"open","sticky":false,"template":"","format":"standard","meta":{"_uag_custom_page_level_css":"","_monsterinsights_skip_tracking":false,"_monsterinsights_sitenote_active":false,"_monsterinsights_sitenote_note":"","_monsterinsights_sitenote_category":0,"jetpack_post_was_ever_published":false,"_jetpack_newsletter_access":"","_jetpack_dont_email_post_to_subs":false,"_jetpack_newsletter_tier_id":0,"_jetpack_memberships_contains_paywalled_content":false,"_jetpack_memberships_contains_paid_content":false,"footnotes":"","jetpack_publicize_message":"","jetpack_publicize_feature_enabled":true,"jetpack_social_post_already_shared":true,"jetpack_social_options":{"image_generator_settings":{"template":"highway","default_image_id":0,"font":"","enabled":false},"version":2}},"categories":[199],"tags":[],"class_list":["post-68144","post","type-post","status-publish","format-standard","has-post-thumbnail","hentry","category-bahia"],"jetpack_publicize_connections":[],"jetpack_featured_media_url":"https:\/\/blogopara.com.br\/wp-content\/uploads\/2023\/05\/geraldo_junior.jpeg","uagb_featured_image_src":{"full":["https:\/\/blogopara.com.br\/wp-content\/uploads\/2023\/05\/geraldo_junior.jpeg",500,333,false],"thumbnail":["https:\/\/blogopara.com.br\/wp-content\/uploads\/2023\/05\/geraldo_junior-150x150.jpeg",150,150,true],"medium":["https:\/\/blogopara.com.br\/wp-content\/uploads\/2023\/05\/geraldo_junior-300x200.jpeg",300,200,true],"medium_large":["https:\/\/blogopara.com.br\/wp-content\/uploads\/2023\/05\/geraldo_junior.jpeg",500,333,false],"large":["https:\/\/blogopara.com.br\/wp-content\/uploads\/2023\/05\/geraldo_junior.jpeg",500,333,false],"1536x1536":["https:\/\/blogopara.com.br\/wp-content\/uploads\/2023\/05\/geraldo_junior.jpeg",500,333,false],"2048x2048":["https:\/\/blogopara.com.br\/wp-content\/uploads\/2023\/05\/geraldo_junior.jpeg",500,333,false],"mantranews-slider-large":["https:\/\/blogopara.com.br\/wp-content\/uploads\/2023\/05\/geraldo_junior.jpeg",500,333,false],"mantranews-featured-medium":["https:\/\/blogopara.com.br\/wp-content\/uploads\/2023\/05\/geraldo_junior-420x307.jpeg",420,307,true],"mantranews-featured-long":["https:\/\/blogopara.com.br\/wp-content\/uploads\/2023\/05\/geraldo_junior-300x333.jpeg",300,333,true],"mantranews-block-medium":["https:\/\/blogopara.com.br\/wp-content\/uploads\/2023\/05\/geraldo_junior-464x290.jpeg",464,290,true],"mantranews-carousel-image":["https:\/\/blogopara.com.br\/wp-content\/uploads\/2023\/05\/geraldo_junior.jpeg",500,333,false],"mantranews-block-thumb":["https:\/\/blogopara.com.br\/wp-content\/uploads\/2023\/05\/geraldo_junior-322x230.jpeg",322,230,true],"mantranews-single-large":["https:\/\/blogopara.com.br\/wp-content\/uploads\/2023\/05\/geraldo_junior.jpeg",500,333,false]},"uagb_author_info":{"display_name":"Reda\u00e7\u00e3o geral","author_link":"https:\/\/blogopara.com.br\/index.php\/author\/blogopara"},"uagb_comment_info":0,"uagb_excerpt":"Al\u00e9m de aparecer bem atr\u00e1s do prefeito Bruno Reis (Uni\u00e3o) na disputa eleitoral em Salvador (clique aqui para ver), o vice-governador Geraldo J\u00fanior (MDB) tamb\u00e9m figura como o candidato com a maior rejei\u00e7\u00e3o em todos os cen\u00e1rios levantados pela pesquisa P&amp;A\/Pol\u00edtica Livre. No cen\u00e1rio geral, 43,5% dos eleitores entrevistados disseram n\u00e3o votar em Geraldo J\u00fanior&hellip;","jetpack_sharing_enabled":true,"jetpack_likes_enabled":true,"_links":{"self":[{"href":"https:\/\/blogopara.com.br\/index.php\/wp-json\/wp\/v2\/posts\/68144","targetHints":{"allow":["GET"]}}],"collection":[{"href":"https:\/\/blogopara.com.br\/index.php\/wp-json\/wp\/v2\/posts"}],"about":[{"href":"https:\/\/blogopara.com.br\/index.php\/wp-json\/wp\/v2\/types\/post"}],"author":[{"embeddable":true,"href":"https:\/\/blogopara.com.br\/index.php\/wp-json\/wp\/v2\/users\/1"}],"replies":[{"embeddable":true,"href":"https:\/\/blogopara.com.br\/index.php\/wp-json\/wp\/v2\/comments?post=68144"}],"version-history":[{"count":1,"href":"https:\/\/blogopara.com.br\/index.php\/wp-json\/wp\/v2\/posts\/68144\/revisions"}],"predecessor-version":[{"id":68145,"href":"https:\/\/blogopara.com.br\/index.php\/wp-json\/wp\/v2\/posts\/68144\/revisions\/68145"}],"wp:featuredmedia":[{"embeddable":true,"href":"https:\/\/blogopara.com.br\/index.php\/wp-json\/wp\/v2\/media\/52147"}],"wp:attachment":[{"href":"https:\/\/blogopara.com.br\/index.php\/wp-json\/wp\/v2\/media?parent=68144"}],"wp:term":[{"taxonomy":"category","embeddable":true,"href":"https:\/\/blogopara.com.br\/index.php\/wp-json\/wp\/v2\/categories?post=68144"},{"taxonomy":"post_tag","embeddable":true,"href":"https:\/\/blogopara.com.br\/index.php\/wp-json\/wp\/v2\/tags?post=68144"}],"curies":[{"name":"wp","href":"https:\/\/api.w.org\/{rel}","templated":true}]}}