{"id":6824,"date":"2020-01-31T17:22:19","date_gmt":"2020-01-31T20:22:19","guid":{"rendered":"http:\/\/blogopara.com.br\/?p=6824"},"modified":"2020-01-31T17:22:27","modified_gmt":"2020-01-31T20:22:27","slug":"juazeiro-cidadao-denuncia-o-pessimo-atendimento-na-upa","status":"publish","type":"post","link":"https:\/\/blogopara.com.br\/index.php\/2020\/01\/31\/juazeiro-cidadao-denuncia-o-pessimo-atendimento-na-upa","title":{"rendered":"Juazeiro: Cidad\u00e3o den\u00fancia o p\u00e9ssimo atendimento na UPA"},"content":{"rendered":"<p style=\"text-align: justify;\">Usu\u00e1rios da UPA \u2013 Unidade de Pronto Atendimento reclamam das p\u00e9ssimas condi\u00e7\u00f5es de atendimento, que n\u00e3o tem nada de Pronto. Segundo a den\u00fancia os acompanhantes dos pacientes que buscam atendimento na UPA em Juazeiro, est\u00e3o sendo impedidos de aguardar na sala de recep\u00e7\u00e3o da unidade, como acontecia anteriormente.<\/p>\n<p style=\"text-align: justify;\">Eles aguardam do lado de fora da unidade, onde n\u00e3o existe a menor estrutura, e a humaniza\u00e7\u00e3o passa longe. Sem nenhuma acomoda\u00e7\u00e3o, sob o sol quente, ou chuva, relento, sem acesso a banheiro ou a um bebedouro, os acompanhantes ficam horas \u00e0 espera dos pacientes. \u201cA maioria fica em p\u00e9 ou se senta no ch\u00e3o, arriscando pegar uma doen\u00e7a, no ch\u00e3o onde se cospe, onde se pisa e tem bact\u00e9rias. \u00c9 um desrespeito muito grande com o povo que precisa do SUS\u201d.<\/p>\n<blockquote>\n<h4><span style=\"color: #ff0000;\">Lado de fora da UPA agora! Pais e parentes t\u00eam que aguardar horas de p\u00e9, no morma\u00e7o do sol, sem bebedouro pra matar a sede e muito menos banheiro.<\/span><\/h4>\n<\/blockquote>\n<p style=\"text-align: justify;\">Um usu\u00e1rio que n\u00e3o quis se identificar, indignado com a secretaria de sa\u00fade que implantou esse sistema desumano para os acompanhantes. \u201cSugerimos que a secretaria compreenda que esta mudan\u00e7a foi um erro, e considere a possibilidade de voltar atr\u00e1s at\u00e9 que seja oferecida uma estrutura adequada, humanizada, com o m\u00ednimo de conforto e respeito aos usu\u00e1rios do sistema p\u00fablico de sa\u00fade\u201d.<\/p>\n<p style=\"text-align: justify;\">Segundo ele, a sua filha de 08 anos precisou fazer um raio X e um sumario de urina, levou mais de 12 horas para receber o resultado: \u201cFoi feito um raio X, em minha filha \u00e0s 06 da tarde, depois coletado o sum\u00e1rio de urina j\u00e1 era mais de 20h da noite. E s\u00f3 quase 22h depois de ficar nos corredores procurando as enfermeiras que estavam em outras salas. Foi que uma senhora veio fazer a coleta de sangue pra dar continuidade aos exames da minha filha\u201d.<\/p>\n<p style=\"text-align: justify;\">Ele finaliza com um pedido: \u201cS\u00f3 queria pedir mais agilidade no atendimento esperamos 12 horas de exames simples. Sendo que minha filha estava sentindo fortes dores no abd\u00f4men e na nuca\u201d, finalizou indignado.<\/p>\n<p>Confira um v\u00eddeo feito no local:<\/p>\n<div style=\"width: 352px;\" class=\"wp-video\"><!--[if lt IE 9]><script>document.createElement('video');<\/script><![endif]-->\n<video class=\"wp-video-shortcode\" id=\"video-6824-1\" width=\"352\" height=\"640\" preload=\"metadata\" controls=\"controls\"><source type=\"video\/mp4\" src=\"https:\/\/blogopara.com.br\/wp-content\/uploads\/2020\/01\/WhatsApp-Video-2020-01-28-at-12.21.44.mp4?_=1\" \/><a href=\"https:\/\/blogopara.com.br\/wp-content\/uploads\/2020\/01\/WhatsApp-Video-2020-01-28-at-12.21.44.mp4\">https:\/\/blogopara.com.br\/wp-content\/uploads\/2020\/01\/WhatsApp-Video-2020-01-28-at-12.21.44.mp4<\/a><\/video><\/div>\n","protected":false},"excerpt":{"rendered":"<p>N\u00e3o seria o correto adotar a mudan\u00e7a apenas quando este abrigo fosse constru\u00eddo? Qual a previs\u00e3o para que ele seja disponibilizado? Como realizam mudan\u00e7as, sem oferecer a estrutura necess\u00e1ria?<\/p>\n","protected":false},"author":1,"featured_media":6825,"comment_status":"open","ping_status":"open","sticky":false,"template":"","format":"standard","meta":{"_uag_custom_page_level_css":"","_monsterinsights_skip_tracking":false,"_monsterinsights_sitenote_active":false,"_monsterinsights_sitenote_note":"","_monsterinsights_sitenote_category":0,"jetpack_post_was_ever_published":false,"_jetpack_newsletter_access":"","_jetpack_dont_email_post_to_subs":false,"_jetpack_newsletter_tier_id":0,"_jetpack_memberships_contains_paywalled_content":false,"_jetpack_memberships_contains_paid_content":false,"footnotes":"","jetpack_publicize_message":"","jetpack_publicize_feature_enabled":true,"jetpack_social_post_already_shared":true,"jetpack_social_options":{"image_generator_settings":{"template":"highway","default_image_id":0,"font":"","enabled":false},"version":2}},"categories":[203],"tags":[],"class_list":["post-6824","post","type-post","status-publish","format-standard","has-post-thumbnail","hentry","category-juazeiro"],"jetpack_publicize_connections":[],"jetpack_featured_media_url":"https:\/\/blogopara.com.br\/wp-content\/uploads\/2020\/01\/Boas-Festas-Que-o-Natal-seja-festejado-em-paz-e-harmonia-e-o-Ano-Novo-recebido-com-muita-alegria.-Feliz-2020-8.jpg","uagb_featured_image_src":{"full":["https:\/\/blogopara.com.br\/wp-content\/uploads\/2020\/01\/Boas-Festas-Que-o-Natal-seja-festejado-em-paz-e-harmonia-e-o-Ano-Novo-recebido-com-muita-alegria.-Feliz-2020-8.jpg",500,500,false],"thumbnail":["https:\/\/blogopara.com.br\/wp-content\/uploads\/2020\/01\/Boas-Festas-Que-o-Natal-seja-festejado-em-paz-e-harmonia-e-o-Ano-Novo-recebido-com-muita-alegria.-Feliz-2020-8-150x150.jpg",150,150,true],"medium":["https:\/\/blogopara.com.br\/wp-content\/uploads\/2020\/01\/Boas-Festas-Que-o-Natal-seja-festejado-em-paz-e-harmonia-e-o-Ano-Novo-recebido-com-muita-alegria.-Feliz-2020-8-300x300.jpg",300,300,true],"medium_large":["https:\/\/blogopara.com.br\/wp-content\/uploads\/2020\/01\/Boas-Festas-Que-o-Natal-seja-festejado-em-paz-e-harmonia-e-o-Ano-Novo-recebido-com-muita-alegria.-Feliz-2020-8.jpg",500,500,false],"large":["https:\/\/blogopara.com.br\/wp-content\/uploads\/2020\/01\/Boas-Festas-Que-o-Natal-seja-festejado-em-paz-e-harmonia-e-o-Ano-Novo-recebido-com-muita-alegria.-Feliz-2020-8.jpg",500,500,false],"1536x1536":["https:\/\/blogopara.com.br\/wp-content\/uploads\/2020\/01\/Boas-Festas-Que-o-Natal-seja-festejado-em-paz-e-harmonia-e-o-Ano-Novo-recebido-com-muita-alegria.-Feliz-2020-8.jpg",500,500,false],"2048x2048":["https:\/\/blogopara.com.br\/wp-content\/uploads\/2020\/01\/Boas-Festas-Que-o-Natal-seja-festejado-em-paz-e-harmonia-e-o-Ano-Novo-recebido-com-muita-alegria.-Feliz-2020-8.jpg",500,500,false],"mantranews-slider-large":["https:\/\/blogopara.com.br\/wp-content\/uploads\/2020\/01\/Boas-Festas-Que-o-Natal-seja-festejado-em-paz-e-harmonia-e-o-Ano-Novo-recebido-com-muita-alegria.-Feliz-2020-8.jpg",500,500,false],"mantranews-featured-medium":["https:\/\/blogopara.com.br\/wp-content\/uploads\/2020\/01\/Boas-Festas-Que-o-Natal-seja-festejado-em-paz-e-harmonia-e-o-Ano-Novo-recebido-com-muita-alegria.-Feliz-2020-8.jpg",307,307,false],"mantranews-featured-long":["https:\/\/blogopara.com.br\/wp-content\/uploads\/2020\/01\/Boas-Festas-Que-o-Natal-seja-festejado-em-paz-e-harmonia-e-o-Ano-Novo-recebido-com-muita-alegria.-Feliz-2020-8.jpg",300,300,false],"mantranews-block-medium":["https:\/\/blogopara.com.br\/wp-content\/uploads\/2020\/01\/Boas-Festas-Que-o-Natal-seja-festejado-em-paz-e-harmonia-e-o-Ano-Novo-recebido-com-muita-alegria.-Feliz-2020-8.jpg",290,290,false],"mantranews-carousel-image":["https:\/\/blogopara.com.br\/wp-content\/uploads\/2020\/01\/Boas-Festas-Que-o-Natal-seja-festejado-em-paz-e-harmonia-e-o-Ano-Novo-recebido-com-muita-alegria.-Feliz-2020-8.jpg",500,500,false],"mantranews-block-thumb":["https:\/\/blogopara.com.br\/wp-content\/uploads\/2020\/01\/Boas-Festas-Que-o-Natal-seja-festejado-em-paz-e-harmonia-e-o-Ano-Novo-recebido-com-muita-alegria.-Feliz-2020-8.jpg",230,230,false],"mantranews-single-large":["https:\/\/blogopara.com.br\/wp-content\/uploads\/2020\/01\/Boas-Festas-Que-o-Natal-seja-festejado-em-paz-e-harmonia-e-o-Ano-Novo-recebido-com-muita-alegria.-Feliz-2020-8.jpg",500,500,false]},"uagb_author_info":{"display_name":"Reda\u00e7\u00e3o geral","author_link":"https:\/\/blogopara.com.br\/index.php\/author\/blogopara"},"uagb_comment_info":1,"uagb_excerpt":"N\u00e3o seria o correto adotar a mudan\u00e7a apenas quando este abrigo fosse constru\u00eddo? Qual a previs\u00e3o para que ele seja disponibilizado? Como realizam mudan\u00e7as, sem oferecer a estrutura necess\u00e1ria?","jetpack_sharing_enabled":true,"jetpack_likes_enabled":true,"_links":{"self":[{"href":"https:\/\/blogopara.com.br\/index.php\/wp-json\/wp\/v2\/posts\/6824","targetHints":{"allow":["GET"]}}],"collection":[{"href":"https:\/\/blogopara.com.br\/index.php\/wp-json\/wp\/v2\/posts"}],"about":[{"href":"https:\/\/blogopara.com.br\/index.php\/wp-json\/wp\/v2\/types\/post"}],"author":[{"embeddable":true,"href":"https:\/\/blogopara.com.br\/index.php\/wp-json\/wp\/v2\/users\/1"}],"replies":[{"embeddable":true,"href":"https:\/\/blogopara.com.br\/index.php\/wp-json\/wp\/v2\/comments?post=6824"}],"version-history":[{"count":1,"href":"https:\/\/blogopara.com.br\/index.php\/wp-json\/wp\/v2\/posts\/6824\/revisions"}],"predecessor-version":[{"id":6827,"href":"https:\/\/blogopara.com.br\/index.php\/wp-json\/wp\/v2\/posts\/6824\/revisions\/6827"}],"wp:featuredmedia":[{"embeddable":true,"href":"https:\/\/blogopara.com.br\/index.php\/wp-json\/wp\/v2\/media\/6825"}],"wp:attachment":[{"href":"https:\/\/blogopara.com.br\/index.php\/wp-json\/wp\/v2\/media?parent=6824"}],"wp:term":[{"taxonomy":"category","embeddable":true,"href":"https:\/\/blogopara.com.br\/index.php\/wp-json\/wp\/v2\/categories?post=6824"},{"taxonomy":"post_tag","embeddable":true,"href":"https:\/\/blogopara.com.br\/index.php\/wp-json\/wp\/v2\/tags?post=6824"}],"curies":[{"name":"wp","href":"https:\/\/api.w.org\/{rel}","templated":true}]}}