{"id":68315,"date":"2024-09-22T13:23:08","date_gmt":"2024-09-22T16:23:08","guid":{"rendered":"https:\/\/blogopara.com.br\/?p=68315"},"modified":"2024-09-22T13:23:11","modified_gmt":"2024-09-22T16:23:11","slug":"lula-diz-que-mundo-caminha-para-fracasso-coletivo-e-pede-reforma-da-onu","status":"publish","type":"post","link":"https:\/\/blogopara.com.br\/index.php\/2024\/09\/22\/lula-diz-que-mundo-caminha-para-fracasso-coletivo-e-pede-reforma-da-onu","title":{"rendered":"Lula diz que mundo caminha para \u2018fracasso coletivo\u2019 e pede reforma da ONU"},"content":{"rendered":"<p style=\"text-align: justify;\">O presidente Lula (PT) disse neste domingo (22) que o atual ritmo de implementa\u00e7\u00e3o das metas de desenvolvimento sustent\u00e1vel acordadas pela ONU caminha para ser um fracasso coletivo.<\/p>\n<p style=\"text-align: justify;\">O brasileiro fez um breve discurso em Nova York na C\u00fapula do Futuro, iniciativa lan\u00e7ada pelo secret\u00e1rio-geral da ONU, Ant\u00f3nio Guterres, para tentar costurar compromissos dos governos em \u00e1reas como clima, intelig\u00eancia artificial e governan\u00e7a global.<\/p>\n<p style=\"text-align: justify;\">Em sua fala, Lula defendeu a reestrutura\u00e7\u00e3o dos principais \u00f3rg\u00e3os multilaterais da atualidade para que eles reflitam a import\u00e2ncia do autodenominado Sul Global, termo n\u00e3o oficial usado para se referir a na\u00e7\u00f5es em desenvolvimento.<\/p>\n<p style=\"text-align: justify;\">Com o tempo rigidamente cronometrado, o microfone de Lula foi desligado quando ele excedeu os cinco minutos a que tinha direito. Ele continuou discursando at\u00e9 concluir a leitura de seu pronunciamento.<\/p>\n<p style=\"text-align: justify;\">\u201cVoltar atr\u00e1s em nossos compromissos \u00e9 colocar em xeque tudo o que constru\u00edmos t\u00e3o arduamente. Os Objetivos de Desenvolvimento Sustent\u00e1vel foram o maior empreendimento diplom\u00e1tico dos \u00faltimos anos e caminham para se tornar nosso maior fracasso coletivo. No ritmo atual de implementa\u00e7\u00e3o, apenas 17% das metas da Agenda 2030 ser\u00e3o atingidas dentro do prazo\u201d, disse o presidente brasileiro, em refer\u00eancia \u00e0s 17 metas para promover a sustentabilidade, erradicar a pobreza e proteger o planeta at\u00e9 o final da d\u00e9cada.<\/p>\n<p style=\"text-align: justify;\">Lula tamb\u00e9m afirmou que as a\u00e7\u00f5es atuais para o combate ao aquecimento global s\u00e3o insuficientes. \u201cNa COP28 [nos Emirados \u00c1rabes Unidos], o mundo realizou um balan\u00e7o global da implementa\u00e7\u00e3o das metas do Acordo de Paris. Os n\u00edveis atuais de redu\u00e7\u00e3o de emiss\u00f5es de gases do efeito estufa e financiamento clim\u00e1tico s\u00e3o insuficientes para manter o planeta seguro\u201d, disse.<\/p>\n<p style=\"text-align: justify;\">O presidente brasileiro tamb\u00e9m usou a parte final de seu pronunciamento para defender a reformula\u00e7\u00e3o do sistema ONU e das institui\u00e7\u00f5es financeiras internacionais, para atender as demandas dos pa\u00edses em desenvolvimento.<\/p>\n<p style=\"text-align: justify;\">\u201cA maioria dos \u00f3rg\u00e3os carece de autoridade e meios de implementa\u00e7\u00e3o para fazer cumprir suas decis\u00f5es. A Assembleia-Geral [da ONU] perdeu sua vitalidade, e o Conselho Econ\u00f4mico e Social foi esvaziado. A legitimidade do Conselho de Seguran\u00e7a encolhe a cada vez que ele aplica duplos padr\u00f5es ou se omite diante de atrocidades\u201d, declarou.<\/p>\n<p style=\"text-align: justify;\">\u201cAs institui\u00e7\u00f5es de Bretton Woods desconsideram as prioridades e as necessidades do mundo em desenvolvimento. O Sul Global n\u00e3o est\u00e1 representado de forma condizente com seu atual peso pol\u00edtico, econ\u00f4mico e demogr\u00e1fico\u201d, acrescentou.<\/p>\n<p style=\"text-align: justify;\">\n<p style=\"text-align: justify;\"><span class=\"assinatura_exclusiva\">Ricardo Della Coletta, Folhapress<\/span><\/p>\n","protected":false},"excerpt":{"rendered":"<p>O presidente Lula (PT) disse neste domingo (22) que o atual ritmo de implementa\u00e7\u00e3o das metas de desenvolvimento sustent\u00e1vel acordadas pela ONU caminha para ser um fracasso coletivo. O brasileiro fez um breve discurso em Nova York na C\u00fapula do Futuro, iniciativa lan\u00e7ada pelo secret\u00e1rio-geral da ONU, Ant\u00f3nio Guterres, para tentar costurar compromissos dos governos [&hellip;]<\/p>\n","protected":false},"author":1,"featured_media":51503,"comment_status":"open","ping_status":"open","sticky":false,"template":"","format":"standard","meta":{"_uag_custom_page_level_css":"","_monsterinsights_skip_tracking":false,"_monsterinsights_sitenote_active":false,"_monsterinsights_sitenote_note":"","_monsterinsights_sitenote_category":0,"jetpack_post_was_ever_published":false,"_jetpack_newsletter_access":"","_jetpack_dont_email_post_to_subs":false,"_jetpack_newsletter_tier_id":0,"_jetpack_memberships_contains_paywalled_content":false,"_jetpack_memberships_contains_paid_content":false,"footnotes":"","jetpack_publicize_message":"","jetpack_publicize_feature_enabled":true,"jetpack_social_post_already_shared":true,"jetpack_social_options":{"image_generator_settings":{"template":"highway","default_image_id":0,"font":"","enabled":false},"version":2}},"categories":[200],"tags":[],"class_list":["post-68315","post","type-post","status-publish","format-standard","has-post-thumbnail","hentry","category-brasil"],"jetpack_publicize_connections":[],"jetpack_featured_media_url":"https:\/\/blogopara.com.br\/wp-content\/uploads\/2023\/04\/lulaalkimimeRui.jpg","uagb_featured_image_src":{"full":["https:\/\/blogopara.com.br\/wp-content\/uploads\/2023\/04\/lulaalkimimeRui.jpg",500,299,false],"thumbnail":["https:\/\/blogopara.com.br\/wp-content\/uploads\/2023\/04\/lulaalkimimeRui-150x150.jpg",150,150,true],"medium":["https:\/\/blogopara.com.br\/wp-content\/uploads\/2023\/04\/lulaalkimimeRui-300x179.jpg",300,179,true],"medium_large":["https:\/\/blogopara.com.br\/wp-content\/uploads\/2023\/04\/lulaalkimimeRui.jpg",500,299,false],"large":["https:\/\/blogopara.com.br\/wp-content\/uploads\/2023\/04\/lulaalkimimeRui.jpg",500,299,false],"1536x1536":["https:\/\/blogopara.com.br\/wp-content\/uploads\/2023\/04\/lulaalkimimeRui.jpg",500,299,false],"2048x2048":["https:\/\/blogopara.com.br\/wp-content\/uploads\/2023\/04\/lulaalkimimeRui.jpg",500,299,false],"mantranews-slider-large":["https:\/\/blogopara.com.br\/wp-content\/uploads\/2023\/04\/lulaalkimimeRui.jpg",500,299,false],"mantranews-featured-medium":["https:\/\/blogopara.com.br\/wp-content\/uploads\/2023\/04\/lulaalkimimeRui-420x299.jpg",420,299,true],"mantranews-featured-long":["https:\/\/blogopara.com.br\/wp-content\/uploads\/2023\/04\/lulaalkimimeRui-300x299.jpg",300,299,true],"mantranews-block-medium":["https:\/\/blogopara.com.br\/wp-content\/uploads\/2023\/04\/lulaalkimimeRui-464x290.jpg",464,290,true],"mantranews-carousel-image":["https:\/\/blogopara.com.br\/wp-content\/uploads\/2023\/04\/lulaalkimimeRui.jpg",500,299,false],"mantranews-block-thumb":["https:\/\/blogopara.com.br\/wp-content\/uploads\/2023\/04\/lulaalkimimeRui-322x230.jpg",322,230,true],"mantranews-single-large":["https:\/\/blogopara.com.br\/wp-content\/uploads\/2023\/04\/lulaalkimimeRui.jpg",500,299,false]},"uagb_author_info":{"display_name":"Reda\u00e7\u00e3o geral","author_link":"https:\/\/blogopara.com.br\/index.php\/author\/blogopara"},"uagb_comment_info":0,"uagb_excerpt":"O presidente Lula (PT) disse neste domingo (22) que o atual ritmo de implementa\u00e7\u00e3o das metas de desenvolvimento sustent\u00e1vel acordadas pela ONU caminha para ser um fracasso coletivo. O brasileiro fez um breve discurso em Nova York na C\u00fapula do Futuro, iniciativa lan\u00e7ada pelo secret\u00e1rio-geral da ONU, Ant\u00f3nio Guterres, para tentar costurar compromissos dos governos&hellip;","jetpack_sharing_enabled":true,"jetpack_likes_enabled":true,"_links":{"self":[{"href":"https:\/\/blogopara.com.br\/index.php\/wp-json\/wp\/v2\/posts\/68315","targetHints":{"allow":["GET"]}}],"collection":[{"href":"https:\/\/blogopara.com.br\/index.php\/wp-json\/wp\/v2\/posts"}],"about":[{"href":"https:\/\/blogopara.com.br\/index.php\/wp-json\/wp\/v2\/types\/post"}],"author":[{"embeddable":true,"href":"https:\/\/blogopara.com.br\/index.php\/wp-json\/wp\/v2\/users\/1"}],"replies":[{"embeddable":true,"href":"https:\/\/blogopara.com.br\/index.php\/wp-json\/wp\/v2\/comments?post=68315"}],"version-history":[{"count":1,"href":"https:\/\/blogopara.com.br\/index.php\/wp-json\/wp\/v2\/posts\/68315\/revisions"}],"predecessor-version":[{"id":68316,"href":"https:\/\/blogopara.com.br\/index.php\/wp-json\/wp\/v2\/posts\/68315\/revisions\/68316"}],"wp:featuredmedia":[{"embeddable":true,"href":"https:\/\/blogopara.com.br\/index.php\/wp-json\/wp\/v2\/media\/51503"}],"wp:attachment":[{"href":"https:\/\/blogopara.com.br\/index.php\/wp-json\/wp\/v2\/media?parent=68315"}],"wp:term":[{"taxonomy":"category","embeddable":true,"href":"https:\/\/blogopara.com.br\/index.php\/wp-json\/wp\/v2\/categories?post=68315"},{"taxonomy":"post_tag","embeddable":true,"href":"https:\/\/blogopara.com.br\/index.php\/wp-json\/wp\/v2\/tags?post=68315"}],"curies":[{"name":"wp","href":"https:\/\/api.w.org\/{rel}","templated":true}]}}