{"id":68323,"date":"2024-09-22T22:23:04","date_gmt":"2024-09-23T01:23:04","guid":{"rendered":"https:\/\/blogopara.com.br\/?p=68323"},"modified":"2024-09-22T22:23:08","modified_gmt":"2024-09-23T01:23:08","slug":"governo-federal-prepara-projeto-para-banir-o-celular-nas-escolas","status":"publish","type":"post","link":"https:\/\/blogopara.com.br\/index.php\/2024\/09\/22\/governo-federal-prepara-projeto-para-banir-o-celular-nas-escolas","title":{"rendered":"Governo Federal prepara projeto para banir o celular nas escolas"},"content":{"rendered":"<p style=\"text-align: justify;\">O Minist\u00e9rio da Educa\u00e7\u00e3o est\u00e1 preparando um projeto de lei visando proibir o uso de celulares em escolas p\u00fablicas e particulares. A medida, que deve ser divulgada em outubro, visa conter o excesso de telas na inf\u00e2ncia e na adolesc\u00eancia.<\/p>\n<p style=\"text-align: justify;\">\u201cN\u00f3s estamos trabalhando na elabora\u00e7\u00e3o de um projeto de lei porque, na nossa avalia\u00e7\u00e3o, uma \u2018recomenda\u00e7\u00e3o\u2019 seria muito fr\u00e1gil\u201d, afirmou o ministro da Educa\u00e7\u00e3o, Camilo Santana, \u00e0 Folha de S. Paulo.<\/p>\n<p style=\"text-align: justify;\">Segundo o ministro, estudos comprovam que o banimento dos aparelhos tem impactos positivos nos desempenhos dos estudantes. \u201cNosso objetivo \u00e9 oferecer \u00e0s redes de ensino seguran\u00e7a jur\u00eddica para poderem implementar as a\u00e7\u00f5es que estudos internacionais j\u00e1 apontam como mais efetivas, no sentido do banimento total\u201d, completou.<\/p>\n<p style=\"text-align: justify;\">\n<p style=\"text-align: justify;\">Bahia Not\u00edcias\/Foto: Divulga\u00e7\u00e3o\/MEC<\/p>\n","protected":false},"excerpt":{"rendered":"<p>O Minist\u00e9rio da Educa\u00e7\u00e3o est\u00e1 preparando um projeto de lei visando proibir o uso de celulares em escolas p\u00fablicas e particulares. A medida, que deve ser divulgada em outubro, visa conter o excesso de telas na inf\u00e2ncia e na adolesc\u00eancia. \u201cN\u00f3s estamos trabalhando na elabora\u00e7\u00e3o de um projeto de lei porque, na nossa avalia\u00e7\u00e3o, uma [&hellip;]<\/p>\n","protected":false},"author":1,"featured_media":11967,"comment_status":"open","ping_status":"open","sticky":false,"template":"","format":"standard","meta":{"_uag_custom_page_level_css":"","_monsterinsights_skip_tracking":false,"_monsterinsights_sitenote_active":false,"_monsterinsights_sitenote_note":"","_monsterinsights_sitenote_category":0,"jetpack_post_was_ever_published":false,"_jetpack_newsletter_access":"","_jetpack_dont_email_post_to_subs":false,"_jetpack_newsletter_tier_id":0,"_jetpack_memberships_contains_paywalled_content":false,"_jetpack_memberships_contains_paid_content":false,"footnotes":"","jetpack_publicize_message":"","jetpack_publicize_feature_enabled":true,"jetpack_social_post_already_shared":true,"jetpack_social_options":{"image_generator_settings":{"template":"highway","default_image_id":0,"font":"","enabled":false},"version":2}},"categories":[200],"tags":[],"class_list":["post-68323","post","type-post","status-publish","format-standard","has-post-thumbnail","hentry","category-brasil"],"jetpack_publicize_connections":[],"jetpack_featured_media_url":"https:\/\/blogopara.com.br\/wp-content\/uploads\/2020\/06\/celulares.jpg","uagb_featured_image_src":{"full":["https:\/\/blogopara.com.br\/wp-content\/uploads\/2020\/06\/celulares.jpg",500,313,false],"thumbnail":["https:\/\/blogopara.com.br\/wp-content\/uploads\/2020\/06\/celulares-150x150.jpg",150,150,true],"medium":["https:\/\/blogopara.com.br\/wp-content\/uploads\/2020\/06\/celulares-300x188.jpg",300,188,true],"medium_large":["https:\/\/blogopara.com.br\/wp-content\/uploads\/2020\/06\/celulares.jpg",500,313,false],"large":["https:\/\/blogopara.com.br\/wp-content\/uploads\/2020\/06\/celulares.jpg",500,313,false],"1536x1536":["https:\/\/blogopara.com.br\/wp-content\/uploads\/2020\/06\/celulares.jpg",500,313,false],"2048x2048":["https:\/\/blogopara.com.br\/wp-content\/uploads\/2020\/06\/celulares.jpg",500,313,false],"mantranews-slider-large":["https:\/\/blogopara.com.br\/wp-content\/uploads\/2020\/06\/celulares.jpg",500,313,false],"mantranews-featured-medium":["https:\/\/blogopara.com.br\/wp-content\/uploads\/2020\/06\/celulares-420x307.jpg",420,307,true],"mantranews-featured-long":["https:\/\/blogopara.com.br\/wp-content\/uploads\/2020\/06\/celulares-300x313.jpg",300,313,true],"mantranews-block-medium":["https:\/\/blogopara.com.br\/wp-content\/uploads\/2020\/06\/celulares-464x290.jpg",464,290,true],"mantranews-carousel-image":["https:\/\/blogopara.com.br\/wp-content\/uploads\/2020\/06\/celulares.jpg",500,313,false],"mantranews-block-thumb":["https:\/\/blogopara.com.br\/wp-content\/uploads\/2020\/06\/celulares.jpg",322,202,false],"mantranews-single-large":["https:\/\/blogopara.com.br\/wp-content\/uploads\/2020\/06\/celulares.jpg",500,313,false]},"uagb_author_info":{"display_name":"Reda\u00e7\u00e3o geral","author_link":"https:\/\/blogopara.com.br\/index.php\/author\/blogopara"},"uagb_comment_info":0,"uagb_excerpt":"O Minist\u00e9rio da Educa\u00e7\u00e3o est\u00e1 preparando um projeto de lei visando proibir o uso de celulares em escolas p\u00fablicas e particulares. A medida, que deve ser divulgada em outubro, visa conter o excesso de telas na inf\u00e2ncia e na adolesc\u00eancia. \u201cN\u00f3s estamos trabalhando na elabora\u00e7\u00e3o de um projeto de lei porque, na nossa avalia\u00e7\u00e3o, uma&hellip;","jetpack_sharing_enabled":true,"jetpack_likes_enabled":true,"_links":{"self":[{"href":"https:\/\/blogopara.com.br\/index.php\/wp-json\/wp\/v2\/posts\/68323","targetHints":{"allow":["GET"]}}],"collection":[{"href":"https:\/\/blogopara.com.br\/index.php\/wp-json\/wp\/v2\/posts"}],"about":[{"href":"https:\/\/blogopara.com.br\/index.php\/wp-json\/wp\/v2\/types\/post"}],"author":[{"embeddable":true,"href":"https:\/\/blogopara.com.br\/index.php\/wp-json\/wp\/v2\/users\/1"}],"replies":[{"embeddable":true,"href":"https:\/\/blogopara.com.br\/index.php\/wp-json\/wp\/v2\/comments?post=68323"}],"version-history":[{"count":1,"href":"https:\/\/blogopara.com.br\/index.php\/wp-json\/wp\/v2\/posts\/68323\/revisions"}],"predecessor-version":[{"id":68324,"href":"https:\/\/blogopara.com.br\/index.php\/wp-json\/wp\/v2\/posts\/68323\/revisions\/68324"}],"wp:featuredmedia":[{"embeddable":true,"href":"https:\/\/blogopara.com.br\/index.php\/wp-json\/wp\/v2\/media\/11967"}],"wp:attachment":[{"href":"https:\/\/blogopara.com.br\/index.php\/wp-json\/wp\/v2\/media?parent=68323"}],"wp:term":[{"taxonomy":"category","embeddable":true,"href":"https:\/\/blogopara.com.br\/index.php\/wp-json\/wp\/v2\/categories?post=68323"},{"taxonomy":"post_tag","embeddable":true,"href":"https:\/\/blogopara.com.br\/index.php\/wp-json\/wp\/v2\/tags?post=68323"}],"curies":[{"name":"wp","href":"https:\/\/api.w.org\/{rel}","templated":true}]}}