{"id":68325,"date":"2024-09-23T09:07:36","date_gmt":"2024-09-23T12:07:36","guid":{"rendered":"https:\/\/blogopara.com.br\/?p=68325"},"modified":"2024-09-23T09:21:02","modified_gmt":"2024-09-23T12:21:02","slug":"eleicoes-2024-candidato-a-vereador-ronnynho-queiroz-e-condenado-a-pagar-106-mil-por-divulgar-pesquisas-sem-registro","status":"publish","type":"post","link":"https:\/\/blogopara.com.br\/index.php\/2024\/09\/23\/eleicoes-2024-candidato-a-vereador-ronnynho-queiroz-e-condenado-a-pagar-106-mil-por-divulgar-pesquisas-sem-registro","title":{"rendered":"Elei\u00e7\u00f5es 2024: Candidato a vereador Ronnynho Queiroz \u00e9 condenado a pagar 106 mil, por divulgar pesquisas sem registro"},"content":{"rendered":"<p style=\"text-align: justify;\">A realiza\u00e7\u00e3o de pesquisas e enquetes eleitorais recebe especial aten\u00e7\u00e3o do ordenamento jur\u00eddico, notadamente durante o per\u00edodo eleitoral, tal disciplina decorre da necessidade de tutelar a vontade popular diante de influ\u00eancias que n\u00e3o possuem compromisso t\u00e9cnico com a predi\u00e7\u00e3o de cen\u00e1rios eleitorais reais.<\/p>\n<p style=\"text-align: justify;\">O candidato a vereador Anaximandro Queiroz, conhecido por Ronnynho Queiroz, foi condenado em dois processos por divulgar pesquisas eleitorais sem registro, e o mais grave \u00e9 que o candidato foi condenado por reincid\u00eancia.<\/p>\n<p style=\"text-align: justify;\">Um dos processos por Ramiro Cordeiro, em face de ANAXIMANDRO RANNIERI BENEVIDES DE QUEIROZ,\u00a0 ter divulgado pesquisa eleitoral, no dia 10\/9\/2024, e ao final divulgou o resultado. \u00c9 condenado a pagar o valor de R$ 53.205,00 ( cinquenta e tr\u00eas mil, duzentos e cinco reais). Como existe outro processo movido pela prefeita Suzana Ramos no mesmo valor, perfazendo o total de R$ 106,410,00 (cento e seis mil e quatrocentos e dez reais) a serem pagos para \u00e0 Uni\u00e3o.<\/p>\n<p style=\"text-align: justify;\">Segundo o regramento:<\/p>\n<p>\u201cArt. 23. [&#8230;]<\/p>\n<p style=\"text-align: justify;\">\u00a7 1\u00ba. Entende-se por enquete ou sondagem o levantamento de opini\u00f5es sem plano amostral, que dependa da participa\u00e7\u00e3o espont\u00e2nea do interessado, e que n\u00e3o utilize m\u00e9todo cient\u00edfico para sua realiza\u00e7\u00e3o, quando apresentados resultados que possibilitem ao eleitor inferir a ordem dos candidatos na disputa.\u201d [Grifei]<\/p>\n<p style=\"text-align: justify;\">Tal proibi\u00e7\u00e3o se inicia em 15 de agosto do ano eleitoral, ocasi\u00e3o em que se inicia o per\u00edodo de propaganda eleitoral (art.\u00a0<a href=\"https:\/\/www.jusbrasil.com.br\/topicos\/11277965\/artigo-36-da-lei-n-9504-de-30-de-setembro-de-1997\" target=\"_blank\" rel=\"noopener\">36<\/a>\u00a0da Lei\u00a0<a href=\"https:\/\/www.jusbrasil.com.br\/legislacao\/103367\/lei-eleitoral-lei-9504-97\" target=\"_blank\" rel=\"noopener\">9.504<\/a>\/97), e as san\u00e7\u00f5es previstas perpassam a possibilidade do resultado da enquete ser apresentado como se fosse fruto de uma pesquisa eleitoral, situa\u00e7\u00e3o em que se equipara ao il\u00edcito de divulga\u00e7\u00e3o de pesquisa sem registro, este sim pass\u00edvel de multa :<\/p>\n<p>&#8220;Art. 23 \u00a7 1\u00ba-AA A enquete que seja apresentada \u00e0 popula\u00e7\u00e3o como pesquisa eleitoral ser\u00e1 reconhecida como pesquisa de opini\u00e3o p\u00fablica sem registro na Justi\u00e7a Eleitoral, sem preju\u00edzo do que disp\u00f5e o caput do art. 233.\u201d<\/p>\n<p>Confira os processos:<\/p>\n<p><img loading=\"lazy\" decoding=\"async\" class=\"alignnone wp-image-68335 size-medium\" src=\"https:\/\/blogopara.com.br\/wp-content\/uploads\/2024\/09\/WhatsApp-Image-2024-09-22-at-23.54.25-300x127.jpeg\" alt=\"\" width=\"300\" height=\"127\" srcset=\"https:\/\/blogopara.com.br\/wp-content\/uploads\/2024\/09\/WhatsApp-Image-2024-09-22-at-23.54.25-300x127.jpeg 300w, https:\/\/blogopara.com.br\/wp-content\/uploads\/2024\/09\/WhatsApp-Image-2024-09-22-at-23.54.25-1024x433.jpeg 1024w, https:\/\/blogopara.com.br\/wp-content\/uploads\/2024\/09\/WhatsApp-Image-2024-09-22-at-23.54.25-768x325.jpeg 768w, https:\/\/blogopara.com.br\/wp-content\/uploads\/2024\/09\/WhatsApp-Image-2024-09-22-at-23.54.25-1536x650.jpeg 1536w, https:\/\/blogopara.com.br\/wp-content\/uploads\/2024\/09\/WhatsApp-Image-2024-09-22-at-23.54.25.jpeg 1600w\" sizes=\"auto, (max-width: 300px) 100vw, 300px\" \/><\/p>\n<p><a href=\"https:\/\/blogopara.com.br\/wp-content\/uploads\/2024\/09\/0600324-07.2024.6.05.0048.pdf\">0600324-07.2024.6.05.0048<\/a><\/p>\n","protected":false},"excerpt":{"rendered":"<p>A realiza\u00e7\u00e3o de pesquisas e enquetes eleitorais recebe especial aten\u00e7\u00e3o do ordenamento jur\u00eddico, notadamente durante o per\u00edodo eleitoral, tal disciplina decorre da necessidade de tutelar a vontade popular diante de influ\u00eancias que n\u00e3o possuem compromisso t\u00e9cnico com a predi\u00e7\u00e3o de cen\u00e1rios eleitorais reais. O candidato a vereador Anaximandro Queiroz, conhecido por Ronnynho Queiroz, foi condenado [&hellip;]<\/p>\n","protected":false},"author":1,"featured_media":68334,"comment_status":"open","ping_status":"open","sticky":false,"template":"","format":"standard","meta":{"_uag_custom_page_level_css":"","_monsterinsights_skip_tracking":false,"_monsterinsights_sitenote_active":false,"_monsterinsights_sitenote_note":"","_monsterinsights_sitenote_category":0,"jetpack_post_was_ever_published":false,"_jetpack_newsletter_access":"","_jetpack_dont_email_post_to_subs":false,"_jetpack_newsletter_tier_id":0,"_jetpack_memberships_contains_paywalled_content":false,"_jetpack_memberships_contains_paid_content":false,"footnotes":"","jetpack_publicize_message":"","jetpack_publicize_feature_enabled":true,"jetpack_social_post_already_shared":true,"jetpack_social_options":{"image_generator_settings":{"template":"highway","default_image_id":0,"font":"","enabled":false},"version":2}},"categories":[11604],"tags":[11070,11647,117,2639,2233,11680],"class_list":["post-68325","post","type-post","status-publish","format-standard","has-post-thumbnail","hentry","category-eleicoes-2024","tag-andrei-da-caixa","tag-andrei-goncalves","tag-avante","tag-mdb","tag-ramiro-cordeiro","tag-ronnynho-queiroz"],"jetpack_publicize_connections":[],"jetpack_featured_media_url":"https:\/\/blogopara.com.br\/wp-content\/uploads\/2024\/09\/Recordando-o-Manga-Tec-2024-em-Juazeiro-onde-estive-no-Projeto-Manicoba-um-verdadeiro-exemplo-de-excelencia-na-agricultura-baiana.-Foi-um-privilegio-compartilhar-o-evento-com-o-candidato-a.jpg","uagb_featured_image_src":{"full":["https:\/\/blogopara.com.br\/wp-content\/uploads\/2024\/09\/Recordando-o-Manga-Tec-2024-em-Juazeiro-onde-estive-no-Projeto-Manicoba-um-verdadeiro-exemplo-de-excelencia-na-agricultura-baiana.-Foi-um-privilegio-compartilhar-o-evento-com-o-candidato-a.jpg",500,500,false],"thumbnail":["https:\/\/blogopara.com.br\/wp-content\/uploads\/2024\/09\/Recordando-o-Manga-Tec-2024-em-Juazeiro-onde-estive-no-Projeto-Manicoba-um-verdadeiro-exemplo-de-excelencia-na-agricultura-baiana.-Foi-um-privilegio-compartilhar-o-evento-com-o-candidato-a-150x150.jpg",150,150,true],"medium":["https:\/\/blogopara.com.br\/wp-content\/uploads\/2024\/09\/Recordando-o-Manga-Tec-2024-em-Juazeiro-onde-estive-no-Projeto-Manicoba-um-verdadeiro-exemplo-de-excelencia-na-agricultura-baiana.-Foi-um-privilegio-compartilhar-o-evento-com-o-candidato-a-300x300.jpg",300,300,true],"medium_large":["https:\/\/blogopara.com.br\/wp-content\/uploads\/2024\/09\/Recordando-o-Manga-Tec-2024-em-Juazeiro-onde-estive-no-Projeto-Manicoba-um-verdadeiro-exemplo-de-excelencia-na-agricultura-baiana.-Foi-um-privilegio-compartilhar-o-evento-com-o-candidato-a.jpg",500,500,false],"large":["https:\/\/blogopara.com.br\/wp-content\/uploads\/2024\/09\/Recordando-o-Manga-Tec-2024-em-Juazeiro-onde-estive-no-Projeto-Manicoba-um-verdadeiro-exemplo-de-excelencia-na-agricultura-baiana.-Foi-um-privilegio-compartilhar-o-evento-com-o-candidato-a.jpg",500,500,false],"1536x1536":["https:\/\/blogopara.com.br\/wp-content\/uploads\/2024\/09\/Recordando-o-Manga-Tec-2024-em-Juazeiro-onde-estive-no-Projeto-Manicoba-um-verdadeiro-exemplo-de-excelencia-na-agricultura-baiana.-Foi-um-privilegio-compartilhar-o-evento-com-o-candidato-a.jpg",500,500,false],"2048x2048":["https:\/\/blogopara.com.br\/wp-content\/uploads\/2024\/09\/Recordando-o-Manga-Tec-2024-em-Juazeiro-onde-estive-no-Projeto-Manicoba-um-verdadeiro-exemplo-de-excelencia-na-agricultura-baiana.-Foi-um-privilegio-compartilhar-o-evento-com-o-candidato-a.jpg",500,500,false],"mantranews-slider-large":["https:\/\/blogopara.com.br\/wp-content\/uploads\/2024\/09\/Recordando-o-Manga-Tec-2024-em-Juazeiro-onde-estive-no-Projeto-Manicoba-um-verdadeiro-exemplo-de-excelencia-na-agricultura-baiana.-Foi-um-privilegio-compartilhar-o-evento-com-o-candidato-a.jpg",500,500,false],"mantranews-featured-medium":["https:\/\/blogopara.com.br\/wp-content\/uploads\/2024\/09\/Recordando-o-Manga-Tec-2024-em-Juazeiro-onde-estive-no-Projeto-Manicoba-um-verdadeiro-exemplo-de-excelencia-na-agricultura-baiana.-Foi-um-privilegio-compartilhar-o-evento-com-o-candidato-a-420x307.jpg",420,307,true],"mantranews-featured-long":["https:\/\/blogopara.com.br\/wp-content\/uploads\/2024\/09\/Recordando-o-Manga-Tec-2024-em-Juazeiro-onde-estive-no-Projeto-Manicoba-um-verdadeiro-exemplo-de-excelencia-na-agricultura-baiana.-Foi-um-privilegio-compartilhar-o-evento-com-o-candidato-a-300x443.jpg",300,443,true],"mantranews-block-medium":["https:\/\/blogopara.com.br\/wp-content\/uploads\/2024\/09\/Recordando-o-Manga-Tec-2024-em-Juazeiro-onde-estive-no-Projeto-Manicoba-um-verdadeiro-exemplo-de-excelencia-na-agricultura-baiana.-Foi-um-privilegio-compartilhar-o-evento-com-o-candidato-a-464x290.jpg",464,290,true],"mantranews-carousel-image":["https:\/\/blogopara.com.br\/wp-content\/uploads\/2024\/09\/Recordando-o-Manga-Tec-2024-em-Juazeiro-onde-estive-no-Projeto-Manicoba-um-verdadeiro-exemplo-de-excelencia-na-agricultura-baiana.-Foi-um-privilegio-compartilhar-o-evento-com-o-candidato-a.jpg",500,500,false],"mantranews-block-thumb":["https:\/\/blogopara.com.br\/wp-content\/uploads\/2024\/09\/Recordando-o-Manga-Tec-2024-em-Juazeiro-onde-estive-no-Projeto-Manicoba-um-verdadeiro-exemplo-de-excelencia-na-agricultura-baiana.-Foi-um-privilegio-compartilhar-o-evento-com-o-candidato-a-322x230.jpg",322,230,true],"mantranews-single-large":["https:\/\/blogopara.com.br\/wp-content\/uploads\/2024\/09\/Recordando-o-Manga-Tec-2024-em-Juazeiro-onde-estive-no-Projeto-Manicoba-um-verdadeiro-exemplo-de-excelencia-na-agricultura-baiana.-Foi-um-privilegio-compartilhar-o-evento-com-o-candidato-a.jpg",500,500,false]},"uagb_author_info":{"display_name":"Reda\u00e7\u00e3o geral","author_link":"https:\/\/blogopara.com.br\/index.php\/author\/blogopara"},"uagb_comment_info":0,"uagb_excerpt":"A realiza\u00e7\u00e3o de pesquisas e enquetes eleitorais recebe especial aten\u00e7\u00e3o do ordenamento jur\u00eddico, notadamente durante o per\u00edodo eleitoral, tal disciplina decorre da necessidade de tutelar a vontade popular diante de influ\u00eancias que n\u00e3o possuem compromisso t\u00e9cnico com a predi\u00e7\u00e3o de cen\u00e1rios eleitorais reais. O candidato a vereador Anaximandro Queiroz, conhecido por Ronnynho Queiroz, foi condenado&hellip;","jetpack_sharing_enabled":true,"jetpack_likes_enabled":true,"_links":{"self":[{"href":"https:\/\/blogopara.com.br\/index.php\/wp-json\/wp\/v2\/posts\/68325","targetHints":{"allow":["GET"]}}],"collection":[{"href":"https:\/\/blogopara.com.br\/index.php\/wp-json\/wp\/v2\/posts"}],"about":[{"href":"https:\/\/blogopara.com.br\/index.php\/wp-json\/wp\/v2\/types\/post"}],"author":[{"embeddable":true,"href":"https:\/\/blogopara.com.br\/index.php\/wp-json\/wp\/v2\/users\/1"}],"replies":[{"embeddable":true,"href":"https:\/\/blogopara.com.br\/index.php\/wp-json\/wp\/v2\/comments?post=68325"}],"version-history":[{"count":4,"href":"https:\/\/blogopara.com.br\/index.php\/wp-json\/wp\/v2\/posts\/68325\/revisions"}],"predecessor-version":[{"id":68341,"href":"https:\/\/blogopara.com.br\/index.php\/wp-json\/wp\/v2\/posts\/68325\/revisions\/68341"}],"wp:featuredmedia":[{"embeddable":true,"href":"https:\/\/blogopara.com.br\/index.php\/wp-json\/wp\/v2\/media\/68334"}],"wp:attachment":[{"href":"https:\/\/blogopara.com.br\/index.php\/wp-json\/wp\/v2\/media?parent=68325"}],"wp:term":[{"taxonomy":"category","embeddable":true,"href":"https:\/\/blogopara.com.br\/index.php\/wp-json\/wp\/v2\/categories?post=68325"},{"taxonomy":"post_tag","embeddable":true,"href":"https:\/\/blogopara.com.br\/index.php\/wp-json\/wp\/v2\/tags?post=68325"}],"curies":[{"name":"wp","href":"https:\/\/api.w.org\/{rel}","templated":true}]}}