{"id":68326,"date":"2024-09-23T08:18:29","date_gmt":"2024-09-23T11:18:29","guid":{"rendered":"https:\/\/blogopara.com.br\/?p=68326"},"modified":"2024-09-23T08:18:34","modified_gmt":"2024-09-23T11:18:34","slug":"estudantes-de-juazeiro-avancam-para-a-segunda-fase-das-olimpiadas-brasileiras-de-fisica-e-matematica","status":"publish","type":"post","link":"https:\/\/blogopara.com.br\/index.php\/2024\/09\/23\/estudantes-de-juazeiro-avancam-para-a-segunda-fase-das-olimpiadas-brasileiras-de-fisica-e-matematica","title":{"rendered":"Estudantes de Juazeiro avan\u00e7am para a segunda fase das Olimp\u00edadas Brasileiras de F\u00edsica e Matem\u00e1tica"},"content":{"rendered":"<p style=\"text-align: justify;\">Em Juazeiro, mais de 50 estudantes do 9\u00ba ano do Ensino Fundamental, de escolas da rede municipal de ensino, ir\u00e3o participar da segunda fase da Olimp\u00edada Brasileira de F\u00edsica das Escolas P\u00fablicas (OBFEP). Esta \u00e9 a primeira vez que o munic\u00edpio participa do evento e j\u00e1 garantiu um resultado expressivo. As provas da segunda fase ser\u00e3o aplicadas no Instituto Federal da Bahia (IFBA), no dia 23 de novembro.<\/p>\n<p style=\"text-align: justify;\">Al\u00e9m da OBFEP, Juazeiro tamb\u00e9m conta com mais de 450 estudantes classificados para a segunda fase da Olimp\u00edada Brasileira de Matem\u00e1tica das Escolas P\u00fablicas (OBMEP). Os estudantes, alunos do 6\u00ba ao 9\u00ba ano do Ensino Fundamental de 35 escolas municipais, realizar\u00e3o a prova final do certame em 19 de outubro.<\/p>\n<p style=\"text-align: justify;\">OBFEP<\/p>\n<p style=\"text-align: justify;\">A Olimp\u00edada Brasileira de F\u00edsica das Escolas P\u00fablicas \u00e9 um projeto aprovado pelo Conselho Nacional de Desenvolvimento Cient\u00edfico e Tecnol\u00f3gico (CNPq) e constitui um programa permanente da Sociedade Brasileira de F\u00edsica (SBF), respons\u00e1vel por sua execu\u00e7\u00e3o. Participam do programa os estudantes do Ensino M\u00e9dio e do 9\u00ba ano do Ensino M\u00e9dio de escolas p\u00fablicas municipais, estaduais e federais, devidamente inscritos.<\/p>\n<p style=\"text-align: justify;\">OBMEP<\/p>\n<p style=\"text-align: justify;\">A Olimp\u00edada Brasileira de Matem\u00e1tica das Escolas P\u00fablicas \u00e9 um projeto nacional realizado pelo Instituto de Matem\u00e1tica Pura e Aplicada (IMPA) e promovido com recursos do Minist\u00e9rio da Educa\u00e7\u00e3o e do Minist\u00e9rio da Ci\u00eancia, Tecnologia e Inova\u00e7\u00e3o. O evento, criado em 2005, tem como objetivo principal estimular o estudo da matem\u00e1tica e identificar talentos na \u00e1rea.<\/p>\n","protected":false},"excerpt":{"rendered":"<p>Em Juazeiro, mais de 50 estudantes do 9\u00ba ano do Ensino Fundamental, de escolas da rede municipal de ensino, ir\u00e3o participar da segunda fase da Olimp\u00edada Brasileira de F\u00edsica das Escolas P\u00fablicas (OBFEP). Esta \u00e9 a primeira vez que o munic\u00edpio participa do evento e j\u00e1 garantiu um resultado expressivo. As provas da segunda fase [&hellip;]<\/p>\n","protected":false},"author":1,"featured_media":68327,"comment_status":"open","ping_status":"open","sticky":false,"template":"","format":"standard","meta":{"_uag_custom_page_level_css":"","_monsterinsights_skip_tracking":false,"_monsterinsights_sitenote_active":false,"_monsterinsights_sitenote_note":"","_monsterinsights_sitenote_category":0,"jetpack_post_was_ever_published":false,"_jetpack_newsletter_access":"","_jetpack_dont_email_post_to_subs":false,"_jetpack_newsletter_tier_id":0,"_jetpack_memberships_contains_paywalled_content":false,"_jetpack_memberships_contains_paid_content":false,"footnotes":"","jetpack_publicize_message":"","jetpack_publicize_feature_enabled":true,"jetpack_social_post_already_shared":true,"jetpack_social_options":{"image_generator_settings":{"template":"highway","default_image_id":0,"font":"","enabled":false},"version":2}},"categories":[209],"tags":[5195,1508],"class_list":["post-68326","post","type-post","status-publish","format-standard","has-post-thumbnail","hentry","category-educacao","tag-prefeita-suzana-ramos","tag-suzana-ramos"],"jetpack_publicize_connections":[],"jetpack_featured_media_url":"https:\/\/blogopara.com.br\/wp-content\/uploads\/2024\/09\/WhatsApp-Image-2024-09-22-at-23.52.22.jpeg","uagb_featured_image_src":{"full":["https:\/\/blogopara.com.br\/wp-content\/uploads\/2024\/09\/WhatsApp-Image-2024-09-22-at-23.52.22.jpeg",500,333,false],"thumbnail":["https:\/\/blogopara.com.br\/wp-content\/uploads\/2024\/09\/WhatsApp-Image-2024-09-22-at-23.52.22-150x150.jpeg",150,150,true],"medium":["https:\/\/blogopara.com.br\/wp-content\/uploads\/2024\/09\/WhatsApp-Image-2024-09-22-at-23.52.22-300x200.jpeg",300,200,true],"medium_large":["https:\/\/blogopara.com.br\/wp-content\/uploads\/2024\/09\/WhatsApp-Image-2024-09-22-at-23.52.22.jpeg",500,333,false],"large":["https:\/\/blogopara.com.br\/wp-content\/uploads\/2024\/09\/WhatsApp-Image-2024-09-22-at-23.52.22.jpeg",500,333,false],"1536x1536":["https:\/\/blogopara.com.br\/wp-content\/uploads\/2024\/09\/WhatsApp-Image-2024-09-22-at-23.52.22.jpeg",500,333,false],"2048x2048":["https:\/\/blogopara.com.br\/wp-content\/uploads\/2024\/09\/WhatsApp-Image-2024-09-22-at-23.52.22.jpeg",500,333,false],"mantranews-slider-large":["https:\/\/blogopara.com.br\/wp-content\/uploads\/2024\/09\/WhatsApp-Image-2024-09-22-at-23.52.22.jpeg",500,333,false],"mantranews-featured-medium":["https:\/\/blogopara.com.br\/wp-content\/uploads\/2024\/09\/WhatsApp-Image-2024-09-22-at-23.52.22-420x307.jpeg",420,307,true],"mantranews-featured-long":["https:\/\/blogopara.com.br\/wp-content\/uploads\/2024\/09\/WhatsApp-Image-2024-09-22-at-23.52.22-300x333.jpeg",300,333,true],"mantranews-block-medium":["https:\/\/blogopara.com.br\/wp-content\/uploads\/2024\/09\/WhatsApp-Image-2024-09-22-at-23.52.22-464x290.jpeg",464,290,true],"mantranews-carousel-image":["https:\/\/blogopara.com.br\/wp-content\/uploads\/2024\/09\/WhatsApp-Image-2024-09-22-at-23.52.22.jpeg",500,333,false],"mantranews-block-thumb":["https:\/\/blogopara.com.br\/wp-content\/uploads\/2024\/09\/WhatsApp-Image-2024-09-22-at-23.52.22-322x230.jpeg",322,230,true],"mantranews-single-large":["https:\/\/blogopara.com.br\/wp-content\/uploads\/2024\/09\/WhatsApp-Image-2024-09-22-at-23.52.22.jpeg",500,333,false]},"uagb_author_info":{"display_name":"Reda\u00e7\u00e3o geral","author_link":"https:\/\/blogopara.com.br\/index.php\/author\/blogopara"},"uagb_comment_info":0,"uagb_excerpt":"Em Juazeiro, mais de 50 estudantes do 9\u00ba ano do Ensino Fundamental, de escolas da rede municipal de ensino, ir\u00e3o participar da segunda fase da Olimp\u00edada Brasileira de F\u00edsica das Escolas P\u00fablicas (OBFEP). Esta \u00e9 a primeira vez que o munic\u00edpio participa do evento e j\u00e1 garantiu um resultado expressivo. As provas da segunda fase&hellip;","jetpack_sharing_enabled":true,"jetpack_likes_enabled":true,"_links":{"self":[{"href":"https:\/\/blogopara.com.br\/index.php\/wp-json\/wp\/v2\/posts\/68326","targetHints":{"allow":["GET"]}}],"collection":[{"href":"https:\/\/blogopara.com.br\/index.php\/wp-json\/wp\/v2\/posts"}],"about":[{"href":"https:\/\/blogopara.com.br\/index.php\/wp-json\/wp\/v2\/types\/post"}],"author":[{"embeddable":true,"href":"https:\/\/blogopara.com.br\/index.php\/wp-json\/wp\/v2\/users\/1"}],"replies":[{"embeddable":true,"href":"https:\/\/blogopara.com.br\/index.php\/wp-json\/wp\/v2\/comments?post=68326"}],"version-history":[{"count":1,"href":"https:\/\/blogopara.com.br\/index.php\/wp-json\/wp\/v2\/posts\/68326\/revisions"}],"predecessor-version":[{"id":68328,"href":"https:\/\/blogopara.com.br\/index.php\/wp-json\/wp\/v2\/posts\/68326\/revisions\/68328"}],"wp:featuredmedia":[{"embeddable":true,"href":"https:\/\/blogopara.com.br\/index.php\/wp-json\/wp\/v2\/media\/68327"}],"wp:attachment":[{"href":"https:\/\/blogopara.com.br\/index.php\/wp-json\/wp\/v2\/media?parent=68326"}],"wp:term":[{"taxonomy":"category","embeddable":true,"href":"https:\/\/blogopara.com.br\/index.php\/wp-json\/wp\/v2\/categories?post=68326"},{"taxonomy":"post_tag","embeddable":true,"href":"https:\/\/blogopara.com.br\/index.php\/wp-json\/wp\/v2\/tags?post=68326"}],"curies":[{"name":"wp","href":"https:\/\/api.w.org\/{rel}","templated":true}]}}