{"id":68587,"date":"2024-09-30T16:23:15","date_gmt":"2024-09-30T19:23:15","guid":{"rendered":"https:\/\/blogopara.com.br\/?p=68587"},"modified":"2024-09-30T16:23:19","modified_gmt":"2024-09-30T19:23:19","slug":"acoes-do-pais-evitaram-cenario-pior-de-secas-e-queimadas-diz-marina","status":"publish","type":"post","link":"https:\/\/blogopara.com.br\/index.php\/2024\/09\/30\/acoes-do-pais-evitaram-cenario-pior-de-secas-e-queimadas-diz-marina","title":{"rendered":"A\u00e7\u00f5es do pa\u00eds evitaram cen\u00e1rio pior de secas e queimadas, diz Marina"},"content":{"rendered":"<p style=\"text-align: justify;\">A ministra do Meio Ambiente e Mudan\u00e7as do Clima, Marina Silva, afirmou, nesta segunda-feira (30), que a\u00e7\u00f5es tomadas pelo governo federal desde janeiro de 2023 evitaram um quadro ainda pior em rela\u00e7\u00e3o \u00e0 seca e \u00e0s queimadas. A ministra participou de semin\u00e1rio do G20 que discutiu investimentos financeiros na conserva\u00e7\u00e3o ambiental, no Museu do Amanh\u00e3, no Rio de Janeiro.<\/p>\n<p style=\"text-align: justify;\">Entre as a\u00e7\u00f5es tomadas pelo governo est\u00e3o o aumento das equipes do Instituto Chico Mendes de Conserva\u00e7\u00e3o da Biodiversidade (ICMBio) e do Instituto Brasileiro do Meio Ambiente e Recursos Naturais Renov\u00e1veis (Ibama), amplia\u00e7\u00e3o de recursos or\u00e7ament\u00e1rios para o meio ambiente, o combate ao desmatamento e a articula\u00e7\u00e3o com governos estaduais e municipais.<\/p>\n<p style=\"text-align: justify;\">\u201cO desmatamento estava crescendo, quando o presidente Lula assumiu o governo, em 80%. N\u00e3o s\u00f3 n\u00f3s paramos essa ascend\u00eancia, como conseguimos empurr\u00e1-lo para baixo. N\u00e3o s\u00f3 na Amaz\u00f4nia como agora no Cerrado, onde o desmatamento est\u00e1 caindo h\u00e1 cinco meses\u201d, disse a ministra.<\/p>\n<p style=\"text-align: justify;\">\u201cIsso faz com que a gente tenha uma situa\u00e7\u00e3o que n\u00e3o esteja incomparavelmente pior do que estaria se tivesse a \u2018boiada\u2019 passando\u201d, completou, em alus\u00e3o a fala do titular da pasta do governo Bolsonaro, Ricardo Salles.<\/p>\n<p style=\"text-align: justify;\">Segundo Marina, as situa\u00e7\u00f5es de seca e de queimadas que se espalham pelo pa\u00eds, mostram que \u00e9 preciso ampliar e refor\u00e7ar as a\u00e7\u00f5es governamentais em rela\u00e7\u00e3o ao enfrentamento da emerg\u00eancia clim\u00e1tica. \u201cN\u00e3o s\u00f3 na gest\u00e3o do desastre, mas a gest\u00e3o do risco a partir do princ\u00edpio da precau\u00e7\u00e3o\u201d.<\/p>\n<p style=\"text-align: justify;\">A ministra destacou ainda que a Pol\u00edcia Federal abriu mais de 80 inqu\u00e9ritos para investigar casos de queimada criminosa.<\/p>\n<p style=\"text-align: justify;\">Sobre a explora\u00e7\u00e3o d petr\u00f3leo na foz do Rio Amazonas, Marina voltou a falar que as licen\u00e7as ambientais est\u00e3o sendo tratadas de forma t\u00e9cnica. \u201cA \u00e1rea t\u00e9cnica tem o seu tempo necess\u00e1rio para fazer a an\u00e1lise. No tempo adequado, eles fazem suas manifesta\u00e7\u00f5es em bases t\u00e9cnicas; \u00c9 assim que ocorre em um governo republicano\u201d.<\/p>\n<p style=\"text-align: justify;\">Sobre a Autoridade de Emerg\u00eancia Clim\u00e1tica, a ministra explicou que o governo ainda trabalha no desenho institucional do \u00f3rg\u00e3o.<\/p>\n<p style=\"text-align: justify;\">\n<p style=\"text-align: justify;\"><span class=\"assinatura_exclusiva\">Ag\u00eancia Brasil<\/span><\/p>\n","protected":false},"excerpt":{"rendered":"<p>A ministra do Meio Ambiente e Mudan\u00e7as do Clima, Marina Silva, afirmou, nesta segunda-feira (30), que a\u00e7\u00f5es tomadas pelo governo federal desde janeiro de 2023 evitaram um quadro ainda pior em rela\u00e7\u00e3o \u00e0 seca e \u00e0s queimadas. A ministra participou de semin\u00e1rio do G20 que discutiu investimentos financeiros na conserva\u00e7\u00e3o ambiental, no Museu do Amanh\u00e3, [&hellip;]<\/p>\n","protected":false},"author":1,"featured_media":68330,"comment_status":"open","ping_status":"open","sticky":false,"template":"","format":"standard","meta":{"_uag_custom_page_level_css":"","_monsterinsights_skip_tracking":false,"_monsterinsights_sitenote_active":false,"_monsterinsights_sitenote_note":"","_monsterinsights_sitenote_category":0,"jetpack_post_was_ever_published":false,"_jetpack_newsletter_access":"","_jetpack_dont_email_post_to_subs":false,"_jetpack_newsletter_tier_id":0,"_jetpack_memberships_contains_paywalled_content":false,"_jetpack_memberships_contains_paid_content":false,"footnotes":"","jetpack_publicize_message":"","jetpack_publicize_feature_enabled":true,"jetpack_social_post_already_shared":true,"jetpack_social_options":{"image_generator_settings":{"template":"highway","default_image_id":0,"font":"","enabled":false},"version":2}},"categories":[200],"tags":[],"class_list":["post-68587","post","type-post","status-publish","format-standard","has-post-thumbnail","hentry","category-brasil"],"jetpack_publicize_connections":[],"jetpack_featured_media_url":"https:\/\/blogopara.com.br\/wp-content\/uploads\/2024\/09\/incendio-comunidade-rural-Pilao-Arcado.jpg","uagb_featured_image_src":{"full":["https:\/\/blogopara.com.br\/wp-content\/uploads\/2024\/09\/incendio-comunidade-rural-Pilao-Arcado.jpg",500,293,false],"thumbnail":["https:\/\/blogopara.com.br\/wp-content\/uploads\/2024\/09\/incendio-comunidade-rural-Pilao-Arcado-150x150.jpg",150,150,true],"medium":["https:\/\/blogopara.com.br\/wp-content\/uploads\/2024\/09\/incendio-comunidade-rural-Pilao-Arcado-300x176.jpg",300,176,true],"medium_large":["https:\/\/blogopara.com.br\/wp-content\/uploads\/2024\/09\/incendio-comunidade-rural-Pilao-Arcado.jpg",500,293,false],"large":["https:\/\/blogopara.com.br\/wp-content\/uploads\/2024\/09\/incendio-comunidade-rural-Pilao-Arcado.jpg",500,293,false],"1536x1536":["https:\/\/blogopara.com.br\/wp-content\/uploads\/2024\/09\/incendio-comunidade-rural-Pilao-Arcado.jpg",500,293,false],"2048x2048":["https:\/\/blogopara.com.br\/wp-content\/uploads\/2024\/09\/incendio-comunidade-rural-Pilao-Arcado.jpg",500,293,false],"mantranews-slider-large":["https:\/\/blogopara.com.br\/wp-content\/uploads\/2024\/09\/incendio-comunidade-rural-Pilao-Arcado.jpg",500,293,false],"mantranews-featured-medium":["https:\/\/blogopara.com.br\/wp-content\/uploads\/2024\/09\/incendio-comunidade-rural-Pilao-Arcado-420x293.jpg",420,293,true],"mantranews-featured-long":["https:\/\/blogopara.com.br\/wp-content\/uploads\/2024\/09\/incendio-comunidade-rural-Pilao-Arcado-300x293.jpg",300,293,true],"mantranews-block-medium":["https:\/\/blogopara.com.br\/wp-content\/uploads\/2024\/09\/incendio-comunidade-rural-Pilao-Arcado-464x290.jpg",464,290,true],"mantranews-carousel-image":["https:\/\/blogopara.com.br\/wp-content\/uploads\/2024\/09\/incendio-comunidade-rural-Pilao-Arcado.jpg",500,293,false],"mantranews-block-thumb":["https:\/\/blogopara.com.br\/wp-content\/uploads\/2024\/09\/incendio-comunidade-rural-Pilao-Arcado-322x230.jpg",322,230,true],"mantranews-single-large":["https:\/\/blogopara.com.br\/wp-content\/uploads\/2024\/09\/incendio-comunidade-rural-Pilao-Arcado.jpg",500,293,false]},"uagb_author_info":{"display_name":"Reda\u00e7\u00e3o geral","author_link":"https:\/\/blogopara.com.br\/index.php\/author\/blogopara"},"uagb_comment_info":0,"uagb_excerpt":"A ministra do Meio Ambiente e Mudan\u00e7as do Clima, Marina Silva, afirmou, nesta segunda-feira (30), que a\u00e7\u00f5es tomadas pelo governo federal desde janeiro de 2023 evitaram um quadro ainda pior em rela\u00e7\u00e3o \u00e0 seca e \u00e0s queimadas. A ministra participou de semin\u00e1rio do G20 que discutiu investimentos financeiros na conserva\u00e7\u00e3o ambiental, no Museu do Amanh\u00e3,&hellip;","jetpack_sharing_enabled":true,"jetpack_likes_enabled":true,"_links":{"self":[{"href":"https:\/\/blogopara.com.br\/index.php\/wp-json\/wp\/v2\/posts\/68587","targetHints":{"allow":["GET"]}}],"collection":[{"href":"https:\/\/blogopara.com.br\/index.php\/wp-json\/wp\/v2\/posts"}],"about":[{"href":"https:\/\/blogopara.com.br\/index.php\/wp-json\/wp\/v2\/types\/post"}],"author":[{"embeddable":true,"href":"https:\/\/blogopara.com.br\/index.php\/wp-json\/wp\/v2\/users\/1"}],"replies":[{"embeddable":true,"href":"https:\/\/blogopara.com.br\/index.php\/wp-json\/wp\/v2\/comments?post=68587"}],"version-history":[{"count":1,"href":"https:\/\/blogopara.com.br\/index.php\/wp-json\/wp\/v2\/posts\/68587\/revisions"}],"predecessor-version":[{"id":68588,"href":"https:\/\/blogopara.com.br\/index.php\/wp-json\/wp\/v2\/posts\/68587\/revisions\/68588"}],"wp:featuredmedia":[{"embeddable":true,"href":"https:\/\/blogopara.com.br\/index.php\/wp-json\/wp\/v2\/media\/68330"}],"wp:attachment":[{"href":"https:\/\/blogopara.com.br\/index.php\/wp-json\/wp\/v2\/media?parent=68587"}],"wp:term":[{"taxonomy":"category","embeddable":true,"href":"https:\/\/blogopara.com.br\/index.php\/wp-json\/wp\/v2\/categories?post=68587"},{"taxonomy":"post_tag","embeddable":true,"href":"https:\/\/blogopara.com.br\/index.php\/wp-json\/wp\/v2\/tags?post=68587"}],"curies":[{"name":"wp","href":"https:\/\/api.w.org\/{rel}","templated":true}]}}