{"id":6859,"date":"2020-02-01T21:39:56","date_gmt":"2020-02-02T00:39:56","guid":{"rendered":"http:\/\/blogopara.com.br\/?p=6859"},"modified":"2020-02-01T21:40:05","modified_gmt":"2020-02-02T00:40:05","slug":"juazeiro-cenas-de-violencia-homem-e-brutalmente-esfaqueado-na-av-adolfo-viana","status":"publish","type":"post","link":"https:\/\/blogopara.com.br\/index.php\/2020\/02\/01\/juazeiro-cenas-de-violencia-homem-e-brutalmente-esfaqueado-na-av-adolfo-viana","title":{"rendered":"Juazeiro: Cenas de viol\u00eancia, homem \u00e9 brutalmente esfaqueado na Av. Adolfo Viana"},"content":{"rendered":"<p style=\"text-align: justify;\">Um homem, que ainda n\u00e3o teve o nome divulgado, foi brutalmente esfaqueado na noite deste s\u00e1bado (01) na Avenida Adolfo Viana\u00a0 \u2013 \u00e1rea central de Juazeiro (BA).<\/p>\n<p style=\"text-align: justify;\">O crime ocorreu por volta das 20h perto do banco Ita\u00fa. Populares que estavam na avenida filmaram\u00a0 toda\u00a0 a\u00e7\u00e3o e gritavam por ajuda, por\u00e9m ningu\u00e9m conseguiu impedir o crime.<\/p>\n<p style=\"text-align: justify;\">A v\u00edtima foi socorrida com vida, no entanto n\u00e3o h\u00e1 informa\u00e7\u00f5es sobre seu estado de sa\u00fade. O suspeito pelo crime foi preso em flagrante.\u00a0 Segundo informa\u00e7\u00f5es o homem esfaqueado teria agredido tr\u00eas mulheres, parentes do agressor.<\/p>\n<p>Confira o v\u00eddeo, imagens fortes<\/p>\n<div style=\"width: 640px;\" class=\"wp-video\"><!--[if lt IE 9]><script>document.createElement('video');<\/script><![endif]-->\n<video class=\"wp-video-shortcode\" id=\"video-6859-1\" width=\"640\" height=\"360\" preload=\"metadata\" controls=\"controls\"><source type=\"video\/mp4\" src=\"https:\/\/blogopara.com.br\/wp-content\/uploads\/2020\/02\/faca.mp4?_=1\" \/><a href=\"https:\/\/blogopara.com.br\/wp-content\/uploads\/2020\/02\/faca.mp4\">https:\/\/blogopara.com.br\/wp-content\/uploads\/2020\/02\/faca.mp4<\/a><\/video><\/div>\n","protected":false},"excerpt":{"rendered":"<p>Um homem, que ainda n\u00e3o teve o nome divulgado, foi brutalmente esfaqueado na noite deste s\u00e1bado (01) na Avenida Adolfo Viana\u00a0 \u2013 \u00e1rea central de Juazeiro (BA). O crime ocorreu por volta das 20h perto do banco Ita\u00fa. Populares que estavam na avenida filmaram\u00a0 toda\u00a0 a\u00e7\u00e3o e gritavam por ajuda, por\u00e9m ningu\u00e9m conseguiu impedir o [&hellip;]<\/p>\n","protected":false},"author":1,"featured_media":6860,"comment_status":"open","ping_status":"open","sticky":false,"template":"","format":"standard","meta":{"_uag_custom_page_level_css":"","_monsterinsights_skip_tracking":false,"_monsterinsights_sitenote_active":false,"_monsterinsights_sitenote_note":"","_monsterinsights_sitenote_category":0,"jetpack_post_was_ever_published":false,"_jetpack_newsletter_access":"","_jetpack_dont_email_post_to_subs":false,"_jetpack_newsletter_tier_id":0,"_jetpack_memberships_contains_paywalled_content":false,"_jetpack_memberships_contains_paid_content":false,"footnotes":"","jetpack_publicize_message":"","jetpack_publicize_feature_enabled":true,"jetpack_social_post_already_shared":true,"jetpack_social_options":{"image_generator_settings":{"template":"highway","default_image_id":0,"font":"","enabled":false},"version":2}},"categories":[203],"tags":[1264,74],"class_list":["post-6859","post","type-post","status-publish","format-standard","has-post-thumbnail","hentry","category-juazeiro","tag-policial","tag-violencia"],"jetpack_publicize_connections":[],"jetpack_featured_media_url":"https:\/\/blogopara.com.br\/wp-content\/uploads\/2020\/02\/vitima-hoje.jpg","uagb_featured_image_src":{"full":["https:\/\/blogopara.com.br\/wp-content\/uploads\/2020\/02\/vitima-hoje.jpg",600,491,false],"thumbnail":["https:\/\/blogopara.com.br\/wp-content\/uploads\/2020\/02\/vitima-hoje-150x150.jpg",150,150,true],"medium":["https:\/\/blogopara.com.br\/wp-content\/uploads\/2020\/02\/vitima-hoje-300x246.jpg",300,246,true],"medium_large":["https:\/\/blogopara.com.br\/wp-content\/uploads\/2020\/02\/vitima-hoje.jpg",600,491,false],"large":["https:\/\/blogopara.com.br\/wp-content\/uploads\/2020\/02\/vitima-hoje.jpg",600,491,false],"1536x1536":["https:\/\/blogopara.com.br\/wp-content\/uploads\/2020\/02\/vitima-hoje.jpg",600,491,false],"2048x2048":["https:\/\/blogopara.com.br\/wp-content\/uploads\/2020\/02\/vitima-hoje.jpg",600,491,false],"mantranews-slider-large":["https:\/\/blogopara.com.br\/wp-content\/uploads\/2020\/02\/vitima-hoje.jpg",600,491,false],"mantranews-featured-medium":["https:\/\/blogopara.com.br\/wp-content\/uploads\/2020\/02\/vitima-hoje.jpg",375,307,false],"mantranews-featured-long":["https:\/\/blogopara.com.br\/wp-content\/uploads\/2020\/02\/vitima-hoje.jpg",300,246,false],"mantranews-block-medium":["https:\/\/blogopara.com.br\/wp-content\/uploads\/2020\/02\/vitima-hoje.jpg",354,290,false],"mantranews-carousel-image":["https:\/\/blogopara.com.br\/wp-content\/uploads\/2020\/02\/vitima-hoje.jpg",600,491,false],"mantranews-block-thumb":["https:\/\/blogopara.com.br\/wp-content\/uploads\/2020\/02\/vitima-hoje.jpg",281,230,false],"mantranews-single-large":["https:\/\/blogopara.com.br\/wp-content\/uploads\/2020\/02\/vitima-hoje.jpg",600,491,false]},"uagb_author_info":{"display_name":"Reda\u00e7\u00e3o geral","author_link":"https:\/\/blogopara.com.br\/index.php\/author\/blogopara"},"uagb_comment_info":15,"uagb_excerpt":"Um homem, que ainda n\u00e3o teve o nome divulgado, foi brutalmente esfaqueado na noite deste s\u00e1bado (01) na Avenida Adolfo Viana\u00a0 \u2013 \u00e1rea central de Juazeiro (BA). O crime ocorreu por volta das 20h perto do banco Ita\u00fa. Populares que estavam na avenida filmaram\u00a0 toda\u00a0 a\u00e7\u00e3o e gritavam por ajuda, por\u00e9m ningu\u00e9m conseguiu impedir o&hellip;","jetpack_sharing_enabled":true,"jetpack_likes_enabled":true,"_links":{"self":[{"href":"https:\/\/blogopara.com.br\/index.php\/wp-json\/wp\/v2\/posts\/6859","targetHints":{"allow":["GET"]}}],"collection":[{"href":"https:\/\/blogopara.com.br\/index.php\/wp-json\/wp\/v2\/posts"}],"about":[{"href":"https:\/\/blogopara.com.br\/index.php\/wp-json\/wp\/v2\/types\/post"}],"author":[{"embeddable":true,"href":"https:\/\/blogopara.com.br\/index.php\/wp-json\/wp\/v2\/users\/1"}],"replies":[{"embeddable":true,"href":"https:\/\/blogopara.com.br\/index.php\/wp-json\/wp\/v2\/comments?post=6859"}],"version-history":[{"count":1,"href":"https:\/\/blogopara.com.br\/index.php\/wp-json\/wp\/v2\/posts\/6859\/revisions"}],"predecessor-version":[{"id":6862,"href":"https:\/\/blogopara.com.br\/index.php\/wp-json\/wp\/v2\/posts\/6859\/revisions\/6862"}],"wp:featuredmedia":[{"embeddable":true,"href":"https:\/\/blogopara.com.br\/index.php\/wp-json\/wp\/v2\/media\/6860"}],"wp:attachment":[{"href":"https:\/\/blogopara.com.br\/index.php\/wp-json\/wp\/v2\/media?parent=6859"}],"wp:term":[{"taxonomy":"category","embeddable":true,"href":"https:\/\/blogopara.com.br\/index.php\/wp-json\/wp\/v2\/categories?post=6859"},{"taxonomy":"post_tag","embeddable":true,"href":"https:\/\/blogopara.com.br\/index.php\/wp-json\/wp\/v2\/tags?post=6859"}],"curies":[{"name":"wp","href":"https:\/\/api.w.org\/{rel}","templated":true}]}}