{"id":68629,"date":"2024-10-01T11:02:05","date_gmt":"2024-10-01T14:02:05","guid":{"rendered":"https:\/\/blogopara.com.br\/?p=68629"},"modified":"2024-10-01T17:47:49","modified_gmt":"2024-10-01T20:47:49","slug":"setembro-termina-como-pior-mes-em-queimadas-no-ano-bahia-possui-2a-maior-quantidade-de-incendios-atuais","status":"publish","type":"post","link":"https:\/\/blogopara.com.br\/index.php\/2024\/10\/01\/setembro-termina-como-pior-mes-em-queimadas-no-ano-bahia-possui-2a-maior-quantidade-de-incendios-atuais","title":{"rendered":"Setembro termina como pior m\u00eas em queimadas no ano; Bahia possui 2\u00aa maior quantidade de inc\u00eandios atuais"},"content":{"rendered":"<p style=\"text-align: justify;\">Dados divulgados nesta ter\u00e7a-feira (1\u00ba) pelo Instituto Nacional de Pesquisas Espaciais (Inpe) revelam que o m\u00eas de setembro bateu todos os recordes neste ano em rela\u00e7\u00e3o \u00e0 quantidade de focos de inc\u00eandios em todo o pa\u00eds. Segundo boletim do Inpe, em setembro foram 83.157 queimadas, n\u00famero bem superior ao que havia sido registrado em agosto (68.635 focos).<\/p>\n<p style=\"text-align: justify;\">Em todo o ano de 2024, foram 210.208 focos de inc\u00eandios apurados pelo Inpe, principalmente nos biomas do Cerrado e da Amaz\u00f4nia. O pior ano em queimadas desde que foram iniciadas as medi\u00e7\u00f5es, em 1998, foi 2007, com 393,9 mil focos de inc\u00eandios registrados.<\/p>\n<p style=\"text-align: justify;\">No ano passado, a quantidade de queimadas havia ca\u00eddo em rela\u00e7\u00e3o ao ano anterior. Segundo o Inpe, 2023 teve 189,9 mil focos de inc\u00eandio, contra 197,6 mil registrados em 2022, \u00faltimo ano do governo Bolsonaro. Neste ano, com a forte seca e as altas temperaturas, a quantidade de inc\u00eandios voltou a subir e o n\u00famero total ainda pode se aproximar da marca de 250 mil queimadas.<\/p>\n<p style=\"text-align: justify;\"><strong>O m\u00eas de setembro, que costuma registrar o pico de queimadas no Brasil, teve o maior n\u00famero de focos de inc\u00eandios desde 2010. Naquele ano foram contabilizados 109.030 focos, contra as 83.157 queimadas deste ano. O n\u00famero de 2024 j\u00e1 mostra um aumento de 78% em rela\u00e7\u00e3o ao ano passado, quando o pa\u00eds registrou 46.498 pontos de fogo em setembro.&nbsp;<\/strong><\/p>\n<p style=\"text-align: justify;\"><strong>Nesta segunda (30), a Bahia seguia como o estado com o segundo maior \u00edndice de focos de inc\u00eandio, com 133 queimadas, s\u00f3 perdendo do Par\u00e1, com 134 focos. Em todo o pa\u00eds, os n\u00fameros atualizados mostravam no fechamento do m\u00eas de setembro 966 focos de inc\u00eandio que ainda permaneciam ativos.&nbsp;<\/strong><\/p>\n","protected":false},"excerpt":{"rendered":"<p>Dados divulgados nesta ter\u00e7a-feira (1\u00ba) pelo Instituto Nacional de Pesquisas Espaciais (Inpe) revelam que o m\u00eas de setembro bateu todos os recordes neste ano em rela\u00e7\u00e3o \u00e0 quantidade de focos de inc\u00eandios em todo o pa\u00eds. Segundo boletim do Inpe, em setembro foram 83.157 queimadas, n\u00famero bem superior ao que havia sido registrado em agosto [&hellip;]<\/p>\n","protected":false},"author":1,"featured_media":68644,"comment_status":"open","ping_status":"open","sticky":false,"template":"","format":"standard","meta":{"_uag_custom_page_level_css":"","_monsterinsights_skip_tracking":false,"_monsterinsights_sitenote_active":false,"_monsterinsights_sitenote_note":"","_monsterinsights_sitenote_category":0,"jetpack_post_was_ever_published":false,"_jetpack_newsletter_access":"","_jetpack_dont_email_post_to_subs":false,"_jetpack_newsletter_tier_id":0,"_jetpack_memberships_contains_paywalled_content":false,"_jetpack_memberships_contains_paid_content":false,"footnotes":"","jetpack_publicize_message":"","jetpack_publicize_feature_enabled":true,"jetpack_social_post_already_shared":true,"jetpack_social_options":{"image_generator_settings":{"template":"highway","default_image_id":0,"font":"","enabled":false},"version":2}},"categories":[199],"tags":[],"class_list":["post-68629","post","type-post","status-publish","format-standard","has-post-thumbnail","hentry","category-bahia"],"jetpack_publicize_connections":[],"jetpack_featured_media_url":"https:\/\/blogopara.com.br\/wp-content\/uploads\/2024\/10\/incendio_PA-576x642-1.jpeg","uagb_featured_image_src":{"full":["https:\/\/blogopara.com.br\/wp-content\/uploads\/2024\/10\/incendio_PA-576x642-1.jpeg",500,388,false],"thumbnail":["https:\/\/blogopara.com.br\/wp-content\/uploads\/2024\/10\/incendio_PA-576x642-1-150x150.jpeg",150,150,true],"medium":["https:\/\/blogopara.com.br\/wp-content\/uploads\/2024\/10\/incendio_PA-576x642-1-300x233.jpeg",300,233,true],"medium_large":["https:\/\/blogopara.com.br\/wp-content\/uploads\/2024\/10\/incendio_PA-576x642-1.jpeg",500,388,false],"large":["https:\/\/blogopara.com.br\/wp-content\/uploads\/2024\/10\/incendio_PA-576x642-1.jpeg",500,388,false],"1536x1536":["https:\/\/blogopara.com.br\/wp-content\/uploads\/2024\/10\/incendio_PA-576x642-1.jpeg",500,388,false],"2048x2048":["https:\/\/blogopara.com.br\/wp-content\/uploads\/2024\/10\/incendio_PA-576x642-1.jpeg",500,388,false],"mantranews-slider-large":["https:\/\/blogopara.com.br\/wp-content\/uploads\/2024\/10\/incendio_PA-576x642-1.jpeg",500,388,false],"mantranews-featured-medium":["https:\/\/blogopara.com.br\/wp-content\/uploads\/2024\/10\/incendio_PA-576x642-1-420x307.jpeg",420,307,true],"mantranews-featured-long":["https:\/\/blogopara.com.br\/wp-content\/uploads\/2024\/10\/incendio_PA-576x642-1-300x388.jpeg",300,388,true],"mantranews-block-medium":["https:\/\/blogopara.com.br\/wp-content\/uploads\/2024\/10\/incendio_PA-576x642-1-464x290.jpeg",464,290,true],"mantranews-carousel-image":["https:\/\/blogopara.com.br\/wp-content\/uploads\/2024\/10\/incendio_PA-576x642-1.jpeg",500,388,false],"mantranews-block-thumb":["https:\/\/blogopara.com.br\/wp-content\/uploads\/2024\/10\/incendio_PA-576x642-1-322x230.jpeg",322,230,true],"mantranews-single-large":["https:\/\/blogopara.com.br\/wp-content\/uploads\/2024\/10\/incendio_PA-576x642-1.jpeg",500,388,false]},"uagb_author_info":{"display_name":"Reda\u00e7\u00e3o geral","author_link":"https:\/\/blogopara.com.br\/index.php\/author\/blogopara"},"uagb_comment_info":0,"uagb_excerpt":"Dados divulgados nesta ter\u00e7a-feira (1\u00ba) pelo Instituto Nacional de Pesquisas Espaciais (Inpe) revelam que o m\u00eas de setembro bateu todos os recordes neste ano em rela\u00e7\u00e3o \u00e0 quantidade de focos de inc\u00eandios em todo o pa\u00eds. Segundo boletim do Inpe, em setembro foram 83.157 queimadas, n\u00famero bem superior ao que havia sido registrado em agosto&hellip;","jetpack_sharing_enabled":true,"jetpack_likes_enabled":true,"_links":{"self":[{"href":"https:\/\/blogopara.com.br\/index.php\/wp-json\/wp\/v2\/posts\/68629","targetHints":{"allow":["GET"]}}],"collection":[{"href":"https:\/\/blogopara.com.br\/index.php\/wp-json\/wp\/v2\/posts"}],"about":[{"href":"https:\/\/blogopara.com.br\/index.php\/wp-json\/wp\/v2\/types\/post"}],"author":[{"embeddable":true,"href":"https:\/\/blogopara.com.br\/index.php\/wp-json\/wp\/v2\/users\/1"}],"replies":[{"embeddable":true,"href":"https:\/\/blogopara.com.br\/index.php\/wp-json\/wp\/v2\/comments?post=68629"}],"version-history":[{"count":2,"href":"https:\/\/blogopara.com.br\/index.php\/wp-json\/wp\/v2\/posts\/68629\/revisions"}],"predecessor-version":[{"id":68645,"href":"https:\/\/blogopara.com.br\/index.php\/wp-json\/wp\/v2\/posts\/68629\/revisions\/68645"}],"wp:featuredmedia":[{"embeddable":true,"href":"https:\/\/blogopara.com.br\/index.php\/wp-json\/wp\/v2\/media\/68644"}],"wp:attachment":[{"href":"https:\/\/blogopara.com.br\/index.php\/wp-json\/wp\/v2\/media?parent=68629"}],"wp:term":[{"taxonomy":"category","embeddable":true,"href":"https:\/\/blogopara.com.br\/index.php\/wp-json\/wp\/v2\/categories?post=68629"},{"taxonomy":"post_tag","embeddable":true,"href":"https:\/\/blogopara.com.br\/index.php\/wp-json\/wp\/v2\/tags?post=68629"}],"curies":[{"name":"wp","href":"https:\/\/api.w.org\/{rel}","templated":true}]}}