{"id":68658,"date":"2024-10-02T08:33:42","date_gmt":"2024-10-02T11:33:42","guid":{"rendered":"https:\/\/blogopara.com.br\/?p=68658"},"modified":"2024-10-02T09:26:42","modified_gmt":"2024-10-02T12:26:42","slug":"quaest-lula-tem-rejeicao-de-49-aponta-pesquisa","status":"publish","type":"post","link":"https:\/\/blogopara.com.br\/index.php\/2024\/10\/02\/quaest-lula-tem-rejeicao-de-49-aponta-pesquisa","title":{"rendered":"Quaest: Lula tem rejei\u00e7\u00e3o de 49%, aponta pesquisa"},"content":{"rendered":"<p style=\"text-align: justify;\">O presidente Lula (PT) teve um recuo na avalia\u00e7\u00e3o positiva de seu governo, que voltou a encostar nas considera\u00e7\u00f5es negativas em torno do seu atual mandato, segundo nova pesquisa Quaest divulgada nesta quarta-feira (2).<\/p>\n<p style=\"text-align: justify;\">O mandat\u00e1rio marcou 32% de opini\u00f5es em seu favor, ante 36% no levantamento anterior, realizado em julho. Ele registra ainda 31% de avalia\u00e7\u00f5es negativas, ante 30% na sondagem anterior, e 33% de regulares, contra 30% antes. Disseram n\u00e3o saber ou n\u00e3o quiseram responder 4%.<\/p>\n<p style=\"text-align: justify;\">A empresa de pesquisa e consultoria entrevistou presencialmente nesta rodada 2.000 brasileiros com 16 anos ou mais da \u00faltima quarta-feira (25) at\u00e9 o domingo (29). A margem de erro desta rodada \u00e9 de dois pontos percentuais, para mais ou para menos.<\/p>\n<p style=\"text-align: justify;\">A Quaest ainda questionou os eleitores se aprovam ou n\u00e3o o trabalho que o mandat\u00e1rio est\u00e1 fazendo, ao que 51% dizem avalizar e 45%, reprovar. N\u00e3o souberam ou n\u00e3o quiseram responder, 4%.<\/p>\n<p style=\"text-align: justify;\">O trabalho do Pal\u00e1cio do Planalto \u00e9 mais aprovado no Nordeste, com 69%, e menos aprovado no Sudeste, com 42%, e no Sul, com 45%. A maior desaprova\u00e7\u00e3o tamb\u00e9m est\u00e1 nestas duas \u00faltimas regi\u00f5es, ambas com 53%.<\/p>\n<p style=\"text-align: justify;\">Ainda, para 36% dos eleitores, a atual administra\u00e7\u00e3o n\u00e3o est\u00e1 nem melhor nem pior do que o esperado. S\u00e3o 30% os que veem o terceiro mandato de Lula como melhor que o esperado, e 33%, como pior.<\/p>\n<p style=\"text-align: justify;\">Por fim 38% dos eleitores dizem que o governo est\u00e1 melhor que a gest\u00e3o de Jair Bolsonaro (PL), uma queda de 13 pontos em rela\u00e7\u00e3o \u00e0 pesquisa anterior, na qual marcava 51%. Dizem que est\u00e1 pior 33%, e 22%, que est\u00e1 igual, ante 8% em julho.<\/p>\n<p style=\"text-align: justify;\">O levantamento da Quaest \u00e9 financiado pela corretora de investimentos digital Genial Investimentos, controlada pelo banco Genial.<\/p>\n<p style=\"text-align: justify;\">\n<p style=\"text-align: justify;\"><span class=\"assinatura_exclusiva\">Matheus Tupina\/Folhapress<\/span><\/p>\n","protected":false},"excerpt":{"rendered":"<p>O presidente Lula (PT) teve um recuo na avalia\u00e7\u00e3o positiva de seu governo, que voltou a encostar nas considera\u00e7\u00f5es negativas em torno do seu atual mandato, segundo nova pesquisa Quaest divulgada nesta quarta-feira (2). O mandat\u00e1rio marcou 32% de opini\u00f5es em seu favor, ante 36% no levantamento anterior, realizado em julho. Ele registra ainda 31% [&hellip;]<\/p>\n","protected":false},"author":1,"featured_media":48844,"comment_status":"open","ping_status":"open","sticky":false,"template":"","format":"standard","meta":{"_uag_custom_page_level_css":"","_monsterinsights_skip_tracking":false,"_monsterinsights_sitenote_active":false,"_monsterinsights_sitenote_note":"","_monsterinsights_sitenote_category":0,"jetpack_post_was_ever_published":false,"_jetpack_newsletter_access":"","_jetpack_dont_email_post_to_subs":false,"_jetpack_newsletter_tier_id":0,"_jetpack_memberships_contains_paywalled_content":false,"_jetpack_memberships_contains_paid_content":false,"footnotes":"","jetpack_publicize_message":"","jetpack_publicize_feature_enabled":true,"jetpack_social_post_already_shared":true,"jetpack_social_options":{"image_generator_settings":{"template":"highway","default_image_id":0,"font":"","enabled":false},"version":2}},"categories":[200],"tags":[],"class_list":["post-68658","post","type-post","status-publish","format-standard","has-post-thumbnail","hentry","category-brasil"],"jetpack_publicize_connections":[],"jetpack_featured_media_url":"https:\/\/blogopara.com.br\/wp-content\/uploads\/2023\/01\/Lula-monta-grupo-de-trabalho-para-discutir-salario-minimo-500x333-1.webp","uagb_featured_image_src":{"full":["https:\/\/blogopara.com.br\/wp-content\/uploads\/2023\/01\/Lula-monta-grupo-de-trabalho-para-discutir-salario-minimo-500x333-1.webp",500,333,false],"thumbnail":["https:\/\/blogopara.com.br\/wp-content\/uploads\/2023\/01\/Lula-monta-grupo-de-trabalho-para-discutir-salario-minimo-500x333-1-150x150.webp",150,150,true],"medium":["https:\/\/blogopara.com.br\/wp-content\/uploads\/2023\/01\/Lula-monta-grupo-de-trabalho-para-discutir-salario-minimo-500x333-1-300x200.webp",300,200,true],"medium_large":["https:\/\/blogopara.com.br\/wp-content\/uploads\/2023\/01\/Lula-monta-grupo-de-trabalho-para-discutir-salario-minimo-500x333-1.webp",500,333,false],"large":["https:\/\/blogopara.com.br\/wp-content\/uploads\/2023\/01\/Lula-monta-grupo-de-trabalho-para-discutir-salario-minimo-500x333-1.webp",500,333,false],"1536x1536":["https:\/\/blogopara.com.br\/wp-content\/uploads\/2023\/01\/Lula-monta-grupo-de-trabalho-para-discutir-salario-minimo-500x333-1.webp",500,333,false],"2048x2048":["https:\/\/blogopara.com.br\/wp-content\/uploads\/2023\/01\/Lula-monta-grupo-de-trabalho-para-discutir-salario-minimo-500x333-1.webp",500,333,false],"mantranews-slider-large":["https:\/\/blogopara.com.br\/wp-content\/uploads\/2023\/01\/Lula-monta-grupo-de-trabalho-para-discutir-salario-minimo-500x333-1.webp",500,333,false],"mantranews-featured-medium":["https:\/\/blogopara.com.br\/wp-content\/uploads\/2023\/01\/Lula-monta-grupo-de-trabalho-para-discutir-salario-minimo-500x333-1-420x307.webp",420,307,true],"mantranews-featured-long":["https:\/\/blogopara.com.br\/wp-content\/uploads\/2023\/01\/Lula-monta-grupo-de-trabalho-para-discutir-salario-minimo-500x333-1-300x333.webp",300,333,true],"mantranews-block-medium":["https:\/\/blogopara.com.br\/wp-content\/uploads\/2023\/01\/Lula-monta-grupo-de-trabalho-para-discutir-salario-minimo-500x333-1-464x290.webp",464,290,true],"mantranews-carousel-image":["https:\/\/blogopara.com.br\/wp-content\/uploads\/2023\/01\/Lula-monta-grupo-de-trabalho-para-discutir-salario-minimo-500x333-1.webp",500,333,false],"mantranews-block-thumb":["https:\/\/blogopara.com.br\/wp-content\/uploads\/2023\/01\/Lula-monta-grupo-de-trabalho-para-discutir-salario-minimo-500x333-1-322x230.webp",322,230,true],"mantranews-single-large":["https:\/\/blogopara.com.br\/wp-content\/uploads\/2023\/01\/Lula-monta-grupo-de-trabalho-para-discutir-salario-minimo-500x333-1.webp",500,333,false]},"uagb_author_info":{"display_name":"Reda\u00e7\u00e3o geral","author_link":"https:\/\/blogopara.com.br\/index.php\/author\/blogopara"},"uagb_comment_info":0,"uagb_excerpt":"O presidente Lula (PT) teve um recuo na avalia\u00e7\u00e3o positiva de seu governo, que voltou a encostar nas considera\u00e7\u00f5es negativas em torno do seu atual mandato, segundo nova pesquisa Quaest divulgada nesta quarta-feira (2). O mandat\u00e1rio marcou 32% de opini\u00f5es em seu favor, ante 36% no levantamento anterior, realizado em julho. Ele registra ainda 31%&hellip;","jetpack_sharing_enabled":true,"jetpack_likes_enabled":true,"_links":{"self":[{"href":"https:\/\/blogopara.com.br\/index.php\/wp-json\/wp\/v2\/posts\/68658","targetHints":{"allow":["GET"]}}],"collection":[{"href":"https:\/\/blogopara.com.br\/index.php\/wp-json\/wp\/v2\/posts"}],"about":[{"href":"https:\/\/blogopara.com.br\/index.php\/wp-json\/wp\/v2\/types\/post"}],"author":[{"embeddable":true,"href":"https:\/\/blogopara.com.br\/index.php\/wp-json\/wp\/v2\/users\/1"}],"replies":[{"embeddable":true,"href":"https:\/\/blogopara.com.br\/index.php\/wp-json\/wp\/v2\/comments?post=68658"}],"version-history":[{"count":3,"href":"https:\/\/blogopara.com.br\/index.php\/wp-json\/wp\/v2\/posts\/68658\/revisions"}],"predecessor-version":[{"id":68669,"href":"https:\/\/blogopara.com.br\/index.php\/wp-json\/wp\/v2\/posts\/68658\/revisions\/68669"}],"wp:featuredmedia":[{"embeddable":true,"href":"https:\/\/blogopara.com.br\/index.php\/wp-json\/wp\/v2\/media\/48844"}],"wp:attachment":[{"href":"https:\/\/blogopara.com.br\/index.php\/wp-json\/wp\/v2\/media?parent=68658"}],"wp:term":[{"taxonomy":"category","embeddable":true,"href":"https:\/\/blogopara.com.br\/index.php\/wp-json\/wp\/v2\/categories?post=68658"},{"taxonomy":"post_tag","embeddable":true,"href":"https:\/\/blogopara.com.br\/index.php\/wp-json\/wp\/v2\/tags?post=68658"}],"curies":[{"name":"wp","href":"https:\/\/api.w.org\/{rel}","templated":true}]}}