{"id":68708,"date":"2024-10-03T16:01:25","date_gmt":"2024-10-03T19:01:25","guid":{"rendered":"https:\/\/blogopara.com.br\/?p=68708"},"modified":"2024-10-03T16:01:27","modified_gmt":"2024-10-03T19:01:27","slug":"carmen-lucia-faz-apelo-por-eleicoes-sem-violencia-e-com-foco-no-civismo","status":"publish","type":"post","link":"https:\/\/blogopara.com.br\/index.php\/2024\/10\/03\/carmen-lucia-faz-apelo-por-eleicoes-sem-violencia-e-com-foco-no-civismo","title":{"rendered":"C\u00e1rmen L\u00facia faz apelo por elei\u00e7\u00f5es sem viol\u00eancia e com foco no civismo"},"content":{"rendered":"<p style=\"text-align: justify;\">A ministra C\u00e1rmen L\u00facia, presidente do Tribunal Superior Eleitoral (TSE), fez um apelo para que as elei\u00e7\u00f5es deste domingo ocorram com \u201ctranquilidade democr\u00e1tica, civismo respons\u00e1vel e alegria\u201d, sem pr\u00e1tica de viol\u00eancia. \u201cA gente n\u00e3o espera que as pessoas depositem seus dissabores na vida, ou ideol\u00f3gicos. N\u00e3o esperamos que haja pr\u00e1tica, nem de ofensa, nem de viol\u00eancia, nem de inaceita\u00e7\u00e3o das diferen\u00e7as, porque \u00e9 dessas diferen\u00e7a que realizamos a pluralidade\u201d, afirmou na \u00faltima sess\u00e3o do TSE antes do primeiro turno do pleito municipal.<\/p>\n<p style=\"text-align: justify;\">C\u00e1rmen disse que a Justi\u00e7a Eleitoral adotou todas as provid\u00eancias para aquilo que poderia ser previsto, \u201ccom alguma dificuldade ou por intemp\u00e9ries ou condi\u00e7\u00f5es clim\u00e1ticas\u201d. No in\u00edcio da semana, a ministra citou no programa Roda Viva, da TV Cultura, preocupa\u00e7\u00f5es com a locomo\u00e7\u00e3o dos eleitores no Norte do Pa\u00eds, atingido por uma seca hist\u00f3rica que dificulta o transporte via barco. \u201cTudo que podia ser previsto foi previsto, o que era previs\u00edvel foi adotado como medidas acauteladoras para que nada pudesse dificultar a locomo\u00e7\u00e3o e o livre acesso ao local de vota\u00e7\u00e3o\u201d, disse na sess\u00e3o desta quinta-feira, 3.<\/p>\n<p style=\"text-align: justify;\">\n<p style=\"text-align: justify;\"><span class=\"assinatura_exclusiva\">Lav\u00ednia Kaucz\/Estad\u00e3o Conte\u00fado<\/span><\/p>\n","protected":false},"excerpt":{"rendered":"<p>A ministra C\u00e1rmen L\u00facia, presidente do Tribunal Superior Eleitoral (TSE), fez um apelo para que as elei\u00e7\u00f5es deste domingo ocorram com \u201ctranquilidade democr\u00e1tica, civismo respons\u00e1vel e alegria\u201d, sem pr\u00e1tica de viol\u00eancia. \u201cA gente n\u00e3o espera que as pessoas depositem seus dissabores na vida, ou ideol\u00f3gicos. N\u00e3o esperamos que haja pr\u00e1tica, nem de ofensa, nem de [&hellip;]<\/p>\n","protected":false},"author":1,"featured_media":68709,"comment_status":"open","ping_status":"open","sticky":false,"template":"","format":"standard","meta":{"_uag_custom_page_level_css":"","_monsterinsights_skip_tracking":false,"_monsterinsights_sitenote_active":false,"_monsterinsights_sitenote_note":"","_monsterinsights_sitenote_category":0,"jetpack_post_was_ever_published":false,"_jetpack_newsletter_access":"","_jetpack_dont_email_post_to_subs":false,"_jetpack_newsletter_tier_id":0,"_jetpack_memberships_contains_paywalled_content":false,"_jetpack_memberships_contains_paid_content":false,"footnotes":"","jetpack_publicize_message":"","jetpack_publicize_feature_enabled":true,"jetpack_social_post_already_shared":true,"jetpack_social_options":{"image_generator_settings":{"template":"highway","default_image_id":0,"font":"","enabled":false},"version":2}},"categories":[200],"tags":[],"class_list":["post-68708","post","type-post","status-publish","format-standard","has-post-thumbnail","hentry","category-brasil"],"jetpack_publicize_connections":[],"jetpack_featured_media_url":"https:\/\/blogopara.com.br\/wp-content\/uploads\/2024\/10\/1044404-1_120916wdo000119.jpg","uagb_featured_image_src":{"full":["https:\/\/blogopara.com.br\/wp-content\/uploads\/2024\/10\/1044404-1_120916wdo000119.jpg",500,299,false],"thumbnail":["https:\/\/blogopara.com.br\/wp-content\/uploads\/2024\/10\/1044404-1_120916wdo000119-150x150.jpg",150,150,true],"medium":["https:\/\/blogopara.com.br\/wp-content\/uploads\/2024\/10\/1044404-1_120916wdo000119-300x179.jpg",300,179,true],"medium_large":["https:\/\/blogopara.com.br\/wp-content\/uploads\/2024\/10\/1044404-1_120916wdo000119.jpg",500,299,false],"large":["https:\/\/blogopara.com.br\/wp-content\/uploads\/2024\/10\/1044404-1_120916wdo000119.jpg",500,299,false],"1536x1536":["https:\/\/blogopara.com.br\/wp-content\/uploads\/2024\/10\/1044404-1_120916wdo000119.jpg",500,299,false],"2048x2048":["https:\/\/blogopara.com.br\/wp-content\/uploads\/2024\/10\/1044404-1_120916wdo000119.jpg",500,299,false],"mantranews-slider-large":["https:\/\/blogopara.com.br\/wp-content\/uploads\/2024\/10\/1044404-1_120916wdo000119.jpg",500,299,false],"mantranews-featured-medium":["https:\/\/blogopara.com.br\/wp-content\/uploads\/2024\/10\/1044404-1_120916wdo000119-420x299.jpg",420,299,true],"mantranews-featured-long":["https:\/\/blogopara.com.br\/wp-content\/uploads\/2024\/10\/1044404-1_120916wdo000119-300x299.jpg",300,299,true],"mantranews-block-medium":["https:\/\/blogopara.com.br\/wp-content\/uploads\/2024\/10\/1044404-1_120916wdo000119-464x290.jpg",464,290,true],"mantranews-carousel-image":["https:\/\/blogopara.com.br\/wp-content\/uploads\/2024\/10\/1044404-1_120916wdo000119.jpg",500,299,false],"mantranews-block-thumb":["https:\/\/blogopara.com.br\/wp-content\/uploads\/2024\/10\/1044404-1_120916wdo000119-322x230.jpg",322,230,true],"mantranews-single-large":["https:\/\/blogopara.com.br\/wp-content\/uploads\/2024\/10\/1044404-1_120916wdo000119.jpg",500,299,false]},"uagb_author_info":{"display_name":"Reda\u00e7\u00e3o geral","author_link":"https:\/\/blogopara.com.br\/index.php\/author\/blogopara"},"uagb_comment_info":0,"uagb_excerpt":"A ministra C\u00e1rmen L\u00facia, presidente do Tribunal Superior Eleitoral (TSE), fez um apelo para que as elei\u00e7\u00f5es deste domingo ocorram com \u201ctranquilidade democr\u00e1tica, civismo respons\u00e1vel e alegria\u201d, sem pr\u00e1tica de viol\u00eancia. \u201cA gente n\u00e3o espera que as pessoas depositem seus dissabores na vida, ou ideol\u00f3gicos. N\u00e3o esperamos que haja pr\u00e1tica, nem de ofensa, nem de&hellip;","jetpack_sharing_enabled":true,"jetpack_likes_enabled":true,"_links":{"self":[{"href":"https:\/\/blogopara.com.br\/index.php\/wp-json\/wp\/v2\/posts\/68708","targetHints":{"allow":["GET"]}}],"collection":[{"href":"https:\/\/blogopara.com.br\/index.php\/wp-json\/wp\/v2\/posts"}],"about":[{"href":"https:\/\/blogopara.com.br\/index.php\/wp-json\/wp\/v2\/types\/post"}],"author":[{"embeddable":true,"href":"https:\/\/blogopara.com.br\/index.php\/wp-json\/wp\/v2\/users\/1"}],"replies":[{"embeddable":true,"href":"https:\/\/blogopara.com.br\/index.php\/wp-json\/wp\/v2\/comments?post=68708"}],"version-history":[{"count":1,"href":"https:\/\/blogopara.com.br\/index.php\/wp-json\/wp\/v2\/posts\/68708\/revisions"}],"predecessor-version":[{"id":68710,"href":"https:\/\/blogopara.com.br\/index.php\/wp-json\/wp\/v2\/posts\/68708\/revisions\/68710"}],"wp:featuredmedia":[{"embeddable":true,"href":"https:\/\/blogopara.com.br\/index.php\/wp-json\/wp\/v2\/media\/68709"}],"wp:attachment":[{"href":"https:\/\/blogopara.com.br\/index.php\/wp-json\/wp\/v2\/media?parent=68708"}],"wp:term":[{"taxonomy":"category","embeddable":true,"href":"https:\/\/blogopara.com.br\/index.php\/wp-json\/wp\/v2\/categories?post=68708"},{"taxonomy":"post_tag","embeddable":true,"href":"https:\/\/blogopara.com.br\/index.php\/wp-json\/wp\/v2\/tags?post=68708"}],"curies":[{"name":"wp","href":"https:\/\/api.w.org\/{rel}","templated":true}]}}