{"id":68719,"date":"2024-10-04T14:01:24","date_gmt":"2024-10-04T17:01:24","guid":{"rendered":"https:\/\/blogopara.com.br\/?p=68719"},"modified":"2024-10-04T14:01:27","modified_gmt":"2024-10-04T17:01:27","slug":"chuva-de-ovadas-jeronimo-atacado-pelo-proprio-pt-em-jeremoabo","status":"publish","type":"post","link":"https:\/\/blogopara.com.br\/index.php\/2024\/10\/04\/chuva-de-ovadas-jeronimo-atacado-pelo-proprio-pt-em-jeremoabo","title":{"rendered":"CHUVA DE OVADAS: Jer\u00f4nimo atacado pelo pr\u00f3prio PT em Jeremoabo"},"content":{"rendered":"<p style=\"text-align: justify;\">O governador Jer\u00f4nimo Rodrigues (PT) foi alvo de uma chuva de ovadas na cidade de Jeremoabo, na manh\u00e3 desta sexta-feira (04\/10). Militantes do pr\u00f3prio PT, partido de Jer\u00f4nimo, teriam sido os autores do ataque. Os deputados M\u00e1rio J\u00fanior e Niltinho, ambos do PP, testemunharam a revolta do povo.<img decoding=\"async\" id=\"clever-75989-1075246-cube-overlay\" style=\"color: initial;\" src=\"https:\/\/assets.cleverwebserver.com\/Pixel.gif\" alt=\"overlay-clever\" \/><\/p>\n<p style=\"text-align: justify;\">O grupo est\u00e1 revoltado porque Jer\u00f4nimo declarou apoio ao candidato do PP, Mateus de Deri de Paloma, contrariando o pr\u00f3prio partido. A presidenta do PT no munic\u00edpio chegou a ser amea\u00e7ada de pris\u00e3o. Portanto, n\u00e3o foi detida.<\/p>\n<div style=\"width: 640px;\" class=\"wp-video\"><!--[if lt IE 9]><script>document.createElement('video');<\/script><![endif]-->\n<video class=\"wp-video-shortcode\" id=\"video-68719-1\" width=\"640\" height=\"800\" preload=\"metadata\" controls=\"controls\"><source type=\"video\/mp4\" src=\"https:\/\/blogopara.com.br\/wp-content\/uploads\/2024\/10\/WhatsApp-Video-2024-10-04-at-13.32.34.mp4?_=1\" \/><a href=\"https:\/\/blogopara.com.br\/wp-content\/uploads\/2024\/10\/WhatsApp-Video-2024-10-04-at-13.32.34.mp4\">https:\/\/blogopara.com.br\/wp-content\/uploads\/2024\/10\/WhatsApp-Video-2024-10-04-at-13.32.34.mp4<\/a><\/video><\/div>\n","protected":false},"excerpt":{"rendered":"<p>O governador Jer\u00f4nimo Rodrigues (PT) foi alvo de uma chuva de ovadas na cidade de Jeremoabo, na manh\u00e3 desta sexta-feira (04\/10). Militantes do pr\u00f3prio PT, partido de Jer\u00f4nimo, teriam sido os autores do ataque. Os deputados M\u00e1rio J\u00fanior e Niltinho, ambos do PP, testemunharam a revolta do povo. O grupo est\u00e1 revoltado porque Jer\u00f4nimo declarou [&hellip;]<\/p>\n","protected":false},"author":1,"featured_media":68720,"comment_status":"open","ping_status":"open","sticky":false,"template":"","format":"standard","meta":{"_uag_custom_page_level_css":"","_monsterinsights_skip_tracking":false,"_monsterinsights_sitenote_active":false,"_monsterinsights_sitenote_note":"","_monsterinsights_sitenote_category":0,"jetpack_post_was_ever_published":false,"_jetpack_newsletter_access":"","_jetpack_dont_email_post_to_subs":false,"_jetpack_newsletter_tier_id":0,"_jetpack_memberships_contains_paywalled_content":false,"_jetpack_memberships_contains_paid_content":false,"footnotes":"","jetpack_publicize_message":"","jetpack_publicize_feature_enabled":true,"jetpack_social_post_already_shared":true,"jetpack_social_options":{"image_generator_settings":{"template":"highway","default_image_id":0,"font":"","enabled":false},"version":2}},"categories":[199],"tags":[8075],"class_list":["post-68719","post","type-post","status-publish","format-standard","has-post-thumbnail","hentry","category-bahia","tag-jeronimo-rodrigues"],"jetpack_publicize_connections":[],"jetpack_featured_media_url":"https:\/\/blogopara.com.br\/wp-content\/uploads\/2024\/10\/CHUVA-DE-OVADAS-em-Jeronimo-696x415-1.jpeg","uagb_featured_image_src":{"full":["https:\/\/blogopara.com.br\/wp-content\/uploads\/2024\/10\/CHUVA-DE-OVADAS-em-Jeronimo-696x415-1.jpeg",500,298,false],"thumbnail":["https:\/\/blogopara.com.br\/wp-content\/uploads\/2024\/10\/CHUVA-DE-OVADAS-em-Jeronimo-696x415-1-150x150.jpeg",150,150,true],"medium":["https:\/\/blogopara.com.br\/wp-content\/uploads\/2024\/10\/CHUVA-DE-OVADAS-em-Jeronimo-696x415-1-300x179.jpeg",300,179,true],"medium_large":["https:\/\/blogopara.com.br\/wp-content\/uploads\/2024\/10\/CHUVA-DE-OVADAS-em-Jeronimo-696x415-1.jpeg",500,298,false],"large":["https:\/\/blogopara.com.br\/wp-content\/uploads\/2024\/10\/CHUVA-DE-OVADAS-em-Jeronimo-696x415-1.jpeg",500,298,false],"1536x1536":["https:\/\/blogopara.com.br\/wp-content\/uploads\/2024\/10\/CHUVA-DE-OVADAS-em-Jeronimo-696x415-1.jpeg",500,298,false],"2048x2048":["https:\/\/blogopara.com.br\/wp-content\/uploads\/2024\/10\/CHUVA-DE-OVADAS-em-Jeronimo-696x415-1.jpeg",500,298,false],"mantranews-slider-large":["https:\/\/blogopara.com.br\/wp-content\/uploads\/2024\/10\/CHUVA-DE-OVADAS-em-Jeronimo-696x415-1.jpeg",500,298,false],"mantranews-featured-medium":["https:\/\/blogopara.com.br\/wp-content\/uploads\/2024\/10\/CHUVA-DE-OVADAS-em-Jeronimo-696x415-1-420x298.jpeg",420,298,true],"mantranews-featured-long":["https:\/\/blogopara.com.br\/wp-content\/uploads\/2024\/10\/CHUVA-DE-OVADAS-em-Jeronimo-696x415-1-300x298.jpeg",300,298,true],"mantranews-block-medium":["https:\/\/blogopara.com.br\/wp-content\/uploads\/2024\/10\/CHUVA-DE-OVADAS-em-Jeronimo-696x415-1-464x290.jpeg",464,290,true],"mantranews-carousel-image":["https:\/\/blogopara.com.br\/wp-content\/uploads\/2024\/10\/CHUVA-DE-OVADAS-em-Jeronimo-696x415-1.jpeg",500,298,false],"mantranews-block-thumb":["https:\/\/blogopara.com.br\/wp-content\/uploads\/2024\/10\/CHUVA-DE-OVADAS-em-Jeronimo-696x415-1-322x230.jpeg",322,230,true],"mantranews-single-large":["https:\/\/blogopara.com.br\/wp-content\/uploads\/2024\/10\/CHUVA-DE-OVADAS-em-Jeronimo-696x415-1.jpeg",500,298,false]},"uagb_author_info":{"display_name":"Reda\u00e7\u00e3o geral","author_link":"https:\/\/blogopara.com.br\/index.php\/author\/blogopara"},"uagb_comment_info":0,"uagb_excerpt":"O governador Jer\u00f4nimo Rodrigues (PT) foi alvo de uma chuva de ovadas na cidade de Jeremoabo, na manh\u00e3 desta sexta-feira (04\/10). Militantes do pr\u00f3prio PT, partido de Jer\u00f4nimo, teriam sido os autores do ataque. Os deputados M\u00e1rio J\u00fanior e Niltinho, ambos do PP, testemunharam a revolta do povo. O grupo est\u00e1 revoltado porque Jer\u00f4nimo declarou&hellip;","jetpack_sharing_enabled":true,"jetpack_likes_enabled":true,"_links":{"self":[{"href":"https:\/\/blogopara.com.br\/index.php\/wp-json\/wp\/v2\/posts\/68719","targetHints":{"allow":["GET"]}}],"collection":[{"href":"https:\/\/blogopara.com.br\/index.php\/wp-json\/wp\/v2\/posts"}],"about":[{"href":"https:\/\/blogopara.com.br\/index.php\/wp-json\/wp\/v2\/types\/post"}],"author":[{"embeddable":true,"href":"https:\/\/blogopara.com.br\/index.php\/wp-json\/wp\/v2\/users\/1"}],"replies":[{"embeddable":true,"href":"https:\/\/blogopara.com.br\/index.php\/wp-json\/wp\/v2\/comments?post=68719"}],"version-history":[{"count":1,"href":"https:\/\/blogopara.com.br\/index.php\/wp-json\/wp\/v2\/posts\/68719\/revisions"}],"predecessor-version":[{"id":68722,"href":"https:\/\/blogopara.com.br\/index.php\/wp-json\/wp\/v2\/posts\/68719\/revisions\/68722"}],"wp:featuredmedia":[{"embeddable":true,"href":"https:\/\/blogopara.com.br\/index.php\/wp-json\/wp\/v2\/media\/68720"}],"wp:attachment":[{"href":"https:\/\/blogopara.com.br\/index.php\/wp-json\/wp\/v2\/media?parent=68719"}],"wp:term":[{"taxonomy":"category","embeddable":true,"href":"https:\/\/blogopara.com.br\/index.php\/wp-json\/wp\/v2\/categories?post=68719"},{"taxonomy":"post_tag","embeddable":true,"href":"https:\/\/blogopara.com.br\/index.php\/wp-json\/wp\/v2\/tags?post=68719"}],"curies":[{"name":"wp","href":"https:\/\/api.w.org\/{rel}","templated":true}]}}