{"id":68799,"date":"2024-10-08T08:30:39","date_gmt":"2024-10-08T11:30:39","guid":{"rendered":"https:\/\/blogopara.com.br\/?p=68799"},"modified":"2024-10-08T08:30:42","modified_gmt":"2024-10-08T11:30:42","slug":"confira-as-vagas-de-emprego-disponiveis-para-essa-terca-feira-10-em-petrolina-pe","status":"publish","type":"post","link":"https:\/\/blogopara.com.br\/index.php\/2024\/10\/08\/confira-as-vagas-de-emprego-disponiveis-para-essa-terca-feira-10-em-petrolina-pe","title":{"rendered":"Confira as vagas de emprego dispon\u00edveis para essa ter\u00e7a-feira (10) em Petrolina (PE)"},"content":{"rendered":"<p style=\"text-align: justify;\">Confira abaixo, as vagas de emprego para Petrolina (PE) dispon\u00edveis para essa ter\u00e7a-feira (10). A Ag\u00eancia do Trabalho fica na Avenida Manoel dos Arroz, s\/n, Vila Moc\u00f3, Petrolina \u2013 PE.<\/p>\n<p style=\"text-align: justify;\">01 vaga Administrador de Marketing<br \/>\n01 vaga Assistente Administrativo<br \/>\n01 vaga Assistente de Planejamento de Manuten\u00e7\u00e3o<br \/>\n06 vagas Auxiliar de Limpeza<br \/>\n02 vagas Encarregado de Tesouraria<br \/>\n01 vaga Operador de Empilhadeira<br \/>\n02 vaga Auxiliar de Manuten\u00e7\u00e3o Predial<br \/>\n01 vaga Controlador de Pragas<br \/>\n01 vaga Oficial de Manuten\u00e7\u00e3o<br \/>\n04 vagas Costureira em Geral<br \/>\n01 vaga Pintor (Artes Visuais)<br \/>\n30 vagas Auxiliar de pedreiro<br \/>\n05 vagas Pedreiro<br \/>\n01 vaga Salgadeiro<br \/>\n09 vagas Selecionador e Embalador de Colheitas Agr\u00edcolas<br \/>\n01 vaga T\u00e9cnico em Edifica\u00e7\u00f5es<br \/>\n333 vagas Trabalhar Rural<br \/>\n01 vaga Serigrafista<br \/>\n01 vaga Cozinheiro Geral<br \/>\n01 vaga Mec\u00e2nico de Refrigera\u00e7\u00e3o<\/p>\n","protected":false},"excerpt":{"rendered":"<p>Confira abaixo, as vagas de emprego para Petrolina (PE) dispon\u00edveis para essa ter\u00e7a-feira (10). A Ag\u00eancia do Trabalho fica na Avenida Manoel dos Arroz, s\/n, Vila Moc\u00f3, Petrolina \u2013 PE. 01 vaga Administrador de Marketing 01 vaga Assistente Administrativo 01 vaga Assistente de Planejamento de Manuten\u00e7\u00e3o 06 vagas Auxiliar de Limpeza 02 vagas Encarregado de [&hellip;]<\/p>\n","protected":false},"author":1,"featured_media":18370,"comment_status":"open","ping_status":"open","sticky":false,"template":"","format":"standard","meta":{"_uag_custom_page_level_css":"","_monsterinsights_skip_tracking":false,"_monsterinsights_sitenote_active":false,"_monsterinsights_sitenote_note":"","_monsterinsights_sitenote_category":0,"jetpack_post_was_ever_published":false,"_jetpack_newsletter_access":"","_jetpack_dont_email_post_to_subs":false,"_jetpack_newsletter_tier_id":0,"_jetpack_memberships_contains_paywalled_content":false,"_jetpack_memberships_contains_paid_content":false,"footnotes":"","jetpack_publicize_message":"","jetpack_publicize_feature_enabled":true,"jetpack_social_post_already_shared":true,"jetpack_social_options":{"image_generator_settings":{"template":"highway","default_image_id":0,"font":"","enabled":false},"version":2}},"categories":[851],"tags":[],"class_list":["post-68799","post","type-post","status-publish","format-standard","has-post-thumbnail","hentry","category-petrolina"],"jetpack_publicize_connections":[],"jetpack_featured_media_url":"https:\/\/blogopara.com.br\/wp-content\/uploads\/2021\/01\/carteira-de-trabalho-desemprego.jpg","uagb_featured_image_src":{"full":["https:\/\/blogopara.com.br\/wp-content\/uploads\/2021\/01\/carteira-de-trabalho-desemprego.jpg",500,354,false],"thumbnail":["https:\/\/blogopara.com.br\/wp-content\/uploads\/2021\/01\/carteira-de-trabalho-desemprego-150x150.jpg",150,150,true],"medium":["https:\/\/blogopara.com.br\/wp-content\/uploads\/2021\/01\/carteira-de-trabalho-desemprego-300x212.jpg",300,212,true],"medium_large":["https:\/\/blogopara.com.br\/wp-content\/uploads\/2021\/01\/carteira-de-trabalho-desemprego.jpg",500,354,false],"large":["https:\/\/blogopara.com.br\/wp-content\/uploads\/2021\/01\/carteira-de-trabalho-desemprego.jpg",500,354,false],"1536x1536":["https:\/\/blogopara.com.br\/wp-content\/uploads\/2021\/01\/carteira-de-trabalho-desemprego.jpg",500,354,false],"2048x2048":["https:\/\/blogopara.com.br\/wp-content\/uploads\/2021\/01\/carteira-de-trabalho-desemprego.jpg",500,354,false],"mantranews-slider-large":["https:\/\/blogopara.com.br\/wp-content\/uploads\/2021\/01\/carteira-de-trabalho-desemprego.jpg",500,354,false],"mantranews-featured-medium":["https:\/\/blogopara.com.br\/wp-content\/uploads\/2021\/01\/carteira-de-trabalho-desemprego-420x307.jpg",420,307,true],"mantranews-featured-long":["https:\/\/blogopara.com.br\/wp-content\/uploads\/2021\/01\/carteira-de-trabalho-desemprego-300x354.jpg",300,354,true],"mantranews-block-medium":["https:\/\/blogopara.com.br\/wp-content\/uploads\/2021\/01\/carteira-de-trabalho-desemprego-464x290.jpg",464,290,true],"mantranews-carousel-image":["https:\/\/blogopara.com.br\/wp-content\/uploads\/2021\/01\/carteira-de-trabalho-desemprego.jpg",500,354,false],"mantranews-block-thumb":["https:\/\/blogopara.com.br\/wp-content\/uploads\/2021\/01\/carteira-de-trabalho-desemprego-322x230.jpg",322,230,true],"mantranews-single-large":["https:\/\/blogopara.com.br\/wp-content\/uploads\/2021\/01\/carteira-de-trabalho-desemprego.jpg",500,354,false]},"uagb_author_info":{"display_name":"Reda\u00e7\u00e3o geral","author_link":"https:\/\/blogopara.com.br\/index.php\/author\/blogopara"},"uagb_comment_info":0,"uagb_excerpt":"Confira abaixo, as vagas de emprego para Petrolina (PE) dispon\u00edveis para essa ter\u00e7a-feira (10). A Ag\u00eancia do Trabalho fica na Avenida Manoel dos Arroz, s\/n, Vila Moc\u00f3, Petrolina \u2013 PE. 01 vaga Administrador de Marketing 01 vaga Assistente Administrativo 01 vaga Assistente de Planejamento de Manuten\u00e7\u00e3o 06 vagas Auxiliar de Limpeza 02 vagas Encarregado de&hellip;","jetpack_sharing_enabled":true,"jetpack_likes_enabled":true,"_links":{"self":[{"href":"https:\/\/blogopara.com.br\/index.php\/wp-json\/wp\/v2\/posts\/68799","targetHints":{"allow":["GET"]}}],"collection":[{"href":"https:\/\/blogopara.com.br\/index.php\/wp-json\/wp\/v2\/posts"}],"about":[{"href":"https:\/\/blogopara.com.br\/index.php\/wp-json\/wp\/v2\/types\/post"}],"author":[{"embeddable":true,"href":"https:\/\/blogopara.com.br\/index.php\/wp-json\/wp\/v2\/users\/1"}],"replies":[{"embeddable":true,"href":"https:\/\/blogopara.com.br\/index.php\/wp-json\/wp\/v2\/comments?post=68799"}],"version-history":[{"count":1,"href":"https:\/\/blogopara.com.br\/index.php\/wp-json\/wp\/v2\/posts\/68799\/revisions"}],"predecessor-version":[{"id":68800,"href":"https:\/\/blogopara.com.br\/index.php\/wp-json\/wp\/v2\/posts\/68799\/revisions\/68800"}],"wp:featuredmedia":[{"embeddable":true,"href":"https:\/\/blogopara.com.br\/index.php\/wp-json\/wp\/v2\/media\/18370"}],"wp:attachment":[{"href":"https:\/\/blogopara.com.br\/index.php\/wp-json\/wp\/v2\/media?parent=68799"}],"wp:term":[{"taxonomy":"category","embeddable":true,"href":"https:\/\/blogopara.com.br\/index.php\/wp-json\/wp\/v2\/categories?post=68799"},{"taxonomy":"post_tag","embeddable":true,"href":"https:\/\/blogopara.com.br\/index.php\/wp-json\/wp\/v2\/tags?post=68799"}],"curies":[{"name":"wp","href":"https:\/\/api.w.org\/{rel}","templated":true}]}}